{"id":10242,"date":"2020-11-13T19:03:50","date_gmt":"2020-11-13T22:03:50","guid":{"rendered":"http:\/\/zepaiva.com\/?p=10242"},"modified":"2020-11-13T19:03:50","modified_gmt":"2020-11-13T22:03:50","slug":"feira-arte-foto-2020","status":"publish","type":"post","link":"https:\/\/zepaiva.com\/en\/feira-arte-foto-2020\/","title":{"rendered":"Feira Arte Foto 2020"},"content":{"rendered":"<p>Aconteceu de 9 de outubro a 9 de novembro a 5\u00aa edi\u00e7\u00e3o da Feira Arte Foto, uma realiza\u00e7\u00e3o do <a href=\"https:\/\/nefa.com.br\/conversas-arte-foto\" target=\"_blank\" rel=\"noreferrer noopener\">NEFA, N\u00facleo de Estudos em Fotografia e Arte<\/a> , em parceria com a <a href=\"https:\/\/www.helenafretta.com.br\/feira-arte-foto-2\/\" target=\"_blank\" rel=\"noreferrer noopener\">Helena Fretta Galeria de Arte<\/a>, em Florian\u00f3polis. A feira reuniu 34 artistas com as mais diversas linguagens: desde fotografia documental at\u00e9 foto-objetos, interfer\u00eancias com pintura e experimenta\u00e7\u00f5es. A Feira Arte Foto teve a curadoria de Lucila Horn, que tamb\u00e9m coordena o NEFA.<\/p>\n\n\n\n<div class=\"wp-block-jetpack-tiled-gallery aligncenter is-style-square\"><div class=\"tiled-gallery__gallery\"><div class=\"tiled-gallery__row columns-3\"><div class=\"tiled-gallery__col\"><figure class=\"tiled-gallery__item\"><img decoding=\"async\" srcset=\"https:\/\/zepaiva.com\/wp-content\/uploads\/2020\/11\/vista20d02912-edit.jpg?resize=600,600&#038;strip=info 600w,https:\/\/zepaiva.com\/wp-content\/uploads\/2020\/11\/vista20d02912-edit.jpg?resize=720,720&#038;strip=info 720w\" alt=\"\" data-height=\"720\" data-id=\"10248\" data-link=\"http:\/\/zepaiva.com\/florianopolis-santa-catarina-foto-de-ze-paiva-vista-imagens-165\/\" data-url=\"https:\/\/zepaiva.com\/wp-content\/uploads\/2020\/11\/vista20d02912-edit.jpg\" data-width=\"1080\" src=\"https:\/\/zepaiva.com\/wp-content\/uploads\/2020\/11\/vista20d02912-edit.jpg?resize=720%2C720\" \/><\/figure><\/div><div class=\"tiled-gallery__col\"><figure class=\"tiled-gallery__item\"><img decoding=\"async\" srcset=\"https:\/\/zepaiva.com\/wp-content\/uploads\/2020\/11\/vista20d02915.jpg?resize=600,600&#038;strip=info 600w,https:\/\/zepaiva.com\/wp-content\/uploads\/2020\/11\/vista20d02915.jpg?resize=720,720&#038;strip=info 720w\" alt=\"\" data-height=\"720\" data-id=\"10249\" data-link=\"http:\/\/zepaiva.com\/florianopolis-santa-catarina-foto-de-ze-paiva-vista-imagens-166\/\" data-url=\"https:\/\/zepaiva.com\/wp-content\/uploads\/2020\/11\/vista20d02915.jpg\" data-width=\"1080\" src=\"https:\/\/zepaiva.com\/wp-content\/uploads\/2020\/11\/vista20d02915.jpg?resize=720%2C720\" \/><\/figure><\/div><div class=\"tiled-gallery__col\"><figure class=\"tiled-gallery__item\"><img decoding=\"async\" srcset=\"https:\/\/zepaiva.com\/wp-content\/uploads\/2020\/11\/vista20d02917.jpg?resize=600,600&#038;strip=info 600w,https:\/\/zepaiva.com\/wp-content\/uploads\/2020\/11\/vista20d02917.jpg?resize=720,720&#038;strip=info 720w\" alt=\"\" data-height=\"720\" data-id=\"10250\" data-link=\"http:\/\/zepaiva.com\/florianopolis-santa-catarina-foto-de-ze-paiva-vista-imagens-167\/\" data-url=\"https:\/\/zepaiva.com\/wp-content\/uploads\/2020\/11\/vista20d02917.jpg\" data-width=\"1080\" src=\"https:\/\/zepaiva.com\/wp-content\/uploads\/2020\/11\/vista20d02917.jpg?resize=720%2C720\" \/><\/figure><\/div><\/div><div class=\"tiled-gallery__row columns-3\"><div class=\"tiled-gallery__col\"><figure class=\"tiled-gallery__item\"><img decoding=\"async\" srcset=\"https:\/\/zepaiva.com\/wp-content\/uploads\/2020\/11\/vista20d02919.jpg?resize=600,600&#038;strip=info 600w,https:\/\/zepaiva.com\/wp-content\/uploads\/2020\/11\/vista20d02919.jpg?resize=720,720&#038;strip=info 720w\" alt=\"\" data-height=\"720\" data-id=\"10251\" data-link=\"http:\/\/zepaiva.com\/florianopolis-santa-catarina-foto-de-ze-paiva-vista-imagens-168\/\" data-url=\"https:\/\/zepaiva.com\/wp-content\/uploads\/2020\/11\/vista20d02919.jpg\" data-width=\"1080\" src=\"https:\/\/zepaiva.com\/wp-content\/uploads\/2020\/11\/vista20d02919.jpg?resize=720%2C720\" \/><\/figure><\/div><div class=\"tiled-gallery__col\"><figure class=\"tiled-gallery__item\"><img decoding=\"async\" srcset=\"https:\/\/zepaiva.com\/wp-content\/uploads\/2020\/11\/vista20d02920.jpg?resize=600,600&#038;strip=info 600w,https:\/\/zepaiva.com\/wp-content\/uploads\/2020\/11\/vista20d02920.jpg?resize=720,720&#038;strip=info 720w\" alt=\"\" data-height=\"720\" data-id=\"10252\" data-link=\"http:\/\/zepaiva.com\/florianopolis-santa-catarina-foto-de-ze-paiva-vista-imagens-169\/\" data-url=\"https:\/\/zepaiva.com\/wp-content\/uploads\/2020\/11\/vista20d02920.jpg\" data-width=\"1080\" src=\"https:\/\/zepaiva.com\/wp-content\/uploads\/2020\/11\/vista20d02920.jpg?resize=720%2C720\" \/><\/figure><\/div><div class=\"tiled-gallery__col\"><figure class=\"tiled-gallery__item\"><img decoding=\"async\" srcset=\"https:\/\/zepaiva.com\/wp-content\/uploads\/2020\/11\/vista20d02923.jpg?resize=600,600&#038;strip=info 600w,https:\/\/zepaiva.com\/wp-content\/uploads\/2020\/11\/vista20d02923.jpg?resize=720,720&#038;strip=info 720w\" alt=\"\" data-height=\"720\" data-id=\"10253\" data-link=\"http:\/\/zepaiva.com\/florianopolis-santa-catarina-foto-de-ze-paiva-vista-imagens-170\/\" data-url=\"https:\/\/zepaiva.com\/wp-content\/uploads\/2020\/11\/vista20d02923.jpg\" data-width=\"1080\" src=\"https:\/\/zepaiva.com\/wp-content\/uploads\/2020\/11\/vista20d02923.jpg?resize=720%2C720\" \/><\/figure><\/div><\/div><\/div><\/div>\n\n\n\n<p>A feira deste ano foi um pouco diferente das anteriores devido a pandemia do novo corona v\u00edrus. N\u00e3o teve uma abertura formal, com p\u00fablico e coquetel. Por outro lado teve um <a rel=\"noreferrer noopener\" href=\"https:\/\/www.calameo.com\/books\/004095558d06918a52e87\" target=\"_blank\">cat\u00e1logo digital<\/a> que pode ser acessado por este <a rel=\"noreferrer noopener\" href=\"https:\/\/www.calameo.com\/books\/004095558d06918a52e87\" target=\"_blank\">link<\/a>, e v\u00e1rias <a rel=\"noreferrer noopener\" href=\"https:\/\/www.facebook.com\/369630917185484\/posts\/832613577553880\/?sfnsn=wiwspmo\" target=\"_blank\">conversas online<\/a>, debatendo fotografia autoral com diversos convidados.<\/p>\n\n\n\n<p>Havia muitos trabalhos interessantes na exposi\u00e7\u00e3o, mas um dos que mais me impactou foi a s\u00e9rie Surreal Landscapes, da artista <a rel=\"noreferrer noopener\" href=\"https:\/\/www.anasabia.com\" target=\"_blank\">Ana Sabi\u00e1.<\/a> Nesta s\u00e9rie a artista fotografou detalhes dos jardins de Inhotim, o famoso centro cultural em Brumadinho MG, e alterou as cores dando um efeito surpreendente. Tive a honra de participar da mostra com 3 obras da s\u00e9rie Po\u00e9tica do Mar que est\u00e3o venda na <a rel=\"noreferrer noopener\" href=\"https:\/\/www.helenafretta.com.br\/acervo-obras\/zepaiva\/\" target=\"_blank\">Galeria Helena Fretta.<\/a><\/p>","protected":false},"excerpt":{"rendered":"<p>Aconteceu de 9 de outubro a 9 de novembro a 5\u00aa edi\u00e7\u00e3o da Feira Arte Foto, uma realiza\u00e7\u00e3o do NEFA, N\u00facleo de Estudos em Fotografia e Arte , em parceria com a Helena Fretta Galeria de Arte, em Florian\u00f3polis. A feira reuniu 34 artistas com as mais diversas linguagens: desde fotografia documental at\u00e9 foto-objetos, interfer\u00eancias &hellip; <a href=\"https:\/\/zepaiva.com\/en\/feira-arte-foto-2020\/\" class=\"more-link\">Continue reading <span class=\"screen-reader-text\">Feira Arte Foto 2020<\/span> <span class=\"meta-nav\">&rarr;<\/span><\/a><\/p>","protected":false},"author":1,"featured_media":10248,"comment_status":"open","ping_status":"open","sticky":false,"template":"","format":"standard","meta":{"_jetpack_memberships_contains_paid_content":false,"footnotes":""},"categories":[5],"tags":[64,135,168,176,203,205,218,335],"class_list":["post-10242","post","type-post","status-publish","format-standard","has-post-thumbnail","hentry","category-exposicoes","tag-autoral","tag-decoracao","tag-exposicao","tag-feira-arte-foto","tag-fotografia","tag-fotografia-autoral","tag-galeria","tag-nefa"],"jetpack_featured_media_url":"","jetpack_sharing_enabled":true,"_links":{"self":[{"href":"https:\/\/zepaiva.com\/en\/wp-json\/wp\/v2\/posts\/10242","targetHints":{"allow":["GET"]}}],"collection":[{"href":"https:\/\/zepaiva.com\/en\/wp-json\/wp\/v2\/posts"}],"about":[{"href":"https:\/\/zepaiva.com\/en\/wp-json\/wp\/v2\/types\/post"}],"author":[{"embeddable":true,"href":"https:\/\/zepaiva.com\/en\/wp-json\/wp\/v2\/users\/1"}],"replies":[{"embeddable":true,"href":"https:\/\/zepaiva.com\/en\/wp-json\/wp\/v2\/comments?post=10242"}],"version-history":[{"count":0,"href":"https:\/\/zepaiva.com\/en\/wp-json\/wp\/v2\/posts\/10242\/revisions"}],"wp:featuredmedia":[{"embeddable":true,"href":"https:\/\/zepaiva.com\/en\/wp-json\/"}],"wp:attachment":[{"href":"https:\/\/zepaiva.com\/en\/wp-json\/wp\/v2\/media?parent=10242"}],"wp:term":[{"taxonomy":"category","embeddable":true,"href":"https:\/\/zepaiva.com\/en\/wp-json\/wp\/v2\/categories?post=10242"},{"taxonomy":"post_tag","embeddable":true,"href":"https:\/\/zepaiva.com\/en\/wp-json\/wp\/v2\/tags?post=10242"}],"curies":[{"name":"wp","href":"https:\/\/api.w.org\/{rel}","templated":true}]}}