{"id":1199,"date":"2011-05-20T11:12:21","date_gmt":"2011-05-20T14:12:21","guid":{"rendered":"http:\/\/zepaiva.wordpress.com\/?p=1199"},"modified":"2011-05-20T11:12:21","modified_gmt":"2011-05-20T14:12:21","slug":"semana-tibetana-em-florianopolis","status":"publish","type":"post","link":"https:\/\/zepaiva.com\/en\/semana-tibetana-em-florianopolis\/","title":{"rendered":"Semana Tibetana em Florian\u00f3polis"},"content":{"rendered":"<p>Caros amigos<\/p>\n<p>Dia 27 de maio come\u00e7a a II Semana de Cultura Tibetana em Florian\u00f3polis, que acontecer\u00e1 na Reitoria da Universidade Federal de Santa Catarina UFSC. Durante 9 dias teremos palestras, filmes, exposi\u00e7\u00f5es de arte, mandala de areia e workshops. Entre os palestrantes est\u00e3o: Lia Diskin &#8211; fundadora da Palas Athena, Tsewang Phuntso &#8211; representante de SS Dalai Lama na Am\u00e9rica, Robbie Barnett &#8211; professor da Columbia University e o Lama Padma Samten &#8211; presidente do Centro de Estudos Budistas Bodisatva. Haver\u00e1 tamb\u00e9m uma mesa redonda com os jornalistas Arthur Ver\u00edssimo (Trip), Haroldo Castro, Luis Pelegrini (Planeta) , entre outros. A artista Tiffany Gyatso ministrar\u00e1 um workshop de pintura tibetana. Poderemos conhecer a culin\u00e1ria tibetana em um jantar preparado por um chef tibetano, com direito a m\u00fasica t\u00edpica interpretada pelo pr\u00f3prio chef.<\/p>\n<p>Eu sou o curador das exposi\u00e7\u00f5es e respons\u00e1vel pela mandala de areia.<\/p>\n<p><a href=\"http:\/\/gallery.tmpp.org\" target=\"_blank\">A exposi\u00e7\u00e3o &#8220;The Missing Peace&#8221; &#8211; artistas consideram o Dalai Lama<\/a> &#8211; \u00e9 uma exposi\u00e7\u00e3o coletiva que foi criada pela Funda\u00e7\u00e3o Dalai Lama e pelo comit\u00ea 100 pelo Tibete, onde os artistas mostram a sua vis\u00e3o pessoal sobre o Dalai Lama. S\u00e3o 88 artistas de 30 pa\u00edses (incluindo os brasileiros Sebasti\u00e3o Salgado e Adriana Varej\u00e3o).<\/p>\n<p>Tendo a vida do Dalai Lama como inspira\u00e7\u00e3o o projeto tem como objetivo chamar a aten\u00e7\u00e3o do mundo para a busca da paz. Segundo o Dalai Lama, na apresenta\u00e7\u00e3o do livro com as obras, &#8220;Estas obras de arte buscam criar zonas de paz, e tem a inten\u00e7\u00e3o de inspirar outros a gerar compaix\u00e3o, amor e paci\u00eancia, que s\u00e3o essenciais se o ser humano quiser atingir a felicidade.&#8221;<\/p>\n<p>Entre os artistas do projeto est\u00e3o famosos como Laurie Anderson, Richard Avedon e o ator Richard Gere mostrando suas habilidades como fot\u00f3grafo. Aqui em Florian\u00f3polis teremos 14 obras desse projeto em excelentes reprodu\u00e7\u00f5es que comp\u00f5em o &#8220;The Missing Peace in a box&#8221;.<\/p>\n<p>Haver\u00e1 tamb\u00e9m uma exposi\u00e7\u00e3o de Thangkas tibetanas (uma pintura em tecido com motivos budistas,esp\u00e9cie de altar m\u00f3vel) vindas do Mosteiro Namgyal, trazidas pelos monges que ir\u00e3o fazer durante nove dias uma mandala com milhares de gr\u00e3os de areia. No \u00faltimo dia a mandala ser\u00e1 desmontada num ritual que celebrar\u00e1 a imperman\u00eancia. Al\u00e9m disso tudo ainda teremos fotos hist\u00f3ricas da fuga de SS Dalai Lama do Tibete e dos tibetanos em ex\u00edlio na \u00cdndia.<\/p>\n<p><a href=\"http:\/\/semanatibetana.blogspot.com\/p\/programacao-completa.html\" target=\"_blank\">Confiram a programa\u00e7\u00e3o completa no link e fa\u00e7am sua inscri\u00e7\u00e3o logo pois as vagas s\u00e3o limitadas.<\/a> As inscri\u00e7\u00f5es podem ser feitas no pr\u00f3prio site.<\/p>\n<p>[slideshow]<\/p>","protected":false},"excerpt":{"rendered":"<p>Caros amigos Dia 27 de maio come\u00e7a a II Semana de Cultura Tibetana em Florian\u00f3polis, que acontecer\u00e1 na Reitoria da Universidade Federal de Santa Catarina UFSC. Durante 9 dias teremos palestras, filmes, exposi\u00e7\u00f5es de arte, mandala de areia e workshops. Entre os palestrantes est\u00e3o: Lia Diskin &#8211; fundadora da Palas Athena, Tsewang Phuntso &#8211; representante &hellip; <a href=\"https:\/\/zepaiva.com\/en\/semana-tibetana-em-florianopolis\/\" class=\"more-link\">Continue reading <span class=\"screen-reader-text\">Semana Tibetana em Florian\u00f3polis<\/span> <span class=\"meta-nav\">&rarr;<\/span><\/a><\/p>","protected":false},"author":1,"featured_media":0,"comment_status":"open","ping_status":"open","sticky":false,"template":"","format":"standard","meta":{"_jetpack_memberships_contains_paid_content":false,"footnotes":""},"categories":[5,8,14],"tags":[86,133,163,168,190,349,413,468],"class_list":["post-1199","post","type-post","status-publish","format-standard","hentry","category-exposicoes","category-palestras","category-workshops","tag-budismo","tag-curso","tag-evento","tag-exposicao","tag-florianopolis","tag-palestra","tag-santa-catarina","tag-workshop"],"jetpack_featured_media_url":"","jetpack_sharing_enabled":true,"_links":{"self":[{"href":"https:\/\/zepaiva.com\/en\/wp-json\/wp\/v2\/posts\/1199","targetHints":{"allow":["GET"]}}],"collection":[{"href":"https:\/\/zepaiva.com\/en\/wp-json\/wp\/v2\/posts"}],"about":[{"href":"https:\/\/zepaiva.com\/en\/wp-json\/wp\/v2\/types\/post"}],"author":[{"embeddable":true,"href":"https:\/\/zepaiva.com\/en\/wp-json\/wp\/v2\/users\/1"}],"replies":[{"embeddable":true,"href":"https:\/\/zepaiva.com\/en\/wp-json\/wp\/v2\/comments?post=1199"}],"version-history":[{"count":0,"href":"https:\/\/zepaiva.com\/en\/wp-json\/wp\/v2\/posts\/1199\/revisions"}],"wp:attachment":[{"href":"https:\/\/zepaiva.com\/en\/wp-json\/wp\/v2\/media?parent=1199"}],"wp:term":[{"taxonomy":"category","embeddable":true,"href":"https:\/\/zepaiva.com\/en\/wp-json\/wp\/v2\/categories?post=1199"},{"taxonomy":"post_tag","embeddable":true,"href":"https:\/\/zepaiva.com\/en\/wp-json\/wp\/v2\/tags?post=1199"}],"curies":[{"name":"wp","href":"https:\/\/api.w.org\/{rel}","templated":true}]}}