{"id":12005,"date":"2023-02-06T16:47:23","date_gmt":"2023-02-06T19:47:23","guid":{"rendered":"https:\/\/zepaiva.com\/?p=12005"},"modified":"2025-02-26T13:42:05","modified_gmt":"2025-02-26T13:42:05","slug":"expedicao-fotografica-santuario-das-aves-2023-2","status":"publish","type":"post","link":"https:\/\/zepaiva.com\/en\/expedicao-fotografica-santuario-das-aves-2023-2\/","title":{"rendered":"Expedi\u00e7\u00e3o Fotogr\u00e1fica Santu\u00e1rio das Aves 2023"},"content":{"rendered":"<figure class=\"wp-block-image size-large\"><img decoding=\"async\" src=\"https:\/\/zepaiva.com\/wp-content\/uploads\/2023\/02\/insta-fb.png?w=1080\" alt=\"\" class=\"wp-image-12000\"\/><\/figure>\n\n\n\n<h4 class=\"wp-block-heading\"><strong>Uma aventura fotogr\u00e1fica em meio a revoadas de aves e paisagens inesquec\u00edveis!<\/strong><\/h4>\n\n\n\n<p><span class=\"s1\">Nossa expedi\u00e7\u00e3o acontecer\u00e1 na plan\u00edcie costeira situada entre a Lagoa dos Patos e o Oceano Atl\u00e2ntico, nos munic\u00edpios de Mostardas, Tavares e S\u00e3o Jos\u00e9 do Norte, entre dunas, banhados, lagoas, praias, florestas de restinga e antigos far\u00f3is, acompanhados de muitas aves.<\/span><\/p>\n\n\n\n<p><span class=\"s1\">Uma das grandes atra\u00e7\u00f5es da regi\u00e3o \u00e9 o Parque Nacional da Lagoa do Peixe, que abriga a lagoa hom\u00f4nima em seus 360 km\u00b2<\/span><span class=\"s1\"> . Este parque foi criado em 1986 e \u00e9 reconhecido como uma das \u00e1reas mais importantes da Am\u00e9rica Latina para as aves migrat\u00f3rias.<\/span><\/p>\n\n\n\n<div class=\"wp-block-jetpack-tiled-gallery aligncenter is-style-square\"><div class=\"\"><div class=\"tiled-gallery__gallery\"><div class=\"tiled-gallery__row columns-3\"><div class=\"tiled-gallery__col\"><figure class=\"tiled-gallery__item\"><a href=\"https:\/\/zepaiva.com\/wp-content\/uploads\/2021\/12\/vista07d09439.jpg?w=1080\"><img decoding=\"async\" srcset=\"https:\/\/i0.wp.com\/zepaiva.com\/wp-content\/uploads\/2021\/12\/vista07d09439.jpg?resize=600%2C600&#038;strip=info&#038;ssl=1 600w,https:\/\/i0.wp.com\/zepaiva.com\/wp-content\/uploads\/2021\/12\/vista07d09439.jpg?resize=723%2C723&#038;strip=info&#038;ssl=1 723w\" alt=\"\" data-height=\"723\" data-id=\"10946\" data-link=\"https:\/\/zepaiva.com\/2022\/04\/13\/expedicao-fotografica-santuario-das-aves-2022\/gaivota-maria-velha-larus-maculipennis-trilha-talha-mar-parque-nacional-da-lagoa-do-peixe-mostardas-rio-grande-do-sul-brasil-2\/\" data-url=\"https:\/\/zepaiva.com\/wp-content\/uploads\/2021\/12\/vista07d09439.jpg?w=1080\" data-width=\"1080\" src=\"https:\/\/i0.wp.com\/zepaiva.com\/wp-content\/uploads\/2021\/12\/vista07d09439.jpg?ssl=1&amp;resize=723%2C723\" data-amp-layout=\"responsive\" tabindex=\"0\" role=\"button\" aria-label=\"Abrir imagem 1 de 9 em tela cheia\"\/><\/a><\/figure><\/div><div class=\"tiled-gallery__col\"><figure class=\"tiled-gallery__item\"><a href=\"https:\/\/zepaiva.com\/wp-content\/uploads\/2021\/12\/vista17d01025.jpg?w=1080\"><img decoding=\"async\" srcset=\"https:\/\/i0.wp.com\/zepaiva.com\/wp-content\/uploads\/2021\/12\/vista17d01025.jpg?resize=600%2C600&#038;strip=info&#038;ssl=1 600w,https:\/\/i0.wp.com\/zepaiva.com\/wp-content\/uploads\/2021\/12\/vista17d01025.jpg?resize=717%2C717&#038;strip=info&#038;ssl=1 717w\" alt=\"\" data-height=\"717\" data-id=\"10972\" data-link=\"https:\/\/zepaiva.com\/2022\/04\/13\/expedicao-fotografica-santuario-das-aves-2022\/florianopolis-santa-catarina-foto-de-ze-paiva-vista-imagens-177\/\" data-url=\"https:\/\/zepaiva.com\/wp-content\/uploads\/2021\/12\/vista17d01025.jpg?w=1080\" data-width=\"1080\" src=\"https:\/\/i0.wp.com\/zepaiva.com\/wp-content\/uploads\/2021\/12\/vista17d01025.jpg?ssl=1&amp;resize=717%2C717\" data-amp-layout=\"responsive\" tabindex=\"0\" role=\"button\" aria-label=\"Abrir imagem 2 de 9 em tela cheia\"\/><\/a><\/figure><\/div><div class=\"tiled-gallery__col\"><figure class=\"tiled-gallery__item\"><a href=\"https:\/\/zepaiva.com\/wp-content\/uploads\/2021\/12\/vista17d01961.jpg?w=1080\"><img decoding=\"async\" srcset=\"https:\/\/i0.wp.com\/zepaiva.com\/wp-content\/uploads\/2021\/12\/vista17d01961.jpg?resize=600%2C600&#038;strip=info&#038;ssl=1 600w,https:\/\/i0.wp.com\/zepaiva.com\/wp-content\/uploads\/2021\/12\/vista17d01961.jpg?resize=721%2C721&#038;strip=info&#038;ssl=1 721w\" alt=\"\" data-height=\"721\" data-id=\"10973\" data-link=\"https:\/\/zepaiva.com\/2022\/04\/13\/expedicao-fotografica-santuario-das-aves-2022\/vista17d01961-2\/\" data-url=\"https:\/\/zepaiva.com\/wp-content\/uploads\/2021\/12\/vista17d01961.jpg?w=1080\" data-width=\"1080\" src=\"https:\/\/i0.wp.com\/zepaiva.com\/wp-content\/uploads\/2021\/12\/vista17d01961.jpg?ssl=1&amp;resize=721%2C721\" data-amp-layout=\"responsive\" tabindex=\"0\" role=\"button\" aria-label=\"Abrir imagem 3 de 9 em tela cheia\"\/><\/a><\/figure><\/div><\/div><div class=\"tiled-gallery__row columns-3\"><div class=\"tiled-gallery__col\"><figure class=\"tiled-gallery__item\"><a href=\"https:\/\/zepaiva.com\/wp-content\/uploads\/2021\/12\/vista07d09114.jpg?w=1080\"><img decoding=\"async\" srcset=\"https:\/\/i0.wp.com\/zepaiva.com\/wp-content\/uploads\/2021\/12\/vista07d09114.jpg?resize=600%2C600&#038;strip=info&#038;ssl=1 600w,https:\/\/i0.wp.com\/zepaiva.com\/wp-content\/uploads\/2021\/12\/vista07d09114.jpg?resize=723%2C723&#038;strip=info&#038;ssl=1 723w\" alt=\"\" data-height=\"723\" data-id=\"10971\" data-link=\"https:\/\/zepaiva.com\/2022\/04\/13\/expedicao-fotografica-santuario-das-aves-2022\/eloir-silva-artesao-de-miniaturas-de-aves-confeccionando-uma-miniatura-de-guira-guira-mostardas-rio-grande-do-sul-brasil-3\/\" data-url=\"https:\/\/zepaiva.com\/wp-content\/uploads\/2021\/12\/vista07d09114.jpg?w=1080\" data-width=\"1080\" src=\"https:\/\/i0.wp.com\/zepaiva.com\/wp-content\/uploads\/2021\/12\/vista07d09114.jpg?ssl=1&amp;resize=723%2C723\" data-amp-layout=\"responsive\" tabindex=\"0\" role=\"button\" aria-label=\"Abrir imagem 4 de 9 em tela cheia\"\/><\/a><\/figure><\/div><div class=\"tiled-gallery__col\"><figure class=\"tiled-gallery__item\"><a href=\"https:\/\/zepaiva.com\/wp-content\/uploads\/2021\/12\/vista17d00780.jpg?w=1080\"><img decoding=\"async\" srcset=\"https:\/\/i0.wp.com\/zepaiva.com\/wp-content\/uploads\/2021\/12\/vista17d00780.jpg?resize=600%2C600&#038;strip=info&#038;ssl=1 600w,https:\/\/i0.wp.com\/zepaiva.com\/wp-content\/uploads\/2021\/12\/vista17d00780.jpg?resize=720%2C720&#038;strip=info&#038;ssl=1 720w\" alt=\"\" data-height=\"720\" data-id=\"10947\" data-link=\"https:\/\/zepaiva.com\/2022\/04\/13\/expedicao-fotografica-santuario-das-aves-2022\/vista17d00780-2\/\" data-url=\"https:\/\/zepaiva.com\/wp-content\/uploads\/2021\/12\/vista17d00780.jpg?w=1080\" data-width=\"1080\" src=\"https:\/\/i0.wp.com\/zepaiva.com\/wp-content\/uploads\/2021\/12\/vista17d00780.jpg?ssl=1&amp;resize=720%2C720\" data-amp-layout=\"responsive\" tabindex=\"0\" role=\"button\" aria-label=\"Abrir imagem 5 de 9 em tela cheia\"\/><\/a><\/figure><\/div><div class=\"tiled-gallery__col\"><figure class=\"tiled-gallery__item\"><a href=\"https:\/\/zepaiva.com\/wp-content\/uploads\/2021\/12\/flamingo-dacio.jpg?w=1080\"><img decoding=\"async\" srcset=\"https:\/\/i0.wp.com\/zepaiva.com\/wp-content\/uploads\/2021\/12\/flamingo-dacio.jpg?resize=600%2C600&#038;strip=info&#038;ssl=1 600w,https:\/\/i0.wp.com\/zepaiva.com\/wp-content\/uploads\/2021\/12\/flamingo-dacio.jpg?resize=720%2C720&#038;strip=info&#038;ssl=1 720w\" alt=\"\" data-height=\"720\" data-id=\"10985\" data-link=\"https:\/\/zepaiva.com\/2022\/04\/13\/expedicao-fotografica-santuario-das-aves-2022\/flamingo-dacio\/\" data-url=\"https:\/\/zepaiva.com\/wp-content\/uploads\/2021\/12\/flamingo-dacio.jpg?w=1080\" data-width=\"1080\" src=\"https:\/\/i0.wp.com\/zepaiva.com\/wp-content\/uploads\/2021\/12\/flamingo-dacio.jpg?ssl=1&amp;resize=720%2C720\" data-amp-layout=\"responsive\" tabindex=\"0\" role=\"button\" aria-label=\"Abrir imagem 6 de 9 em tela cheia\"\/><\/a><\/figure><\/div><\/div><div class=\"tiled-gallery__row columns-3\"><div class=\"tiled-gallery__col\"><figure class=\"tiled-gallery__item\"><a href=\"https:\/\/zepaiva.com\/wp-content\/uploads\/2021\/12\/vista18d06743.jpg?w=1080\"><img decoding=\"async\" srcset=\"https:\/\/i0.wp.com\/zepaiva.com\/wp-content\/uploads\/2021\/12\/vista18d06743.jpg?resize=600%2C600&#038;strip=info&#038;ssl=1 600w,https:\/\/i0.wp.com\/zepaiva.com\/wp-content\/uploads\/2021\/12\/vista18d06743.jpg?resize=720%2C720&#038;strip=info&#038;ssl=1 720w\" alt=\"\" data-height=\"720\" data-id=\"10948\" data-link=\"https:\/\/zepaiva.com\/2022\/04\/13\/expedicao-fotografica-santuario-das-aves-2022\/vista18d06743-2\/\" data-url=\"https:\/\/zepaiva.com\/wp-content\/uploads\/2021\/12\/vista18d06743.jpg?w=1080\" data-width=\"1080\" src=\"https:\/\/i0.wp.com\/zepaiva.com\/wp-content\/uploads\/2021\/12\/vista18d06743.jpg?ssl=1&amp;resize=720%2C720\" data-amp-layout=\"responsive\" tabindex=\"0\" role=\"button\" aria-label=\"Abrir imagem 7 de 9 em tela cheia\"\/><\/a><\/figure><\/div><div class=\"tiled-gallery__col\"><figure class=\"tiled-gallery__item\"><a href=\"https:\/\/zepaiva.com\/wp-content\/uploads\/2021\/12\/vista18d06441.jpg?w=1080\"><img decoding=\"async\" srcset=\"https:\/\/i0.wp.com\/zepaiva.com\/wp-content\/uploads\/2021\/12\/vista18d06441.jpg?resize=600%2C600&#038;strip=info&#038;ssl=1 600w,https:\/\/i0.wp.com\/zepaiva.com\/wp-content\/uploads\/2021\/12\/vista18d06441.jpg?resize=720%2C720&#038;strip=info&#038;ssl=1 720w\" alt=\"\" data-height=\"720\" data-id=\"10964\" data-link=\"https:\/\/zepaiva.com\/2022\/04\/13\/expedicao-fotografica-santuario-das-aves-2022\/farol-mostardas-tavares-rio-grande-do-sul-foto-de-ze-paiva-vista-imagens\/\" data-url=\"https:\/\/zepaiva.com\/wp-content\/uploads\/2021\/12\/vista18d06441.jpg?w=1080\" data-width=\"1080\" src=\"https:\/\/i0.wp.com\/zepaiva.com\/wp-content\/uploads\/2021\/12\/vista18d06441.jpg?ssl=1&amp;resize=720%2C720\" data-amp-layout=\"responsive\" tabindex=\"0\" role=\"button\" aria-label=\"Abrir imagem 8 de 9 em tela cheia\"\/><\/a><\/figure><\/div><div class=\"tiled-gallery__col\"><figure class=\"tiled-gallery__item\"><a href=\"https:\/\/zepaiva.com\/wp-content\/uploads\/2021\/12\/vista21d07778-1.jpg?w=1080\"><img decoding=\"async\" srcset=\"https:\/\/i0.wp.com\/zepaiva.com\/wp-content\/uploads\/2021\/12\/vista21d07778-1.jpg?resize=600%2C600&#038;strip=info&#038;ssl=1 600w,https:\/\/i0.wp.com\/zepaiva.com\/wp-content\/uploads\/2021\/12\/vista21d07778-1.jpg?resize=720%2C720&#038;strip=info&#038;ssl=1 720w\" alt=\"\" data-height=\"720\" data-id=\"10974\" data-link=\"https:\/\/zepaiva.com\/2022\/04\/13\/expedicao-fotografica-santuario-das-aves-2022\/tavares-rio-grande-do-sul-foto-de-ze-paiva-vista-imagens-24\/\" data-url=\"https:\/\/zepaiva.com\/wp-content\/uploads\/2021\/12\/vista21d07778-1.jpg?w=1080\" data-width=\"1080\" src=\"https:\/\/i0.wp.com\/zepaiva.com\/wp-content\/uploads\/2021\/12\/vista21d07778-1.jpg?ssl=1&amp;resize=720%2C720\" data-amp-layout=\"responsive\" tabindex=\"0\" role=\"button\" aria-label=\"Abrir imagem 9 de 9 em tela cheia\"\/><\/a><\/figure><\/div><\/div><\/div><\/div><\/div>\n\n\n\n<p><span class=\"s1\">Por sua baixa profundidade (entre 10 e 60cm) e pela alta concentra\u00e7\u00e3o de moluscos, algas, caranguejos, siris, peixes e camar\u00f5es, a Lagoa do Peixe \u00e9 como um grande restaurante a c\u00e9u aberto para as aves. <\/span><\/p>\n\n\n\n<p><span class=\"s1\">Ela tem cerca de 35 quil\u00f4metros de extens\u00e3o e perto de 1,5 quil\u00f4metros de largura, estendendo-se paralela a praia oce\u00e2nica, entre cord\u00f5es de dunas e restinga nativa. Comunica-se com o oceano por uma barra que chega a ter 2 metros de profundidade.<\/span><\/p>\n\n\n\n<div class=\"wp-block-jetpack-tiled-gallery aligncenter is-style-square\"><div class=\"\"><div class=\"tiled-gallery__gallery\"><div class=\"tiled-gallery__row columns-3\"><div class=\"tiled-gallery__col\"><figure class=\"tiled-gallery__item\"><a href=\"https:\/\/zepaiva.com\/wp-content\/uploads\/2021\/12\/vista17d01973.jpg?w=721\"><img decoding=\"async\" srcset=\"https:\/\/i0.wp.com\/zepaiva.com\/wp-content\/uploads\/2021\/12\/vista17d01973.jpg?resize=600%2C600&#038;strip=info&#038;ssl=1 600w,https:\/\/i0.wp.com\/zepaiva.com\/wp-content\/uploads\/2021\/12\/vista17d01973.jpg?resize=721%2C721&#038;strip=info&#038;ssl=1 721w\" alt=\"\" data-height=\"1080\" data-id=\"10970\" data-link=\"https:\/\/zepaiva.com\/2022\/04\/13\/expedicao-fotografica-santuario-das-aves-2022\/vista17d01973-2\/\" data-url=\"https:\/\/zepaiva.com\/wp-content\/uploads\/2021\/12\/vista17d01973.jpg?w=721\" data-width=\"721\" src=\"https:\/\/i0.wp.com\/zepaiva.com\/wp-content\/uploads\/2021\/12\/vista17d01973.jpg?ssl=1&amp;resize=721%2C721\" data-amp-layout=\"responsive\" tabindex=\"0\" role=\"button\" aria-label=\"Abrir imagem 1 de 6 em tela cheia\"\/><\/a><\/figure><\/div><div class=\"tiled-gallery__col\"><figure class=\"tiled-gallery__item\"><a href=\"https:\/\/zepaiva.com\/wp-content\/uploads\/2021\/12\/vista17d00916.jpg?w=1080\"><img decoding=\"async\" srcset=\"https:\/\/i0.wp.com\/zepaiva.com\/wp-content\/uploads\/2021\/12\/vista17d00916.jpg?resize=600%2C600&#038;strip=info&#038;ssl=1 600w,https:\/\/i0.wp.com\/zepaiva.com\/wp-content\/uploads\/2021\/12\/vista17d00916.jpg?resize=721%2C721&#038;strip=info&#038;ssl=1 721w\" alt=\"\" data-height=\"721\" data-id=\"10969\" data-link=\"https:\/\/zepaiva.com\/2022\/04\/13\/expedicao-fotografica-santuario-das-aves-2022\/praia-do-lagamar-tavares-rio-grande-do-sul-foto-de-ze-paiva-vista-imagens-4\/\" data-url=\"https:\/\/zepaiva.com\/wp-content\/uploads\/2021\/12\/vista17d00916.jpg?w=1080\" data-width=\"1080\" src=\"https:\/\/i0.wp.com\/zepaiva.com\/wp-content\/uploads\/2021\/12\/vista17d00916.jpg?ssl=1&amp;resize=721%2C721\" data-amp-layout=\"responsive\" tabindex=\"0\" role=\"button\" aria-label=\"Abrir imagem 2 de 6 em tela cheia\"\/><\/a><\/figure><\/div><div class=\"tiled-gallery__col\"><figure class=\"tiled-gallery__item\"><a href=\"https:\/\/zepaiva.com\/wp-content\/uploads\/2021\/12\/vista17d00842.jpg?w=1080\"><img decoding=\"async\" srcset=\"https:\/\/i0.wp.com\/zepaiva.com\/wp-content\/uploads\/2021\/12\/vista17d00842.jpg?resize=600%2C600&#038;strip=info&#038;ssl=1 600w,https:\/\/i0.wp.com\/zepaiva.com\/wp-content\/uploads\/2021\/12\/vista17d00842.jpg?resize=721%2C721&#038;strip=info&#038;ssl=1 721w\" alt=\"\" data-height=\"721\" data-id=\"10952\" data-link=\"https:\/\/zepaiva.com\/2022\/04\/13\/expedicao-fotografica-santuario-das-aves-2022\/vista17d00842-2\/\" data-url=\"https:\/\/zepaiva.com\/wp-content\/uploads\/2021\/12\/vista17d00842.jpg?w=1080\" data-width=\"1080\" src=\"https:\/\/i0.wp.com\/zepaiva.com\/wp-content\/uploads\/2021\/12\/vista17d00842.jpg?ssl=1&amp;resize=721%2C721\" data-amp-layout=\"responsive\" tabindex=\"0\" role=\"button\" aria-label=\"Abrir imagem 3 de 6 em tela cheia\"\/><\/a><\/figure><\/div><\/div><div class=\"tiled-gallery__row columns-3\"><div class=\"tiled-gallery__col\"><figure class=\"tiled-gallery__item\"><a href=\"https:\/\/zepaiva.com\/wp-content\/uploads\/2021\/12\/vista18d06982.jpg?w=1080\"><img decoding=\"async\" srcset=\"https:\/\/i0.wp.com\/zepaiva.com\/wp-content\/uploads\/2021\/12\/vista18d06982.jpg?resize=600%2C600&#038;strip=info&#038;ssl=1 600w,https:\/\/i0.wp.com\/zepaiva.com\/wp-content\/uploads\/2021\/12\/vista18d06982.jpg?resize=720%2C720&#038;strip=info&#038;ssl=1 720w\" alt=\"\" data-height=\"720\" data-id=\"10953\" data-link=\"https:\/\/zepaiva.com\/2022\/04\/13\/expedicao-fotografica-santuario-das-aves-2022\/mostardas-rio-grande-do-sul-foto-de-ze-paiva-vista-imagens-3\/\" data-url=\"https:\/\/zepaiva.com\/wp-content\/uploads\/2021\/12\/vista18d06982.jpg?w=1080\" data-width=\"1080\" src=\"https:\/\/i0.wp.com\/zepaiva.com\/wp-content\/uploads\/2021\/12\/vista18d06982.jpg?ssl=1&amp;resize=720%2C720\" data-amp-layout=\"responsive\" tabindex=\"0\" role=\"button\" aria-label=\"Abrir imagem 4 de 6 em tela cheia\"\/><\/a><\/figure><\/div><div class=\"tiled-gallery__col\"><figure class=\"tiled-gallery__item\"><a href=\"https:\/\/zepaiva.com\/wp-content\/uploads\/2021\/12\/vista21d07520.jpg?w=1080\"><img decoding=\"async\" srcset=\"https:\/\/i0.wp.com\/zepaiva.com\/wp-content\/uploads\/2021\/12\/vista21d07520.jpg?resize=600%2C600&#038;strip=info&#038;ssl=1 600w,https:\/\/i0.wp.com\/zepaiva.com\/wp-content\/uploads\/2021\/12\/vista21d07520.jpg?resize=721%2C721&#038;strip=info&#038;ssl=1 721w\" alt=\"\" data-height=\"721\" data-id=\"10954\" data-link=\"https:\/\/zepaiva.com\/2022\/04\/13\/expedicao-fotografica-santuario-das-aves-2022\/tavares-rio-grande-do-sul-foto-de-ze-paiva-vista-imagens-22\/\" data-url=\"https:\/\/zepaiva.com\/wp-content\/uploads\/2021\/12\/vista21d07520.jpg?w=1080\" data-width=\"1080\" src=\"https:\/\/i0.wp.com\/zepaiva.com\/wp-content\/uploads\/2021\/12\/vista21d07520.jpg?ssl=1&amp;resize=721%2C721\" data-amp-layout=\"responsive\" tabindex=\"0\" role=\"button\" aria-label=\"Abrir imagem 5 de 6 em tela cheia\"\/><\/a><\/figure><\/div><div class=\"tiled-gallery__col\"><figure class=\"tiled-gallery__item\"><a href=\"https:\/\/zepaiva.com\/wp-content\/uploads\/2021\/12\/vista21d08429.jpg?w=1080\"><img decoding=\"async\" srcset=\"https:\/\/i0.wp.com\/zepaiva.com\/wp-content\/uploads\/2021\/12\/vista21d08429.jpg?resize=600%2C600&#038;strip=info&#038;ssl=1 600w,https:\/\/i0.wp.com\/zepaiva.com\/wp-content\/uploads\/2021\/12\/vista21d08429.jpg?resize=721%2C721&#038;strip=info&#038;ssl=1 721w\" alt=\"\" data-height=\"721\" data-id=\"10955\" data-link=\"https:\/\/zepaiva.com\/2022\/04\/13\/expedicao-fotografica-santuario-das-aves-2022\/florianopolis-santa-catarina-foto-de-ze-paiva-vista-imagens-175\/\" data-url=\"https:\/\/zepaiva.com\/wp-content\/uploads\/2021\/12\/vista21d08429.jpg?w=1080\" data-width=\"1080\" src=\"https:\/\/i0.wp.com\/zepaiva.com\/wp-content\/uploads\/2021\/12\/vista21d08429.jpg?ssl=1&amp;resize=721%2C721\" data-amp-layout=\"responsive\" tabindex=\"0\" role=\"button\" aria-label=\"Abrir imagem 6 de 6 em tela cheia\"\/><\/a><\/figure><\/div><\/div><\/div><\/div><\/div>\n\n\n\n<p><span class=\"s1\">J\u00e1 foram registradas 182 esp\u00e9cies de aves na lagoa, sendo 26 visitantes do hemisf\u00e9rio norte e 5 do hemisf\u00e9rio sul, entre elas o bel\u00edssimo flamingo, que vem do Chile e Argentina, e o ma\u00e7arico-do-papo-vermelho, que percorre milhares de quil\u00f4metros vindo da Am\u00e9rica do Norte.<\/span><\/p>\n\n\n\n<p>Outra atra\u00e7\u00e3o importante \u00e9 a Lagoa dos Patos, com suas praias, far\u00f3is centen\u00e1rios e pores do sol deslumbrantes. A Lagoa dos Patos \u00e9 uma enorme laguna (a maior da Am\u00e9rica do Sul) de \u00e1gua salobra, pois comunica-se com o mar atrav\u00e9s da Barra de Rio Grande, e tem cerca de 265 quil\u00f4metros de extens\u00e3o e 60 de largura, com profundidade m\u00e1xima de 7 metros.<\/p>\n\n\n\n<div class=\"wp-block-jetpack-tiled-gallery aligncenter is-style-square\"><div class=\"\"><div class=\"tiled-gallery__gallery\"><div class=\"tiled-gallery__row columns-3\"><div class=\"tiled-gallery__col\"><figure class=\"tiled-gallery__item\"><a href=\"https:\/\/zepaiva.com\/wp-content\/uploads\/2021\/12\/vista17d01568.jpg?w=1080\"><img decoding=\"async\" srcset=\"https:\/\/i0.wp.com\/zepaiva.com\/wp-content\/uploads\/2021\/12\/vista17d01568.jpg?resize=600%2C600&#038;strip=info&#038;ssl=1 600w,https:\/\/i0.wp.com\/zepaiva.com\/wp-content\/uploads\/2021\/12\/vista17d01568.jpg?resize=717%2C717&#038;strip=info&#038;ssl=1 717w\" alt=\"\" data-height=\"717\" data-id=\"10958\" data-link=\"https:\/\/zepaiva.com\/2022\/04\/13\/expedicao-fotografica-santuario-das-aves-2022\/vista17d01568\/\" data-url=\"https:\/\/zepaiva.com\/wp-content\/uploads\/2021\/12\/vista17d01568.jpg?w=1080\" data-width=\"1080\" src=\"https:\/\/i0.wp.com\/zepaiva.com\/wp-content\/uploads\/2021\/12\/vista17d01568.jpg?ssl=1&amp;resize=717%2C717\" data-amp-layout=\"responsive\" tabindex=\"0\" role=\"button\" aria-label=\"Abrir imagem 1 de 9 em tela cheia\"\/><\/a><\/figure><\/div><div class=\"tiled-gallery__col\"><figure class=\"tiled-gallery__item\"><a href=\"https:\/\/zepaiva.com\/wp-content\/uploads\/2021\/12\/vista17d01238.jpg?w=1080\"><img decoding=\"async\" srcset=\"https:\/\/i0.wp.com\/zepaiva.com\/wp-content\/uploads\/2021\/12\/vista17d01238.jpg?resize=600%2C600&#038;strip=info&#038;ssl=1 600w,https:\/\/i0.wp.com\/zepaiva.com\/wp-content\/uploads\/2021\/12\/vista17d01238.jpg?resize=700%2C700&#038;strip=info&#038;ssl=1 700w\" alt=\"\" data-height=\"700\" data-id=\"10967\" data-link=\"https:\/\/zepaiva.com\/2022\/04\/13\/expedicao-fotografica-santuario-das-aves-2022\/vista17d01238-3\/\" data-url=\"https:\/\/zepaiva.com\/wp-content\/uploads\/2021\/12\/vista17d01238.jpg?w=1080\" data-width=\"1080\" src=\"https:\/\/i0.wp.com\/zepaiva.com\/wp-content\/uploads\/2021\/12\/vista17d01238.jpg?ssl=1&amp;resize=700%2C700\" data-amp-layout=\"responsive\" tabindex=\"0\" role=\"button\" aria-label=\"Abrir imagem 2 de 9 em tela cheia\"\/><\/a><\/figure><\/div><div class=\"tiled-gallery__col\"><figure class=\"tiled-gallery__item\"><a href=\"https:\/\/zepaiva.com\/wp-content\/uploads\/2021\/12\/img_1781.jpg?w=1080\"><img decoding=\"async\" srcset=\"https:\/\/i0.wp.com\/zepaiva.com\/wp-content\/uploads\/2021\/12\/img_1781.jpg?resize=600%2C600&#038;strip=info&#038;ssl=1 600w,https:\/\/i0.wp.com\/zepaiva.com\/wp-content\/uploads\/2021\/12\/img_1781.jpg?resize=720%2C720&#038;strip=info&#038;ssl=1 720w\" alt=\"\" data-height=\"720\" data-id=\"10956\" data-link=\"https:\/\/zepaiva.com\/2022\/04\/13\/expedicao-fotografica-santuario-das-aves-2022\/expedicao-santuario-das-aves-3\/\" data-url=\"https:\/\/zepaiva.com\/wp-content\/uploads\/2021\/12\/img_1781.jpg?w=1080\" data-width=\"1080\" src=\"https:\/\/i0.wp.com\/zepaiva.com\/wp-content\/uploads\/2021\/12\/img_1781.jpg?ssl=1&amp;resize=720%2C720\" data-amp-layout=\"responsive\" tabindex=\"0\" role=\"button\" aria-label=\"Abrir imagem 3 de 9 em tela cheia\"\/><\/a><\/figure><\/div><\/div><div class=\"tiled-gallery__row columns-3\"><div class=\"tiled-gallery__col\"><figure class=\"tiled-gallery__item\"><a href=\"https:\/\/zepaiva.com\/wp-content\/uploads\/2021\/12\/vista17d01435.jpg?w=1080\"><img decoding=\"async\" srcset=\"https:\/\/i0.wp.com\/zepaiva.com\/wp-content\/uploads\/2021\/12\/vista17d01435.jpg?resize=600%2C600&#038;strip=info&#038;ssl=1 600w,https:\/\/i0.wp.com\/zepaiva.com\/wp-content\/uploads\/2021\/12\/vista17d01435.jpg?resize=717%2C717&#038;strip=info&#038;ssl=1 717w\" alt=\"\" data-height=\"717\" data-id=\"10951\" data-link=\"https:\/\/zepaiva.com\/2022\/04\/13\/expedicao-fotografica-santuario-das-aves-2022\/vista17d01435\/\" data-url=\"https:\/\/zepaiva.com\/wp-content\/uploads\/2021\/12\/vista17d01435.jpg?w=1080\" data-width=\"1080\" src=\"https:\/\/i0.wp.com\/zepaiva.com\/wp-content\/uploads\/2021\/12\/vista17d01435.jpg?ssl=1&amp;resize=717%2C717\" data-amp-layout=\"responsive\" tabindex=\"0\" role=\"button\" aria-label=\"Abrir imagem 4 de 9 em tela cheia\"\/><\/a><\/figure><\/div><div class=\"tiled-gallery__col\"><figure class=\"tiled-gallery__item\"><a href=\"https:\/\/zepaiva.com\/wp-content\/uploads\/2021\/12\/vista18d06263.jpg?w=1080\"><img decoding=\"async\" srcset=\"https:\/\/i0.wp.com\/zepaiva.com\/wp-content\/uploads\/2021\/12\/vista18d06263.jpg?resize=600%2C600&#038;strip=info&#038;ssl=1 600w,https:\/\/i0.wp.com\/zepaiva.com\/wp-content\/uploads\/2021\/12\/vista18d06263.jpg?resize=720%2C720&#038;strip=info&#038;ssl=1 720w\" alt=\"\" data-height=\"720\" data-id=\"10959\" data-link=\"https:\/\/zepaiva.com\/2022\/04\/13\/expedicao-fotografica-santuario-das-aves-2022\/vista18d06263-2\/\" data-url=\"https:\/\/zepaiva.com\/wp-content\/uploads\/2021\/12\/vista18d06263.jpg?w=1080\" data-width=\"1080\" src=\"https:\/\/i0.wp.com\/zepaiva.com\/wp-content\/uploads\/2021\/12\/vista18d06263.jpg?ssl=1&amp;resize=720%2C720\" data-amp-layout=\"responsive\" tabindex=\"0\" role=\"button\" aria-label=\"Abrir imagem 5 de 9 em tela cheia\"\/><\/a><\/figure><\/div><div class=\"tiled-gallery__col\"><figure class=\"tiled-gallery__item\"><a href=\"https:\/\/zepaiva.com\/wp-content\/uploads\/2021\/12\/vista21d08137.jpg?w=720\"><img decoding=\"async\" srcset=\"https:\/\/i0.wp.com\/zepaiva.com\/wp-content\/uploads\/2021\/12\/vista21d08137.jpg?resize=600%2C600&#038;strip=info&#038;ssl=1 600w,https:\/\/i0.wp.com\/zepaiva.com\/wp-content\/uploads\/2021\/12\/vista21d08137.jpg?resize=720%2C720&#038;strip=info&#038;ssl=1 720w\" alt=\"\" data-height=\"1080\" data-id=\"10960\" data-link=\"https:\/\/zepaiva.com\/2022\/04\/13\/expedicao-fotografica-santuario-das-aves-2022\/sao-jose-do-norte-rio-grande-do-sul-foto-de-ze-paiva-vista-imagens-6\/\" data-url=\"https:\/\/zepaiva.com\/wp-content\/uploads\/2021\/12\/vista21d08137.jpg?w=720\" data-width=\"720\" src=\"https:\/\/i0.wp.com\/zepaiva.com\/wp-content\/uploads\/2021\/12\/vista21d08137.jpg?ssl=1&amp;resize=720%2C720\" data-amp-layout=\"responsive\" tabindex=\"0\" role=\"button\" aria-label=\"Abrir imagem 6 de 9 em tela cheia\"\/><\/a><\/figure><\/div><\/div><div class=\"tiled-gallery__row columns-3\"><div class=\"tiled-gallery__col\"><figure class=\"tiled-gallery__item\"><a href=\"https:\/\/zepaiva.com\/wp-content\/uploads\/2021\/12\/vista21d08173.jpg?w=1080\"><img decoding=\"async\" srcset=\"https:\/\/i0.wp.com\/zepaiva.com\/wp-content\/uploads\/2021\/12\/vista21d08173.jpg?resize=600%2C600&#038;strip=info&#038;ssl=1 600w,https:\/\/i0.wp.com\/zepaiva.com\/wp-content\/uploads\/2021\/12\/vista21d08173.jpg?resize=720%2C720&#038;strip=info&#038;ssl=1 720w\" alt=\"\" data-height=\"720\" data-id=\"10961\" data-link=\"https:\/\/zepaiva.com\/2022\/04\/13\/expedicao-fotografica-santuario-das-aves-2022\/sao-jose-do-norte-rio-grande-do-sul-foto-de-ze-paiva-vista-imagens-7\/\" data-url=\"https:\/\/zepaiva.com\/wp-content\/uploads\/2021\/12\/vista21d08173.jpg?w=1080\" data-width=\"1080\" src=\"https:\/\/i0.wp.com\/zepaiva.com\/wp-content\/uploads\/2021\/12\/vista21d08173.jpg?ssl=1&amp;resize=720%2C720\" data-amp-layout=\"responsive\" tabindex=\"0\" role=\"button\" aria-label=\"Abrir imagem 7 de 9 em tela cheia\"\/><\/a><\/figure><\/div><div class=\"tiled-gallery__col\"><figure class=\"tiled-gallery__item\"><a href=\"https:\/\/zepaiva.com\/wp-content\/uploads\/2021\/12\/vista21d08588.jpg?w=1080\"><img decoding=\"async\" srcset=\"https:\/\/i0.wp.com\/zepaiva.com\/wp-content\/uploads\/2021\/12\/vista21d08588.jpg?resize=600%2C600&#038;strip=info&#038;ssl=1 600w,https:\/\/i0.wp.com\/zepaiva.com\/wp-content\/uploads\/2021\/12\/vista21d08588.jpg?resize=721%2C721&#038;strip=info&#038;ssl=1 721w\" alt=\"\" data-height=\"721\" data-id=\"10962\" data-link=\"https:\/\/zepaiva.com\/2022\/04\/13\/expedicao-fotografica-santuario-das-aves-2022\/florianopolis-santa-catarina-foto-de-ze-paiva-vista-imagens-176\/\" data-url=\"https:\/\/zepaiva.com\/wp-content\/uploads\/2021\/12\/vista21d08588.jpg?w=1080\" data-width=\"1080\" src=\"https:\/\/i0.wp.com\/zepaiva.com\/wp-content\/uploads\/2021\/12\/vista21d08588.jpg?ssl=1&amp;resize=721%2C721\" data-amp-layout=\"responsive\" tabindex=\"0\" role=\"button\" aria-label=\"Abrir imagem 8 de 9 em tela cheia\"\/><\/a><\/figure><\/div><div class=\"tiled-gallery__col\"><figure class=\"tiled-gallery__item\"><a href=\"https:\/\/zepaiva.com\/wp-content\/uploads\/2021\/12\/vista18d06284.jpg?w=1080\"><img decoding=\"async\" srcset=\"https:\/\/i0.wp.com\/zepaiva.com\/wp-content\/uploads\/2021\/12\/vista18d06284.jpg?resize=530%2C530&#038;strip=info&#038;ssl=1 530w\" alt=\"\" data-height=\"530\" data-id=\"10965\" data-link=\"https:\/\/zepaiva.com\/2022\/04\/13\/expedicao-fotografica-santuario-das-aves-2022\/vista18d06284\/\" data-url=\"https:\/\/zepaiva.com\/wp-content\/uploads\/2021\/12\/vista18d06284.jpg?w=1080\" data-width=\"1080\" src=\"https:\/\/i0.wp.com\/zepaiva.com\/wp-content\/uploads\/2021\/12\/vista18d06284.jpg?ssl=1&amp;resize=530%2C530\" data-amp-layout=\"responsive\" tabindex=\"0\" role=\"button\" aria-label=\"Abrir imagem 9 de 9 em tela cheia\"\/><\/a><\/figure><\/div><\/div><\/div><\/div><\/div>\n\n\n\n<p>Tamb\u00e9m iremos visitar o Ref\u00fagio de Vida Silvestre do Molhes de S\u00e3o Jos\u00e9 do Norte, que juntamente com o da Ilha dos Lobos em Torres RS, s\u00e3o os dois \u00fanicos locais de avistamento de le\u00f5es e lobos marinhos em mais de 8 mil quil\u00f4metros de litoral brasileiro. Os le\u00f5es-marinhos, que podem chegar a mais de 100 indiv\u00edduos em algumas \u00e9pocas do ano, pesam cerca de 350 quilos e podem chegar a quase 3 metros de comprimento.<\/p>\n\n\n\n<h3 class=\"wp-block-heading\">Roteiro<\/h3>\n\n\n\n<h5 class=\"wp-block-heading\"><b>1\u00ba dia &#8211; Quarta-feira \u2013 11 de outubro<br><\/b><\/h5>\n\n\n\n<p>Chegada na cidade de Tavares RS e check in no Hotel Parque da Lagoa. Dia Livre.<\/p>\n\n\n\n<p>17h &#8211; Roda de conversa e aula inaugural com o fot\u00f3grafo Z\u00e9 Paiva.<\/p>\n\n\n\n<p>20h &#8211; Jantar.<\/p>\n\n\n\n<h5 class=\"wp-block-heading\"><b>2\u00ba dia &#8211; Quinta-feira \u2013 <b>12 de outubro<\/b><br><\/b><\/h5>\n\n\n\n<p>Vamos come\u00e7ar o dia fotografando a aurora na Trilha da Figueira. Retornamos ao hotel para o caf\u00e9 da manh\u00e3.<\/p>\n\n\n\n<p>Ap\u00f3s o caf\u00e9 partimos para a Lagoa do Peixe, Trilha do Talha-mar, dunas, praia oce\u00e2nica, Barra da Lagoa e Farol Mostardas. Almo\u00e7o em propriedade rural.<\/p>\n\n\n\n<p>\u00c0 tarde Lagoa dos Patos, onde vamos andar pelas margens com paradas para contempla\u00e7\u00e3o, passando por um sambaqui e pelo Farol Cap\u00e3o da Marca. Final da tarde, ap\u00f3s o p\u00f4r-do-sol, retorno ao Hotel.<\/p>\n\n\n\n<p>Jantar e roda de conversa.<\/p>\n\n\n\n<h5 class=\"wp-block-heading\"><b>3\u00ba dia &#8211; Sexta-feira \u2013 13 de outubro<br><\/b><\/h5>\n\n\n\n<p>Ap\u00f3s caf\u00e9 da manh\u00e3 vamos pegar a estrada e, passando pela Praia do Barranco (vila de Pescadores) chegaremos \u00e0 cidade hist\u00f3rica de S\u00e3o Jos\u00e9 do Norte. Ap\u00f3s almo\u00e7o na praia de S\u00e3o Jos\u00e9 teremos visita\u00e7\u00e3o aos molhes da barra e avistagem de le\u00f5es marinhos no Ref\u00fagio de Vida Silvestre. Posteriormente visitaremos o Farol da Barra e retornaremos pela praia passando pela Barra do Estreito.<\/p>\n\n\n\n<p>Jantar e roda de conversa.<\/p>\n\n\n\n<h5 class=\"wp-block-heading\"><b>4\u00ba dia &#8211; S\u00e1bado \u2013 <b>14 de outubro<\/b><br><\/b><\/h5>\n\n\n\n<p>Pela manh\u00e3 iremos visitar o Farol Cristov\u00e3o Pereira. Andaremos bons trechos nas margens da Lagoa dos Patos e estradas de areia. No retorno, iremos para Mostardas, onde ser\u00e1 o nosso almo\u00e7o. \u00c0 tarde, faremos um pequeno tour na cidade de Mostardas, incluindo visita ao centro hist\u00f3rico, artesanato de miniaturas de aves e de l\u00e3 de ovelha. No final de tarde iremos \u00e0s dunas de areia fotografar o p\u00f4r do sol e fazer uma pr\u00e1tica de fotografia noturna e light-painting. Neste dia ser\u00e1 lua nova, portanto perfeito para astrofotografia.<\/p>\n\n\n\n<p>Jantar e roda de conversa.<\/p>\n\n\n\n<h5 class=\"wp-block-heading\"><b>5\u00ba dia &#8211;  Domingo \u2013 15 de outubro<br><\/b><\/h5>\n\n\n\n<p>Caf\u00e9 da manh\u00e3 e check-out. Fim dos nossos servi\u00e7os.<\/p>\n\n\n\n<h3 class=\"wp-block-heading\">O que est\u00e1 inclu\u00eddo:<\/h3>\n\n\n\n<ul class=\"wp-block-list\">\n<li>Orienta\u00e7\u00e3o fotogr\u00e1fica de Z\u00e9 Paiva.<\/li>\n\n\n\n<li>Guia especializado.<\/li>\n\n\n\n<li>Transporte para todos os tours em ve\u00edculos 4&#215;4.<\/li>\n\n\n\n<li>Hospedagem com caf\u00e9 da manh\u00e3 no <a href=\"http:\/\/www.hotelparquedalagoa.com.br\/web\/\" target=\"_blank\" rel=\"noopener\">Hotel Parque da Lagoa<\/a>.<\/li>\n\n\n\n<li>7 refei\u00e7\u00f5es (4 jantares e 3 almo\u00e7os).<\/li>\n<\/ul>\n\n\n\n<h3 class=\"wp-block-heading\">O que n\u00e3o est\u00e1 inclu\u00eddo:<\/h3>\n\n\n\n<ul class=\"wp-block-list\">\n<li>Passagens a\u00e9reas e transfer de chegada e partida em Tavares.<\/li>\n\n\n\n<li>Gorjetas, bebidas e telefonemas.<\/li>\n\n\n\n<li>Seguros e demais servi\u00e7os n\u00e3o mencionados.<\/li>\n<\/ul>\n\n\n\n<figure class=\"wp-block-image alignnone size-full wp-image-4154 is-style-default\"><img decoding=\"async\" src=\"https:\/\/zepaiva.com\/wp-content\/uploads\/2018\/09\/pordosol.jpg\" alt=\"Um dos deslumbrantes pores de sol na Lagoa dos Patos.\" class=\"wp-image-4154\"\/><figcaption class=\"wp-element-caption\">Um dos deslumbrantes pores do sol na Lagoa dos Patos.<\/figcaption><\/figure>\n\n\n\n<h3 class=\"wp-block-heading\">Inscri\u00e7\u00f5es:<\/h3>\n\n\n\n<h6 class=\"wp-block-heading\"><strong>Pagamento por dep\u00f3sito banc\u00e1rio<\/strong><\/h6>\n\n\n\n<p><strong>Total por pessoa em quarto duplo:<\/strong><\/p>\n\n\n\n<p>R$ 2.832,00 \u00e0 vista em at\u00e9 7 dias ap\u00f3s a reserva ou at\u00e9 31\/08\/2023, o que acorrer primeiro.<\/p>\n\n\n\n<p><strong>Ou<\/strong> R$ 2.945,00 parcelado. A primeira parcela \u00e9 \u00e0 vista em at\u00e9 7 dias ap\u00f3s a reserva e  a \u00faltima parcela deve ser depositada at\u00e9 31\/08\/2023.<\/p>\n\n\n\n<p><strong>Total por pessoa em quarto individual:<\/strong> <\/p>\n\n\n\n<p>R$ 3.148,00 \u00e0 vista em at\u00e9 7 dias ap\u00f3s a reserva ou at\u00e9 31\/08\/2023, o que acorrer primeiro.<\/p>\n\n\n\n<p><strong>Ou<\/strong> R$ 3.274,00 parcelado. A primeira parcela \u00e9 \u00e0 vista em at\u00e9 7 dias ap\u00f3s a reserva e a \u00faltima parcela deve ser depositada at\u00e9 31\/08\/2023.<\/p>\n\n\n\n<h6 class=\"wp-block-heading\">Pagamento com cart\u00e3o de cr\u00e9dito via paypal:<\/h6>\n\n\n\n<p>Total por pessoa em quarto duplo: 4 x R$ 779,00<\/p>\n\n\n\n<p>Total por pessoa em quarto individual: 4 x R$ 866,00<\/p>\n\n\n\n<h4 class=\"wp-block-heading\">Prazo para inscri\u00e7\u00f5es: At\u00e9 24\/08\/2023 ou at\u00e9 as vagas se esgotarem.<\/h4>\n\n\n\n<p><strong>VAGAS LIMITADAS!<\/strong> Grupo m\u00e1ximo de 12 e m\u00ednimo de 6 pessoas.<br>Sa\u00edda com grupo menor garantida mediante valor adicional &#8211; consulte-nos!<\/p>\n\n\n\n<p><strong>Veja aqui como foram as outras expedi\u00e7\u00f5es em <a href=\"https:\/\/zepaiva.com\/en\/making-of-expedicao-santuario-das-aves\/\" target=\"_blank\" rel=\"noopener\">017,<\/a> <a href=\"http:\/\/zepaiva.com\/en\/making-of-da-expedicao-santuario-das-aves\/\" target=\"_blank\" rel=\"noopener\">018 <\/a>e <a href=\"https:\/\/zepaiva.com\/en\/veja-como-foi-a-expedicao-santuario-das-aves-2021\/\" target=\"_blank\" rel=\"noopener\">021<\/a><\/strong><\/p>\n\n\n\n<figure class=\"wp-block-image is-style-default\"><a href=\"http:\/\/braziltrails.com\/pt-br\/registration\/\" target=\"_blank\" rel=\"noopener\"><img decoding=\"async\" src=\"https:\/\/zepaiva.com\/wp-content\/uploads\/2018\/09\/clique-aqui-reserva-novo-281.jpg\" alt=\"clique aqui - reserva NOVO-28\" class=\"wp-image-4153\"\/><\/a><\/figure>\n\n\n\n<p><\/p>\n\n\n<div class=\"wp-block-image is-style-default\">\n<figure class=\"alignleft\"><a href=\"https:\/\/zepaiva.com\/wp-content\/uploads\/2018\/06\/equipe-31.jpg\"><img decoding=\"async\" src=\"https:\/\/zepaiva.com\/wp-content\/uploads\/2018\/06\/equipe-31.jpg?w=214\" alt=\"\" class=\"wp-image-3913\"\/><\/a><\/figure><\/div>\n\n\n<p><\/p>\n\n\n\n<p><strong>Fot\u00f3grafo Z\u00e9 Paiva<\/strong><\/p>\n\n\n\n<p>Trocou a engenharia pela fotografia em 1984 e desde ent\u00e3o viaja pelos quatro cantos do mundo criando imagens. \u00c9 p\u00f3s graduado em fotografia pela UNIVALI. J\u00e1 ensinou fotografia na ESPM, UDESC e FURB. Autor dos livros Expedi\u00e7\u00e3o Natureza Catarina, Natureza Ga\u00facha e Natureza Tocantins. Suas fotos foram selecionadas para a cole\u00e7\u00e3o Pirelli MASP em 2009. Em 2012 recebeu o Pr\u00eamio Marc Ferrez da FUNARTE.<\/p>\n\n\n\n<p><\/p>\n\n\n\n<p><\/p>\n\n\n\n<p><\/p>\n\n\n\n<p><\/p>\n\n\n\n<p><\/p>\n\n\n\n<p><\/p>\n\n\n\n<h3 class=\"wp-block-heading\">Contato:<\/h3>\n\n\n\n<p><strong>Renata Asprino<\/strong><br><strong>E-mail:<\/strong> <a rel=\"noopener\" href=\"mailto:renata@braziltrails.com\" target=\"_blank\">renata@braziltrails.com<\/a><br><strong>WhatsApp:<\/strong> <a rel=\"noopener\" href=\"http:\/\/api.whatsapp.com\/send?1=pt_BR&amp;phone=5548991274558\" target=\"_blank\">48 99127 4558<\/a>&nbsp;&nbsp;<img decoding=\"async\" width=\"19\" height=\"19\" class=\"alignnone wp-image-9470\" src=\"https:\/\/zepaiva.com\/wp-content\/uploads\/2019\/11\/whatsapp-2.png\" alt=\"whatsapp\"><\/p>\n\n\n\n<p><\/p>\n\n\n\n<h3 class=\"wp-block-heading\">Realiza\u00e7\u00e3o:<br><a rel=\"noopener\" href=\"http:\/\/braziltrails.com\/\" target=\"_blank\"><img decoding=\"async\" class=\"alignnone wp-image-3908\" src=\"https:\/\/zepaiva.com\/wp-content\/uploads\/2018\/06\/logos-28.jpg?w=300\" alt=\"\" width=\"200\" height=\"77\"><\/a>        <a rel=\"noopener\" href=\"https:\/\/www.vistaimagens.com.br\/\" target=\"_blank\"><img decoding=\"async\" class=\"alignnone wp-image-10978 size-thumbnail\" src=\"https:\/\/zepaiva.com\/wp-content\/uploads\/2021\/12\/logo_vista_imagens_150px_blog4.png?w=150\" alt=\"\" width=\"150\" height=\"108\"><\/a><\/h3>\n\n\n\n<hr class=\"wp-block-separator has-alpha-channel-opacity is-style-dots\"\/>\n\n\n\n<h3 class=\"wp-block-heading\"><a href=\"http:\/\/zepaiva.com\/en\/agenda\/cancelamento\/\" target=\"_blank\" rel=\"noopener\">Pol\u00edtica de cancelamentos: Veja aqui.<\/a><\/h3>\n\n\n\n<p><\/p>","protected":false},"excerpt":{"rendered":"<p>Uma aventura fotogr\u00e1fica em meio a revoadas de aves e paisagens inesquec\u00edveis! Nossa expedi\u00e7\u00e3o acontecer\u00e1 na plan\u00edcie costeira situada entre a Lagoa dos Patos e o Oceano Atl\u00e2ntico, nos munic\u00edpios de Mostardas, Tavares e S\u00e3o Jos\u00e9 do Norte, entre dunas, banhados, lagoas, praias, florestas de restinga e antigos far\u00f3is, acompanhados de muitas aves. Uma das &hellip; <a href=\"https:\/\/zepaiva.com\/en\/expedicao-fotografica-santuario-das-aves-2023-2\/\" class=\"more-link\">Continue reading <span class=\"screen-reader-text\">Expedi\u00e7\u00e3o Fotogr\u00e1fica Santu\u00e1rio das Aves 2023<\/span> <span class=\"meta-nav\">&rarr;<\/span><\/a><\/p>","protected":false},"author":1,"featured_media":16827,"comment_status":"open","ping_status":"open","sticky":false,"template":"","format":"standard","meta":{"_jetpack_memberships_contains_paid_content":false,"footnotes":""},"categories":[4],"tags":[66,67,68,147,198,203,221,333,356,361,366,369,408,435,445,457,468],"class_list":["post-12005","post","type-post","status-publish","format-standard","has-post-thumbnail","hentry","category-expedicoes","tag-aventura","tag-aves","tag-avifauna","tag-ecoturismo","tag-foto","tag-fotografia","tag-gaucha","tag-natureza","tag-parque","tag-parque-nacional-da-lagoa-do-peixe","tag-parques","tag-passaros","tag-rio-grande-do-sul","tag-tavares","tag-turismo","tag-viagem","tag-workshop"],"jetpack_featured_media_url":"https:\/\/zepaiva.com\/wp-content\/uploads\/2023\/02\/vista07d09439.jpg","jetpack_sharing_enabled":true,"_links":{"self":[{"href":"https:\/\/zepaiva.com\/en\/wp-json\/wp\/v2\/posts\/12005","targetHints":{"allow":["GET"]}}],"collection":[{"href":"https:\/\/zepaiva.com\/en\/wp-json\/wp\/v2\/posts"}],"about":[{"href":"https:\/\/zepaiva.com\/en\/wp-json\/wp\/v2\/types\/post"}],"author":[{"embeddable":true,"href":"https:\/\/zepaiva.com\/en\/wp-json\/wp\/v2\/users\/1"}],"replies":[{"embeddable":true,"href":"https:\/\/zepaiva.com\/en\/wp-json\/wp\/v2\/comments?post=12005"}],"version-history":[{"count":4,"href":"https:\/\/zepaiva.com\/en\/wp-json\/wp\/v2\/posts\/12005\/revisions"}],"predecessor-version":[{"id":16826,"href":"https:\/\/zepaiva.com\/en\/wp-json\/wp\/v2\/posts\/12005\/revisions\/16826"}],"wp:featuredmedia":[{"embeddable":true,"href":"https:\/\/zepaiva.com\/en\/wp-json\/wp\/v2\/media\/16827"}],"wp:attachment":[{"href":"https:\/\/zepaiva.com\/en\/wp-json\/wp\/v2\/media?parent=12005"}],"wp:term":[{"taxonomy":"category","embeddable":true,"href":"https:\/\/zepaiva.com\/en\/wp-json\/wp\/v2\/categories?post=12005"},{"taxonomy":"post_tag","embeddable":true,"href":"https:\/\/zepaiva.com\/en\/wp-json\/wp\/v2\/tags?post=12005"}],"curies":[{"name":"wp","href":"https:\/\/api.w.org\/{rel}","templated":true}]}}