{"id":1260,"date":"2011-08-19T21:05:20","date_gmt":"2011-08-20T00:05:20","guid":{"rendered":"http:\/\/zepaiva.wordpress.com\/?p=1260"},"modified":"2011-08-19T21:05:20","modified_gmt":"2011-08-20T00:05:20","slug":"viver-natureza","status":"publish","type":"post","link":"https:\/\/zepaiva.com\/en\/viver-natureza\/","title":{"rendered":"Viver natureza"},"content":{"rendered":"<p>Na manh\u00e3 do dia 19 de agosto de 1839 o\u00a0pintor, cen\u00f3grafo e inventor franc\u00eas\u00a0Louis-Jacques-Mand\u00e9 Daguerre apresentou a Academia Francesa de Artes e Ci\u00eancias sua inven\u00e7\u00e3o: o <em>daguerre\u00f3tipo<\/em>. Oficialmente isso marcou a descoberta da fotografia, mas h\u00e1 pol\u00eamicas, pois v\u00e1rios inventores j\u00e1 haviam tido resultados antes disso, inclusive no interior do Brasil, mas essa j\u00e1 \u00e9 outra hist\u00f3ria. Gra\u00e7as \u00e0 este fato o dia 19 de agosto ficou institu\u00eddo como o dia mundial da fotografia.<\/p>\n<p>Em outro dia 19 de agosto, h\u00e1 exatos dois anos, era fundada a Associa\u00e7\u00e3o dos Fot\u00f3grafos de Natureza &#8211; <a href=\"http:\/\/www.afnatura.org.br\/\" target=\"_blank\">AFNatura<\/a> &#8211; uma entidade que re\u00fane pessoas que acreditam na fotografia como uma forma de express\u00e3o art\u00edstica capaz de valorizar o ambiente natural e promover a sua conserva\u00e7\u00e3o. A AFNatura est\u00e1 comemorando duplamente este ano:\u00a0 em Bras\u00edlia com uma exposi\u00e7\u00e3o coletiva intitulada \u201cAntes que a natureza acabe\u201d durante o <a href=\"http:\/\/mesdafotografia.blogspot.com\/p\/exposicao-encontro-com-autor.html\" target=\"_blank\">M\u00eas da Fotografia<\/a>\u00a0realizado pelo SESC (Servi\u00e7o Social do Com\u00e9rcio), e domingo, dia 21 de agosto, no Jardim Bot\u00e2nico do Rio de Janeiro, com um <a href=\"http:\/\/www.afnatura.org.br\/fato\/72\" target=\"_blank\">evento<\/a> que reunir\u00e1 diversos palestrantes sobre o tema: &#8220;A fotografia de natureza e a economia criativa&#8221;. Al\u00e9m das palestras haver\u00e1 a proje\u00e7\u00e3o &#8220;Viver natureza&#8221;, com curadoria do fot\u00f3grafo e associado Ricardo Siqueira, e a <span style=\"font-size:small;\">entrega de t\u00edtulo de associado benem\u00e9rito da AFNATURA ao fot\u00f3grafo Sebasti\u00e3o Salgado<\/span>, entre outras atra\u00e7\u00f5es.<\/p>\n<p>Abaixo algumas fotos que est\u00e3o na exposi\u00e7\u00e3o de Bras\u00edlia e estar\u00e3o na proje\u00e7\u00e3o do Rio. Quem estiver numa destas cidades aproveite e confira.<\/p>\n<p>[slideshow]<\/p>\n<p>Cr\u00e9ditos:<\/p>\n<p>Perereca &#8211; Foto de F\u00e1bio Colombini<\/p>\n<p>Arara &#8211; Foto de Jair Cehs<\/p>\n<p>Serpente &#8211; Foto de Luciano Candisani<\/p>\n<p>Jacar\u00e9 &#8211; Foto de Marcelo Krause<\/p>\n<p>Samambaia &#8211; Foto de Maur\u00edcio Simonetti<\/p>\n<p>Ip\u00eas &#8211; Foto de Ney Oliveira<\/p>\n<p>Dunas &#8211; Foto de Pal\u00ea Zuppani<\/p>\n<p>Onda &#8211; Foto de Pr\u00edamo Melo<\/p>\n<p>Ariranha &#8211; Foto de Virg\u00ednio Sanches<\/p>\n<p>Cerrado &#8211; Foto de Z\u00e9 Paiva<\/p>","protected":false},"excerpt":{"rendered":"<p>Na manh\u00e3 do dia 19 de agosto de 1839 o\u00a0pintor, cen\u00f3grafo e inventor franc\u00eas\u00a0Louis-Jacques-Mand\u00e9 Daguerre apresentou a Academia Francesa de Artes e Ci\u00eancias sua inven\u00e7\u00e3o: o daguerre\u00f3tipo. Oficialmente isso marcou a descoberta da fotografia, mas h\u00e1 pol\u00eamicas, pois v\u00e1rios inventores j\u00e1 haviam tido resultados antes disso, inclusive no interior do Brasil, mas essa j\u00e1 \u00e9 &hellip; <a href=\"https:\/\/zepaiva.com\/en\/viver-natureza\/\" class=\"more-link\">Continue reading <span class=\"screen-reader-text\">Viver natureza<\/span> <span class=\"meta-nav\">&rarr;<\/span><\/a><\/p>","protected":false},"author":1,"featured_media":0,"comment_status":"open","ping_status":"open","sticky":false,"template":"","format":"standard","meta":{"_jetpack_memberships_contains_paid_content":false,"footnotes":""},"categories":[5,8],"tags":[20,85,163,168,203,333,349,405],"class_list":["post-1260","post","type-post","status-publish","format-standard","hentry","category-exposicoes","category-palestras","tag-afnatura","tag-brasilia","tag-evento","tag-exposicao","tag-fotografia","tag-natureza","tag-palestra","tag-rio-de-janeiro"],"jetpack_featured_media_url":"","jetpack_sharing_enabled":true,"_links":{"self":[{"href":"https:\/\/zepaiva.com\/en\/wp-json\/wp\/v2\/posts\/1260","targetHints":{"allow":["GET"]}}],"collection":[{"href":"https:\/\/zepaiva.com\/en\/wp-json\/wp\/v2\/posts"}],"about":[{"href":"https:\/\/zepaiva.com\/en\/wp-json\/wp\/v2\/types\/post"}],"author":[{"embeddable":true,"href":"https:\/\/zepaiva.com\/en\/wp-json\/wp\/v2\/users\/1"}],"replies":[{"embeddable":true,"href":"https:\/\/zepaiva.com\/en\/wp-json\/wp\/v2\/comments?post=1260"}],"version-history":[{"count":0,"href":"https:\/\/zepaiva.com\/en\/wp-json\/wp\/v2\/posts\/1260\/revisions"}],"wp:attachment":[{"href":"https:\/\/zepaiva.com\/en\/wp-json\/wp\/v2\/media?parent=1260"}],"wp:term":[{"taxonomy":"category","embeddable":true,"href":"https:\/\/zepaiva.com\/en\/wp-json\/wp\/v2\/categories?post=1260"},{"taxonomy":"post_tag","embeddable":true,"href":"https:\/\/zepaiva.com\/en\/wp-json\/wp\/v2\/tags?post=1260"}],"curies":[{"name":"wp","href":"https:\/\/api.w.org\/{rel}","templated":true}]}}