{"id":1391,"date":"2012-02-03T10:04:59","date_gmt":"2012-02-03T13:04:59","guid":{"rendered":"http:\/\/zepaiva.com\/?p=1391"},"modified":"2025-02-20T17:33:56","modified_gmt":"2025-02-20T17:33:56","slug":"canela-foto-whorkshops-2012","status":"publish","type":"post","link":"https:\/\/zepaiva.com\/en\/canela-foto-whorkshops-2012\/","title":{"rendered":"Canela Foto Workshops 2012"},"content":{"rendered":"<p>N\u00e3o sabe o que fazer na semana do Carnaval? Que tal visitar uma das cidades mais charmosas do pa\u00eds e participar de um dos principais festivais de fotografia do Brasil?<\/p>\n<p><a href=\"http:\/\/zepaiva.com\/wp-content\/uploads\/2012\/02\/banner_canela_foto_workshops_editado.jpg\"><img fetchpriority=\"high\" decoding=\"async\" class=\"alignnone size-full wp-image-1396\" title=\"banner_canela_foto_workshops_editado\" src=\"http:\/\/zepaiva.com\/wp-content\/uploads\/2012\/02\/banner_canela_foto_workshops_editado.jpg\" alt=\"\" width=\"655\" height=\"182\" \/><\/a><\/p>\n<p>Localizada nos Campos de Cima da Serra, no Rio Grande do Sul, <a href=\"http:\/\/www.canelaturismo.com.br\/\" target=\"_blank\" rel=\"noopener\">Canela<\/a> \u00e9 privilegiada pela natureza, tem variedade de luzes, clima agrad\u00e1vel no ver\u00e3o, al\u00e9m de forte voca\u00e7\u00e3o tur\u00edstica e cultural. Foi diante de tal cen\u00e1rio que Fernando Bueno, idealizador do projeto, inspirado em festivais de fotografia internacionais, realizou o primeiro Canela Foto Workshops, em 2002. Amplo e abrangente, o Festival logo passou a ter destaque no calend\u00e1rio nacional e internacional da fotografia.<\/p>\n<p>Todos os anos desde o seu lan\u00e7amento, o Canela Foto Workshops tem criado a oportunidade para que profissionais e amadores possam aproveitar o ver\u00e3o na Serra Ga\u00facha para aprender, conviver e divertir-se ao lado de verdadeiros mestres da fotografia, contribuindo para a difus\u00e3o e aprofundamento da arte fotogr\u00e1fica no Brasil.<\/p>\n<p>Al\u00e9m dos Workshops e Exposi\u00e7\u00f5es, o festival apresenta outros atrativos como o Foto Escambo, o Varal Fotogr\u00e1fico, a Leitura de Portfolios, a Mostra de Cinema e Fotografia. <a href=\"http:\/\/www.canelaworkshops.com.br\/2012.php\" target=\"_blank\" rel=\"noopener\">Clique aqui<\/a> para acessar a programa\u00e7\u00e3o de 2012.<\/p>\n<p>Comemorando 10 anos de hist\u00f3ria, a a\u00e7\u00e3o principal deste ano ser\u00e1 o lan\u00e7amento da pedra fundamental do Instituto de Arte e Fotografia de Canela, sonho que norteou o projeto desde o in\u00edcio.<\/p>\n<p>Saiba mais em:<a href=\"http:\/\/www.canelaworkshops.com.br\/dezanos.php\"> http:\/\/www.canelaworkshops.com.br\/dezanos.php<\/a><\/p>\n<h2>_____________________________________________<\/h2>\n<h2>\u00a0<\/h2>\n<h2>Z\u00c9 PAIVA NO CANELA FOTO WORKSHOPS 2012<\/h2>\n<div>\n<dl>\n<dt><a href=\"http:\/\/zepaiva.com\/wp-content\/uploads\/2012\/02\/triptico_expedicao_do_olhar.jpg\"><img decoding=\"async\" class=\"alignnone size-full wp-image-1424\" title=\"triptico_expedicao_do_olhar\" src=\"http:\/\/zepaiva.com\/wp-content\/uploads\/2012\/02\/triptico_expedicao_do_olhar.jpg\" alt=\"\" width=\"655\" height=\"188\" \/><\/a><\/dt>\n<\/dl>\n<\/div>\n<p>Z\u00e9 Paiva vai participar do festival ministrando o Workshop Fotografia da Natureza (veja abaixo), dando uma palestra no encontro de fot\u00f3grafos no s\u00e1bado e participando da Exposi\u00e7\u00e3o Coletiva do evento, que acontecer\u00e1 no Pal\u00e1cio das Hort\u00eancias, de\u00a023\/02 a 26\/02\u00a0e contar\u00e1 com a presen\u00e7a de\u00a0Raul Krebs, Luiz Carlos Felizardo, Leopoldo Plentz, Dudu Contursi, Kad\u00e3o, Cl\u00f3vis Dariano, Evandro Teixeira, Rog\u00e9rio Reis, Orlando Brito, Manoel da Costa e Fernando Bueno.<\/p>\n<p>Para esta exposi\u00e7\u00e3o Z\u00e9 Paiva trara \u00e0 p\u00fablico 3 fotos (acima) do seu pr\u00f3ximo livro:\u00a0<a href=\"http:\/\/expedicaotocantins.wordpress.com\/\" target=\"_blank\" rel=\"noopener\">&#8220;Expedi\u00e7\u00e3o Natureza do Tocantins&#8221;<\/a>, que encontra-se em fase de finaliza\u00e7\u00e3o.<\/p>\n<h2>_____________________________________________<\/h2>\n<h2>\u00a0<\/h2>\n<h2>WORKSHOP COM Z\u00c9 PAIVA: &#8220;FOTOGRAFIA DE NATUREZA&#8221;<\/h2>\n<div><a href=\"http:\/\/zepaiva.com\/wp-content\/uploads\/2012\/02\/foto_ze_oficina_g.jpg\"><img decoding=\"async\" class=\"alignnone size-full wp-image-1426\" title=\"foto_ze_oficina_g\" src=\"http:\/\/zepaiva.com\/wp-content\/uploads\/2012\/02\/foto_ze_oficina_g.jpg\" alt=\"\" width=\"655\" height=\"437\" \/><\/a><br \/><strong>\u00a0<\/strong><br \/><strong>Monitores:<\/strong><strong><br \/>Eliane Heuser: <\/strong>Fot\u00f3grafa e Bi\u00f3loga<strong><br \/>Vitor Hugo Travi: <\/strong>Bi\u00f3logo e Fot\u00f3grafo<\/div>\n<div><strong><strong>Dias: <\/strong><\/strong>23, 24 e 25 de fevereiro<br \/><strong><strong><br \/><\/strong>Local:<\/strong> <a href=\"\/en\/www.ecoparquesperry.com.br\/\" target=\"_blank\" rel=\"noopener\">Eco Parque Sperry<\/a><\/div>\n<div>\u00a0<\/div>\n<div><strong>Objetivos<\/strong>: ensinar t\u00e9cnicas profissionais de fotografia de natureza e agu\u00e7ar o senso est\u00e9tico dos participantes, atrav\u00e9s explana\u00e7\u00f5es, di\u00e1logos e de refer\u00eancias \u00e0 grandes mestres da fotografia mundial.<\/div>\n<div>\n<p><strong>P\u00fablico alvo<\/strong>: fot\u00f3grafos e estudantes de fotografia, apreciadores da natureza,\u00a0\u00a0bi\u00f3logos e estudantes de biologia.<\/p>\n<p><strong>Din\u00e2mica da atividade:<\/strong><\/p>\n<p>No primeiro dia os ministrantes ir\u00e3o apresentar atrav\u00e9s de proje\u00e7\u00e3o em multim\u00eddia, t\u00e9cnicas utilizadas para fotografar a campo, com exemplos de acervo pr\u00f3prio. Ser\u00e3o propostas pautas, para a realiza\u00e7\u00e3o do trabalho fotogr\u00e1fico a campo.<\/p>\n<p>A atividade pr\u00e1tica ser\u00e1 desenvolvida durante o segundo dia no Ecoparque Sperry , orientada por Z\u00e9 Paiva, tendo acompanhamento de Eliane Heuser e Vitor Hugo Travi.<\/p>\n<p>No terceiro dia, os alunos se reunir\u00e3o com os professores para an\u00e1lise, coment\u00e1rios. Ser\u00e3o selecionadas fotos obtidas pelos participantes, que ir\u00e3o compor o Varal Fotogr\u00e1fico, que ser\u00e1 apresentada no \u00faltimo dia do Canela Foto Workshops 2012.<\/p>\n<p><strong>Pr\u00e9-requisito:<\/strong> c\u00e2mera com controle de velocidade e abertura do diafragma e um trip\u00e9. Ter conhecimentos b\u00e1sicos de fotografia, dominando as vari\u00e1veis b\u00e1sicas da fotografia.<\/p>\n<p><strong>Observa\u00e7\u00e3o:<\/strong> Para inscri\u00e7\u00e3o no Workshop Fotografia de Natureza, o candidato deve enviar, at\u00e9 10 de fevereiro, breve texto, relatando sua experi\u00eancia com fotografia e 5 fotos sobre natureza ou outro tema, para que sejam avaliados pelos ministrantes.<\/p>\n<p><strong>Investimento:<\/strong>R$525,00<\/p>\n<p><strong>Forma de Pagamento:<\/strong> A vista com 10% de desconto ou em 3 parcelas de R$ 175,00 (cheques)<br \/>Neste valor est\u00e3o inclu\u00eddos transporte de ida e volta ao parque e alimenta\u00e7\u00e3o.<\/p>\n<p><strong>Carga hor\u00e1ria:<\/strong> 25 horas<\/p>\n<p><strong>Vagas:<\/strong> 20<\/p>\n<\/div>\n<p><strong>Ser\u00e1 fornecido certificado de Participa\u00e7\u00e3o<\/strong><\/p>\n<address><strong><strong>CONTATOS<\/strong><\/strong>\u00a0<\/address><address>\u00a0<\/address><address>\u00a0<strong>Z\u00e9 Paiva<\/strong><\/address><address><a href=\"http:\/\/zepaiva.com\/en\/\">http:\/\/zepaiva.com<\/a><br \/><a href=\"http:\/\/www.vistaimagens.com.br\/\" target=\"_blank\" rel=\"noopener\">http:\/\/www.vistaimagens.com.br<\/a><br \/><a href=\"http:\/\/www.flickr.com\/photos\/zepaiva\" target=\"_blank\" rel=\"noopener\">http:\/\/www.flickr.com\/photos\/zepaiva<\/a><\/address><address>\u00a0<\/address><address><strong>Eliane Heuser<\/strong><br \/><a href=\"http:\/\/eliane.heuser.pro.br\/\" target=\"_blank\" rel=\"noopener\">http:\/\/eliane.heuser.pro.br\/<\/a><br \/><a href=\"http:\/\/www.flickr.com\/photos\/elianeheuser\/\" target=\"_blank\" rel=\"noopener\">http:\/\/www.flickr.com\/photos\/elianeheuser\/<\/a><\/address><address>\u00a0<\/address><address><strong>Vitor Hugo Travi<\/strong><br \/>www.ecoparquesperry.com.br<br \/><a href=\"http:\/\/www.wikiaves.com.br\/perfil_vitorhtravi\" target=\"_blank\" rel=\"noopener\">http:\/\/www.wikiaves.com.br\/perfil_vitorhtravi<\/a><br \/><a href=\"http:\/\/cliqueambiental.blogspot.com\/\" target=\"_blank\" rel=\"noopener\">http:\/\/cliqueambiental.blogspot.com\/<\/a><\/address>\n\n\n<p><\/p>","protected":false},"excerpt":{"rendered":"<p>N\u00e3o sabe o que fazer na semana do Carnaval? Que tal visitar uma das cidades mais charmosas do pa\u00eds e participar de um dos principais festivais de fotografia do Brasil? Localizada nos Campos de Cima da Serra, no Rio Grande do Sul, Canela \u00e9 privilegiada pela natureza, tem variedade de luzes, clima agrad\u00e1vel no ver\u00e3o, &hellip; <a href=\"https:\/\/zepaiva.com\/en\/canela-foto-whorkshops-2012\/\" class=\"more-link\">Continue reading <span class=\"screen-reader-text\">Canela Foto Workshops 2012<\/span> <span class=\"meta-nav\">&rarr;<\/span><\/a><\/p>","protected":false},"author":7,"featured_media":0,"comment_status":"open","ping_status":"open","sticky":false,"template":"","format":"standard","meta":{"_jetpack_memberships_contains_paid_content":false,"footnotes":""},"categories":[5,8,14],"tags":[15,98,99,168,182,203,349,408,468],"class_list":["post-1391","post","type-post","status-publish","format-standard","hentry","category-exposicoes","category-palestras","category-workshops","tag-15","tag-canela","tag-canela-foto-workshops","tag-exposicao","tag-festival","tag-fotografia","tag-palestra","tag-rio-grande-do-sul","tag-workshop"],"jetpack_featured_media_url":"","jetpack_sharing_enabled":true,"_links":{"self":[{"href":"https:\/\/zepaiva.com\/en\/wp-json\/wp\/v2\/posts\/1391","targetHints":{"allow":["GET"]}}],"collection":[{"href":"https:\/\/zepaiva.com\/en\/wp-json\/wp\/v2\/posts"}],"about":[{"href":"https:\/\/zepaiva.com\/en\/wp-json\/wp\/v2\/types\/post"}],"author":[{"embeddable":true,"href":"https:\/\/zepaiva.com\/en\/wp-json\/wp\/v2\/users\/7"}],"replies":[{"embeddable":true,"href":"https:\/\/zepaiva.com\/en\/wp-json\/wp\/v2\/comments?post=1391"}],"version-history":[{"count":2,"href":"https:\/\/zepaiva.com\/en\/wp-json\/wp\/v2\/posts\/1391\/revisions"}],"predecessor-version":[{"id":16411,"href":"https:\/\/zepaiva.com\/en\/wp-json\/wp\/v2\/posts\/1391\/revisions\/16411"}],"wp:attachment":[{"href":"https:\/\/zepaiva.com\/en\/wp-json\/wp\/v2\/media?parent=1391"}],"wp:term":[{"taxonomy":"category","embeddable":true,"href":"https:\/\/zepaiva.com\/en\/wp-json\/wp\/v2\/categories?post=1391"},{"taxonomy":"post_tag","embeddable":true,"href":"https:\/\/zepaiva.com\/en\/wp-json\/wp\/v2\/tags?post=1391"}],"curies":[{"name":"wp","href":"https:\/\/api.w.org\/{rel}","templated":true}]}}