{"id":1447,"date":"2012-02-28T15:29:29","date_gmt":"2012-02-28T18:29:29","guid":{"rendered":"http:\/\/zepaiva.com\/?p=1447"},"modified":"2012-02-28T15:29:29","modified_gmt":"2012-02-28T18:29:29","slug":"canela-capital-da-fotografia","status":"publish","type":"post","link":"https:\/\/zepaiva.com\/en\/canela-capital-da-fotografia\/","title":{"rendered":"Canela, capital da fotografia"},"content":{"rendered":"<p>Acabo de voltar de Canela, na Serra Ga\u00facha, onde participei do <a href=\"http:\/\/www.canelaworkshops.com.br\" target=\"_blank\">Canela Foto Workshops<\/a>. A melhor palavra para definir o evento \u00e9 &#8220;empolgante&#8221;. \u00c9 sempre interessante participar dos festivais de fotografia que (felizmente) assolam o pa\u00eds hoje em dia (s\u00e3o mais de vinte). Primeiro porque \u00e9 uma \u00f3tima oportunidade de reencontrar amigos-fot\u00f3grafos de todas as partes do Brasil e tamb\u00e9m fazer novas amizades. Al\u00e9m disso a fotografia permeia todas as atividades, como uma grande celebra\u00e7\u00e3o, e assim pode-se aprender em workshops, exposi\u00e7\u00f5es, conversas, ou simplesmente aproveitar a festa. Parab\u00e9ns a Liliana Reid e Fernando Bueno, idealizadores do evento!<\/p>\n<figure id=\"attachment_1454\" aria-describedby=\"caption-attachment-1454\" style=\"width: 655px\" class=\"wp-caption alignnone\"><a href=\"http:\/\/zepaiva.com\/wp-content\/uploads\/2012\/02\/120223_canela_fw_34_v2.jpg\"><img fetchpriority=\"high\" decoding=\"async\" class=\"size-full wp-image-1454\" title=\"120223_canela_fw_34_v2\" src=\"http:\/\/zepaiva.com\/wp-content\/uploads\/2012\/02\/120223_canela_fw_34_v2.jpg\" alt=\"\" width=\"655\" height=\"465\" \/><\/a><figcaption id=\"caption-attachment-1454\" class=\"wp-caption-text\">Nair Benedicto e Z\u00e9 Paiva na abertura oficial do evento, no Pal\u00e1cio das Hort\u00eancias.<\/figcaption><\/figure>\n<p>Houveram diversas exposi\u00e7\u00f5es, entre elas a coletiva <em>Mestres do CFW<\/em>, para a qual eu tive a honra de ser convidado a expor ao lado de grandes fot\u00f3grafos que admiro. Foram expostas tr\u00eas imagens de cada um dos seguintes fot\u00f3grafos: Cl\u00f3vis Dariano, Dudu Contursi, Evandro Teixeira, Fernando Bueno, Leopoldo Plentz, Luiz Carlos Felizardo, Manuel da Costa, Orlando Brito, Raul Krebs, Ricardo \u201cKad\u00e3o\u201d Chaves e Rog\u00e9rio Reis. A mostra aconteceu no Pal\u00e1cio das Hort\u00eansias (casa de ver\u00e3o do Governador do Estado) e foi tamb\u00e9m a abertura oficial do evento, que completou dez anos em 2012.<\/p>\n<figure id=\"attachment_1463\" aria-describedby=\"caption-attachment-1463\" style=\"width: 655px\" class=\"wp-caption alignnone\"><a href=\"http:\/\/zepaiva.com\/wp-content\/uploads\/2012\/02\/395798_3184219318954_1069860726_3169970_1217007338_n.jpg\"><img decoding=\"async\" class=\"size-full wp-image-1463\" title=\"395798_3184219318954_1069860726_3169970_1217007338_n\" src=\"http:\/\/zepaiva.com\/wp-content\/uploads\/2012\/02\/395798_3184219318954_1069860726_3169970_1217007338_n.jpg\" alt=\"\" width=\"655\" height=\"473\" \/><\/a><figcaption id=\"caption-attachment-1463\" class=\"wp-caption-text\">Pal\u00e1cio das Hort\u00eansias. Foto de Fernando Pires.<\/figcaption><\/figure>\n<p>Destaque tamb\u00e9m para a exposi\u00e7\u00e3o <em>Nas Trilhas do Olhar<\/em>, de alunos do curso de fotografia da <a href=\"http:\/\/foto.espm.br\/\" target=\"_blank\">ESPM<\/a> Porto Alegre, onde sou professor. As 20 fotos (2 por aluno) foram impressas numa m\u00eddia resistente a chuva e expostas na pra\u00e7a Jo\u00e3o Corr\u00eaa, ao ar livre. Achei excelente a ideia, curadoria e montagem. Estou a horas sonhando com uma exposi\u00e7\u00e3o assim que democratize o acesso do p\u00fablico. Nem sempre as pessoas entram numa galeria ou num museu para ver uma exposi\u00e7\u00e3o mesmo que seja gratuito o acesso e isso j\u00e1 elitiza. Durante o tempo que eu estava vendo esta exposi\u00e7\u00e3o, pude presenciar v\u00e1rios adolescentes, que cruzavam o local, pararem por alguns instantes para observar e comentar atentamente algumas fotos.<\/p>\n<figure id=\"attachment_1456\" aria-describedby=\"caption-attachment-1456\" style=\"width: 655px\" class=\"wp-caption alignnone\"><a href=\"http:\/\/zepaiva.com\/wp-content\/uploads\/2012\/02\/419395_3189235084345_1069860726_3172297_1176420721_n.jpg\"><img decoding=\"async\" class=\"size-full wp-image-1456\" title=\"419395_3189235084345_1069860726_3172297_1176420721_n\" src=\"http:\/\/zepaiva.com\/wp-content\/uploads\/2012\/02\/419395_3189235084345_1069860726_3172297_1176420721_n.jpg\" alt=\"\" width=\"655\" height=\"473\" \/><\/a><figcaption id=\"caption-attachment-1456\" class=\"wp-caption-text\">Exposi\u00e7\u00e3o dos alunos do curso de fotografia da ESPM Porto Alegre. Foto de Fernando Pires.<\/figcaption><\/figure>\n<p>Meu workshop de fotografia de natureza aconteceu quinta-feira 23\/2 na Casa de Pedra &#8211; a parte te\u00f3rica; sexta-feira no <a href=\"http:\/\/www.ecoparquesperry.com.br\/sperry\/index.php?option=com_content&amp;view=article&amp;id=1&amp;Itemid=3\" target=\"_blank\">EcoParque Sperry<\/a>&#8211; a parte pr\u00e1tica; e finalizou no s\u00e1bado no Hotel Klein Ville, onde comentei as fotos dos alunos sobre as pautas propostas por mim e apresentei meu fluxo de trabalho usando as imagens feitas na sa\u00edda a campo. Neste workshop contei com a valiosa colabora\u00e7\u00e3o dos bi\u00f3logos Eliane Heuser e Vitor Hugo Travi como monitores.<\/p>\n<figure id=\"attachment_1457\" aria-describedby=\"caption-attachment-1457\" style=\"width: 655px\" class=\"wp-caption alignnone\"><a href=\"http:\/\/zepaiva.com\/wp-content\/uploads\/2012\/02\/luiz-avila.jpg\"><img loading=\"lazy\" decoding=\"async\" class=\"size-full wp-image-1457\" title=\"luiz-avila\" src=\"http:\/\/zepaiva.com\/wp-content\/uploads\/2012\/02\/luiz-avila.jpg\" alt=\"\" width=\"655\" height=\"435\" \/><\/a><figcaption id=\"caption-attachment-1457\" class=\"wp-caption-text\">Z\u00e9 Paiva com alunos e monitores no EcoParque Sperry. Foto de Luiz Avila.<\/figcaption><\/figure>\n<p>Na sexta-feira aconteceu tamb\u00e9m a cerim\u00f4nia de lan\u00e7amento da pedra fundamental do\u00a0 Instituto de Fotografia e Artes Visuais de Canela, que ser\u00e1 constru\u00eddo sobre as ru\u00ednas do que seria um cassino. O projeto do escrit\u00f3rio <a href=\"http:\/\/www.soleassociados.com.br\/\" target=\"_blank\">Sol\u00e9 Associados<\/a> contempla salas para acervo de fotografia brasileira, audit\u00f3rio, diversas salas de exposi\u00e7\u00f5es, uma com p\u00e9 direito de 12m, biblioteca, cantina, est\u00fadios com possibilidade de luz natural e salas de aula;\u00a0 tudo numa \u00e1rea de 3.260m2 (que no final chegar\u00e1 a 9.136 m2)<\/p>\n<figure id=\"attachment_1458\" aria-describedby=\"caption-attachment-1458\" style=\"width: 655px\" class=\"wp-caption alignnone\"><a href=\"http:\/\/zepaiva.com\/wp-content\/uploads\/2012\/02\/429714_3197850739731_1069860726_3177822_1069548441_n.jpg\"><img loading=\"lazy\" decoding=\"async\" class=\"size-full wp-image-1458\" title=\"429714_3197850739731_1069860726_3177822_1069548441_n\" src=\"http:\/\/zepaiva.com\/wp-content\/uploads\/2012\/02\/429714_3197850739731_1069860726_3177822_1069548441_n.jpg\" alt=\"\" width=\"655\" height=\"473\" \/><\/a><figcaption id=\"caption-attachment-1458\" class=\"wp-caption-text\">Lan\u00e7amento da pedra fundamental do Instituto de Fotografia de Canela. Foto de Fernando Pires.<\/figcaption><\/figure>\n<p>No s\u00e1bado a tarde houveram diversas palestras de nomes como Cl\u00edcio Barroso, Fernando Schmitt, Fernando Bueno, Fl\u00e1via Moraes, M\u00e1rcio Scavone e Brasilio Wille. Tamb\u00e9m fui convidado para dar uma das palestras e falei sobre os meus projetos de expedi\u00e7\u00f5es, principalmente sobre o conceito e onde busquei a inspira\u00e7\u00e3o para desenvolv\u00ea-lo.<\/p>\n<figure id=\"attachment_1459\" aria-describedby=\"caption-attachment-1459\" style=\"width: 655px\" class=\"wp-caption alignnone\"><a href=\"http:\/\/zepaiva.com\/wp-content\/uploads\/2012\/02\/427568_3198211148741_1069860726_3178018_1531823577_n.jpg\"><img loading=\"lazy\" decoding=\"async\" class=\"size-full wp-image-1459\" title=\"427568_3198211148741_1069860726_3178018_1531823577_n\" src=\"http:\/\/zepaiva.com\/wp-content\/uploads\/2012\/02\/427568_3198211148741_1069860726_3178018_1531823577_n.jpg\" alt=\"\" width=\"655\" height=\"473\" \/><\/a><figcaption id=\"caption-attachment-1459\" class=\"wp-caption-text\">Z\u00e9 Paiva na palestra &#8220;O olhar naturalista&#8221;, no s\u00e1bado a tarde. Foto de Fernando Pires.<\/figcaption><\/figure>\n<p>O encerramento do evento foi um jantar no Hotel Continental com diversos sorteios (que animaram a noite) de livros, fotos e outros brindes. Fiquei bem feliz pois uma das minhas fotos da exposi\u00e7\u00e3o coletiva foi sorteada e quem ganhou foi Nair Benedicto, amiga e fot\u00f3grafa que admiro muito, como profissional e como pessoa sens\u00edvel e carinhosa.<\/p>\n<figure id=\"attachment_1460\" aria-describedby=\"caption-attachment-1460\" style=\"width: 655px\" class=\"wp-caption alignnone\"><a href=\"http:\/\/zepaiva.com\/wp-content\/uploads\/2012\/02\/405787_3198225949111_1069860726_3178033_897717464_n.jpg\"><img loading=\"lazy\" decoding=\"async\" class=\"size-full wp-image-1460\" title=\"405787_3198225949111_1069860726_3178033_897717464_n\" src=\"http:\/\/zepaiva.com\/wp-content\/uploads\/2012\/02\/405787_3198225949111_1069860726_3178033_897717464_n.jpg\" alt=\"\" width=\"655\" height=\"473\" \/><\/a><figcaption id=\"caption-attachment-1460\" class=\"wp-caption-text\">Final do jantar de encerramento do Canela Foto Workshops, no restaurante do Hotel Continental. Foto de Fernando Pires.<\/figcaption><\/figure>","protected":false},"excerpt":{"rendered":"<p>Acabo de voltar de Canela, na Serra Ga\u00facha, onde participei do Canela Foto Workshops. A melhor palavra para definir o evento \u00e9 &#8220;empolgante&#8221;. \u00c9 sempre interessante participar dos festivais de fotografia que (felizmente) assolam o pa\u00eds hoje em dia (s\u00e3o mais de vinte). Primeiro porque \u00e9 uma \u00f3tima oportunidade de reencontrar amigos-fot\u00f3grafos de todas as &hellip; <a href=\"https:\/\/zepaiva.com\/en\/canela-capital-da-fotografia\/\" class=\"more-link\">Continue reading <span class=\"screen-reader-text\">Canela, capital da fotografia<\/span> <span class=\"meta-nav\">&rarr;<\/span><\/a><\/p>","protected":false},"author":1,"featured_media":0,"comment_status":"open","ping_status":"open","sticky":false,"template":"","format":"standard","meta":{"_jetpack_memberships_contains_paid_content":false,"footnotes":""},"categories":[5,8,14],"tags":[59,98,133,163,168,182,203,221,333,408,468],"class_list":["post-1447","post","type-post","status-publish","format-standard","hentry","category-exposicoes","category-palestras","category-workshops","tag-aula","tag-canela","tag-curso","tag-evento","tag-exposicao","tag-festival","tag-fotografia","tag-gaucha","tag-natureza","tag-rio-grande-do-sul","tag-workshop"],"jetpack_featured_media_url":"","jetpack_sharing_enabled":true,"_links":{"self":[{"href":"https:\/\/zepaiva.com\/en\/wp-json\/wp\/v2\/posts\/1447","targetHints":{"allow":["GET"]}}],"collection":[{"href":"https:\/\/zepaiva.com\/en\/wp-json\/wp\/v2\/posts"}],"about":[{"href":"https:\/\/zepaiva.com\/en\/wp-json\/wp\/v2\/types\/post"}],"author":[{"embeddable":true,"href":"https:\/\/zepaiva.com\/en\/wp-json\/wp\/v2\/users\/1"}],"replies":[{"embeddable":true,"href":"https:\/\/zepaiva.com\/en\/wp-json\/wp\/v2\/comments?post=1447"}],"version-history":[{"count":0,"href":"https:\/\/zepaiva.com\/en\/wp-json\/wp\/v2\/posts\/1447\/revisions"}],"wp:attachment":[{"href":"https:\/\/zepaiva.com\/en\/wp-json\/wp\/v2\/media?parent=1447"}],"wp:term":[{"taxonomy":"category","embeddable":true,"href":"https:\/\/zepaiva.com\/en\/wp-json\/wp\/v2\/categories?post=1447"},{"taxonomy":"post_tag","embeddable":true,"href":"https:\/\/zepaiva.com\/en\/wp-json\/wp\/v2\/tags?post=1447"}],"curies":[{"name":"wp","href":"https:\/\/api.w.org\/{rel}","templated":true}]}}