{"id":1611,"date":"2012-08-26T22:07:11","date_gmt":"2012-08-27T01:07:11","guid":{"rendered":"http:\/\/zepaiva.com\/?p=1611"},"modified":"2012-08-26T22:07:11","modified_gmt":"2012-08-27T01:07:11","slug":"festfotopoa-2012","status":"publish","type":"post","link":"https:\/\/zepaiva.com\/en\/festfotopoa-2012\/","title":{"rendered":"FESTFOTOPOA 2012"},"content":{"rendered":"<p>Terminou ontem a semana &#8220;quente&#8221; do <a href=\"http:\/\/www.festfotopoa.com.br\/2012\/\" target=\"_blank\">VI Festival Internacional de Fotografia de Porto Alegre.<\/a> Este ano o FestFoto, como \u00e9 mais conhecido, foi adiado v\u00e1rias vezes e esteve amea\u00e7ado de n\u00e3o acontecer, devido a dificuldades com a capta\u00e7\u00e3o do patroc\u00ednio via Lei Rouanet, mas felizmente foi viabilizado. Na pilotagem da equipe\u00a0 desde a primeira edi\u00e7\u00e3o est\u00e1 o incans\u00e1vel realizador Carlos Carvalho, carioca que adotou Porto Alegre como domic\u00edlio. Este ano a fot\u00f3grafa homenageada foi a paulista Nair Benedicto, figura emblem\u00e1tica do fotojornalismo e do documentarismo brasileiro, com quarenta anos de estrada.<\/p>\n<p>Depois de voltar da Semana de Fotografia de Caxias (veja o post anterior), participei, dessa vez s\u00f3 como espectador, da abertura da exposi\u00e7\u00e3o da Nair e do FestFoto, na ter\u00e7a-feira dia 21 de agosto, e do segundo dia, quando a fot\u00f3grafa homenageada participou de uma mesa redonda e lan\u00e7ou o livro com uma retrospectiva do seu trabalho. A exposi\u00e7\u00e3o ficou muito interessante, e foi\u00a0 montada no sagu\u00e3o de entrada do Memorial do Rio Grande do Sul, um belo pr\u00e9dio hist\u00f3rico no centro de Porto Alegre, onde aconteceram todas as atividades do FestFoto 2012. As fotos foram montadas na frente e no verso de uma placa e suspensas no teto com finos cabos de a\u00e7o. O resultado voc\u00eas podem conferir abaixo ou ao vivo at\u00e9 30 de novembro.<\/p>\n<p><a href=\"http:\/\/zepaiva.com\/wp-content\/uploads\/2012\/08\/vista12d03769.jpg\"><img fetchpriority=\"high\" decoding=\"async\" class=\"alignnone size-full wp-image-1615\" title=\"vista12d03769\" src=\"http:\/\/zepaiva.com\/wp-content\/uploads\/2012\/08\/vista12d03769.jpg\" alt=\"\" width=\"655\" height=\"435\" \/><\/a><\/p>\n<p><a href=\"http:\/\/zepaiva.com\/wp-content\/uploads\/2012\/08\/vista12d03768.jpg\"><img decoding=\"async\" class=\"alignnone size-full wp-image-1614\" title=\"vista12d03768\" src=\"http:\/\/zepaiva.com\/wp-content\/uploads\/2012\/08\/vista12d03768.jpg\" alt=\"\" width=\"655\" height=\"435\" \/><\/a><\/p>\n<p><a href=\"http:\/\/zepaiva.com\/wp-content\/uploads\/2012\/08\/vista12d03767.jpg\"><img decoding=\"async\" class=\"alignnone size-full wp-image-1613\" title=\"vista12d03767\" src=\"http:\/\/zepaiva.com\/wp-content\/uploads\/2012\/08\/vista12d03767.jpg\" alt=\"\" width=\"655\" height=\"435\" \/><\/a><\/p>\n<p><a href=\"http:\/\/zepaiva.com\/wp-content\/uploads\/2012\/08\/vista12d03763.jpg\"><img loading=\"lazy\" decoding=\"async\" class=\"alignnone size-full wp-image-1612\" title=\"vista12d03763\" src=\"http:\/\/zepaiva.com\/wp-content\/uploads\/2012\/08\/vista12d03763.jpg\" alt=\"\" width=\"655\" height=\"435\" \/><\/a><\/p>\n<p>Na quarta-feira 22 de agosto assisti a mesa &#8211; A experi\u00eancia das ag\u00eancias independentes da d\u00e9cada de 80 &#8211; onde Ricardo Chaves, o Kad\u00e3o do jornal Zero Hora, (que ser\u00e1 o homenageado do FestFoto 2013) contou sua experi\u00eancia na Focontexto e nos divertiu com suas hist\u00f3rias sempre bem contadas e bem humoradas. Depois dele o fot\u00f3grafo Juca Martins falou sobre a hist\u00f3ria da <a href=\"http:\/\/www.agenciaf4.com\/\" target=\"_blank\">ag\u00eancia F4<\/a>, que montou com Nair Benedicto e Ricardo Malta em S\u00e3o Paulo, e marcou \u00e9poca no fotojornalismo brasileiro, principalmente pela valoriza\u00e7\u00e3o dos direitos dos fot\u00f3grafos.<\/p>\n<p>A seguir aconteceu a mesa redonda com a Nair Benedicto, que foi marcada por muita emo\u00e7\u00e3o, pois dela participaram as principais jornalistas parceiras da autora durante sua carreira, al\u00e9m de uma das suas filhas. Nair e as colegas relembraram epis\u00f3dios de diversas mat\u00e9rias publicadas pela imprensa brasileira ao longo de sua vida. Depois de encerrada a mesa aconteceu o lan\u00e7amento do livro &#8220;Vi ver&#8221; da Nair, uma retrospectiva de sua trajet\u00f3ria fotogr\u00e1fica com edi\u00e7\u00e3o das fotos por C\u00e9lio Rosa, Fausto Chermont, Juca Martins, Ricardo Tilkian (que tamb\u00e9m assina o projeto gr\u00e1fico), Salomon Cytrynowicz e da pr\u00f3pria Nair. Os textos s\u00e3o de Andr\u00e9ia Peres, Aten\u00e9ia Feij\u00f3, Iza Salles, Jun\u00e9ia Mallas, La\u00eds Tapaj\u00f3s, Rubens Fernandes J\u00fanior, Si\u00e3 Osai Sales-kachinawa\u00a0 e da Nair.<\/p>\n<figure id=\"attachment_1618\" aria-describedby=\"caption-attachment-1618\" style=\"width: 655px\" class=\"wp-caption alignnone\"><a href=\"http:\/\/zepaiva.com\/wp-content\/uploads\/2012\/08\/vinicc81cius-roratto-carvalho.jpg\"><img loading=\"lazy\" decoding=\"async\" class=\"size-full wp-image-1618\" title=\"Vini\u0301cius Roratto Carvalho\" src=\"http:\/\/zepaiva.com\/wp-content\/uploads\/2012\/08\/vinicc81cius-roratto-carvalho.jpg\" alt=\"\" width=\"655\" height=\"428\" \/><\/a><figcaption id=\"caption-attachment-1618\" class=\"wp-caption-text\">Nair Benedicto e Luis Carlos Felizardo, o homenageado do FestFoto 2011. Foto de Vini\u0301cius Roratto Carvalho<\/figcaption><\/figure>\n<figure id=\"attachment_1619\" aria-describedby=\"caption-attachment-1619\" style=\"width: 655px\" class=\"wp-caption alignnone\"><a href=\"http:\/\/zepaiva.com\/wp-content\/uploads\/2012\/08\/560939_3871576439388_190977530_n.jpg\"><img loading=\"lazy\" decoding=\"async\" class=\"size-full wp-image-1619\" title=\"560939_3871576439388_190977530_n\" src=\"http:\/\/zepaiva.com\/wp-content\/uploads\/2012\/08\/560939_3871576439388_190977530_n.jpg\" alt=\"\" width=\"655\" height=\"458\" \/><\/a><figcaption id=\"caption-attachment-1619\" class=\"wp-caption-text\">Capa do livro &#8220;Vi Ver&#8221; de Nair Benedicto.<\/figcaption><\/figure>","protected":false},"excerpt":{"rendered":"<p>Terminou ontem a semana &#8220;quente&#8221; do VI Festival Internacional de Fotografia de Porto Alegre. Este ano o FestFoto, como \u00e9 mais conhecido, foi adiado v\u00e1rias vezes e esteve amea\u00e7ado de n\u00e3o acontecer, devido a dificuldades com a capta\u00e7\u00e3o do patroc\u00ednio via Lei Rouanet, mas felizmente foi viabilizado. Na pilotagem da equipe\u00a0 desde a primeira edi\u00e7\u00e3o &hellip; <a href=\"https:\/\/zepaiva.com\/en\/festfotopoa-2012\/\" class=\"more-link\">Continue reading <span class=\"screen-reader-text\">FESTFOTOPOA 2012<\/span> <span class=\"meta-nav\">&rarr;<\/span><\/a><\/p>","protected":false},"author":1,"featured_media":0,"comment_status":"open","ping_status":"open","sticky":false,"template":"","format":"standard","meta":{"_jetpack_memberships_contains_paid_content":false,"footnotes":""},"categories":[5,6,8],"tags":[163,168,203,221,284,291,329,349,384,408],"class_list":["post-1611","post","type-post","status-publish","format-standard","hentry","category-exposicoes","category-lancamentos","category-palestras","tag-evento","tag-exposicao","tag-fotografia","tag-gaucha","tag-lancamento","tag-livro","tag-nair-benedicto","tag-palestra","tag-porto-alegre","tag-rio-grande-do-sul"],"jetpack_featured_media_url":"","jetpack_sharing_enabled":true,"_links":{"self":[{"href":"https:\/\/zepaiva.com\/en\/wp-json\/wp\/v2\/posts\/1611","targetHints":{"allow":["GET"]}}],"collection":[{"href":"https:\/\/zepaiva.com\/en\/wp-json\/wp\/v2\/posts"}],"about":[{"href":"https:\/\/zepaiva.com\/en\/wp-json\/wp\/v2\/types\/post"}],"author":[{"embeddable":true,"href":"https:\/\/zepaiva.com\/en\/wp-json\/wp\/v2\/users\/1"}],"replies":[{"embeddable":true,"href":"https:\/\/zepaiva.com\/en\/wp-json\/wp\/v2\/comments?post=1611"}],"version-history":[{"count":0,"href":"https:\/\/zepaiva.com\/en\/wp-json\/wp\/v2\/posts\/1611\/revisions"}],"wp:attachment":[{"href":"https:\/\/zepaiva.com\/en\/wp-json\/wp\/v2\/media?parent=1611"}],"wp:term":[{"taxonomy":"category","embeddable":true,"href":"https:\/\/zepaiva.com\/en\/wp-json\/wp\/v2\/categories?post=1611"},{"taxonomy":"post_tag","embeddable":true,"href":"https:\/\/zepaiva.com\/en\/wp-json\/wp\/v2\/tags?post=1611"}],"curies":[{"name":"wp","href":"https:\/\/api.w.org\/{rel}","templated":true}]}}