{"id":1657,"date":"2012-11-27T15:44:22","date_gmt":"2012-11-27T18:44:22","guid":{"rendered":"http:\/\/zepaiva.com\/?p=1657"},"modified":"2025-02-26T13:25:21","modified_gmt":"2025-02-26T13:25:21","slug":"premio-marc-ferrez","status":"publish","type":"post","link":"https:\/\/zepaiva.com\/en\/premio-marc-ferrez\/","title":{"rendered":"Pr\u00eamio Marc Ferrez"},"content":{"rendered":"<p>A Funda\u00e7\u00e3o Nacional de Artes, FUNARTE, divulgou o resultado do XII Pr\u00eamio Marc Ferrez de Fotografia. Foram 45 projetos contemplados em 3 categorias diferentes:<\/p>\n<p>M\u00f3dulo 1: Projeto de livre cria\u00e7\u00e3o fotogr\u00e1fica: 15 projetos.<br \/>\nM\u00f3dulo 2: Projeto de documenta\u00e7\u00e3o fotogr\u00e1fica do Brasil: 15 projetos.<br \/>\nM\u00f3dulo 3: Projeto de produ\u00e7\u00e3o de reflex\u00e3o cr\u00edtica sobre fotografia: 15 projetos.<\/p>\n<p>Os pr\u00eamios s\u00e3o de R$ 50 mil para cada projeto totalizando R$ 2,25 milh\u00f5es.<\/p>\n<p>O meu projeto &#8220;Iluminados &#8211; personagens da Ilha de Santa Catarina&#8221; foi um dos contemplados da categoria documental. O objetivo geral \u00e9 mostrar uma vis\u00e3o pessoal sobre o tema retrato, atrav\u00e9s dos personagens em seu contexto de trabalho. Ao mesmo tempo vai revelar os retratados, alguns conhecidos do p\u00fablico, outros ilustres desconhecidos. Todos os \u201cpersonagens\u201d ter\u00e3o em comum o fato de terem uma longa hist\u00f3ria de vida e portanto acumularem uma sabedoria de algum campo particular da cultura da Ilha de Santa Catarina.<\/p>\n\n<p>Ser\u00e3o no total 20 retratos e um autorretrato que ser\u00e3o expostos como <em>backlights<\/em>, ou seja, em caixas pretas com luz por tr\u00e1s, dentro de uma sala na penumbra. Este projeto foi concebido a partir de um trabalho realizado para a disciplina Imagem e Comunica\u00e7\u00e3o ministrada pela professora Dra. Denise Camargo, que fiz como parte da minha p\u00f3s-gradua\u00e7\u00e3o em fotografia na UNIVALI.<\/p>\n<p>O ponto de partida foi uma s\u00e9rie de autorretratos partindo de uma pose frontal, sentado, com uma roupa, fundo e cen\u00e1rio neutros. A partir da\u00ed fiz uma primeira imagem com uma ilumina\u00e7\u00e3o aberta e difusa. Nas fotos seguintes iluminei-me atrav\u00e9s de <i>lightpainting<\/i> (pintura de luz com uma lanterna). Quis com isso mostrar como somente a ilumina\u00e7\u00e3o j\u00e1 \u00e9 capaz de dar subjetividade ao resultado final. A partir da\u00ed, incentivado pela professora Denise, iniciei uma experimenta\u00e7\u00e3o para construir uma s\u00e9rie de retratos de personagens usando essa t\u00e9cnica, incorporando \u00e0 imagem a contextualiza\u00e7\u00e3o dada pelo cen\u00e1rio dom\u00e9stico de cada retratado.<\/p>\n<p>A inspira\u00e7\u00e3o para este projeto veio do livro \u201cA fotografia entre documento e arte contempor\u00e2nea\u201d do pesquisador franc\u00eas Andr\u00e9 Rouill\u00e9 (Editora SENAC 2009). No cap\u00edtulo \u201cA transpar\u00eancia\u201d, Rouill\u00e9 descreve o trabalho de Bertillon, em 1888, no Servi\u00e7o de Identifica\u00e7\u00e3o da Chefatura de Paris. O m\u00e9rito de Bertillon foi, segundo Rouill\u00e9, mostrar concretamente que a transpar\u00eancia da fotografia-documento n\u00e3o \u00e9 produto autom\u00e1tico da m\u00e1quina, de um simples registro, mas o resultado de uma h\u00e1bil constru\u00e7\u00e3o de injun\u00e7\u00f5es (nitidez, luminosidade, frontalidade&#8230;) e de proibi\u00e7\u00f5es (sem sombra, sem deforma\u00e7\u00e3o, sem autor&#8230;).<\/p>\n<p>Mais adiante, Rouille come\u00e7a a anunciar a fotografia-express\u00e3o quando declara que o menor enquadramento \u00e9 ao mesmo tempo inclus\u00e3o e exclus\u00e3o, que o mais extraordin\u00e1rio ponto de vista \u00e9 tomada de posi\u00e7\u00e3o, que o registro mais espont\u00e2neo \u00e9 constru\u00e7\u00e3o, \u00e9 preciso insistir nisto: que informar \u00e9, sempre, de uma certa maneira, criar o acontecimento, represent\u00e1-lo. Quando o autor finalmente discorre sobre a fotografia-express\u00e3o, afirma que os seus tra\u00e7os principais s\u00e3o: o elogio da forma, a afirma\u00e7\u00e3o da individualidade do fotografo e o dialogismo com os modelos.<\/p>\n<p>Neste projeto vamos justamente questionar a objetividade da imagem, j\u00e1 que os registros tem a interfer\u00eancia do artista na interven\u00e7\u00e3o no cen\u00e1rio, mudando de lugar objetos, m\u00f3veis e adere\u00e7os, e na gestualidade da ilumina\u00e7\u00e3o <i>lightpainting, <\/i>que carrega consigo uma marca de imprevisibilidade, j\u00e1 que o artista n\u00e3o tem um controle preciso do processo. Os modelos e os cen\u00e1rios dialogam com a individualidade do artista que vai ser atra\u00eddo pela cor de um tapete, pelo brilho de um crucifixo, por exemplo, e revelar\u00e1 esses aspectos no percurso do seu <i>lightpainting<\/i>.<\/p>","protected":false},"excerpt":{"rendered":"<p>A Funda\u00e7\u00e3o Nacional de Artes, FUNARTE, divulgou o resultado do XII Pr\u00eamio Marc Ferrez de Fotografia. Foram 45 projetos contemplados em 3 categorias diferentes: M\u00f3dulo 1: Projeto de livre cria\u00e7\u00e3o fotogr\u00e1fica: 15 projetos. M\u00f3dulo 2: Projeto de documenta\u00e7\u00e3o fotogr\u00e1fica do Brasil: 15 projetos. M\u00f3dulo 3: Projeto de produ\u00e7\u00e3o de reflex\u00e3o cr\u00edtica sobre fotografia: 15 projetos. &hellip; <a href=\"https:\/\/zepaiva.com\/en\/premio-marc-ferrez\/\" class=\"more-link\">Continue reading <span class=\"screen-reader-text\">Pr\u00eamio Marc Ferrez<\/span> <span class=\"meta-nav\">&rarr;<\/span><\/a><\/p>","protected":false},"author":1,"featured_media":0,"comment_status":"open","ping_status":"open","sticky":false,"template":"","format":"standard","meta":{"_jetpack_memberships_contains_paid_content":false,"footnotes":""},"categories":[5,9],"tags":[168,203,213,308,389],"class_list":["post-1657","post","type-post","status-publish","format-standard","hentry","category-exposicoes","category-premios-e-destaques","tag-exposicao","tag-fotografia","tag-funarte","tag-marc-ferrez","tag-premio"],"jetpack_featured_media_url":"","jetpack_sharing_enabled":true,"_links":{"self":[{"href":"https:\/\/zepaiva.com\/en\/wp-json\/wp\/v2\/posts\/1657","targetHints":{"allow":["GET"]}}],"collection":[{"href":"https:\/\/zepaiva.com\/en\/wp-json\/wp\/v2\/posts"}],"about":[{"href":"https:\/\/zepaiva.com\/en\/wp-json\/wp\/v2\/types\/post"}],"author":[{"embeddable":true,"href":"https:\/\/zepaiva.com\/en\/wp-json\/wp\/v2\/users\/1"}],"replies":[{"embeddable":true,"href":"https:\/\/zepaiva.com\/en\/wp-json\/wp\/v2\/comments?post=1657"}],"version-history":[{"count":1,"href":"https:\/\/zepaiva.com\/en\/wp-json\/wp\/v2\/posts\/1657\/revisions"}],"predecessor-version":[{"id":16799,"href":"https:\/\/zepaiva.com\/en\/wp-json\/wp\/v2\/posts\/1657\/revisions\/16799"}],"wp:attachment":[{"href":"https:\/\/zepaiva.com\/en\/wp-json\/wp\/v2\/media?parent=1657"}],"wp:term":[{"taxonomy":"category","embeddable":true,"href":"https:\/\/zepaiva.com\/en\/wp-json\/wp\/v2\/categories?post=1657"},{"taxonomy":"post_tag","embeddable":true,"href":"https:\/\/zepaiva.com\/en\/wp-json\/wp\/v2\/tags?post=1657"}],"curies":[{"name":"wp","href":"https:\/\/api.w.org\/{rel}","templated":true}]}}