{"id":1730,"date":"2013-03-28T01:32:12","date_gmt":"2013-03-28T04:32:12","guid":{"rendered":"http:\/\/zepaiva.com\/?p=1730"},"modified":"2025-02-26T13:19:20","modified_gmt":"2025-02-26T13:19:20","slug":"canela-foto-workshops-2","status":"publish","type":"post","link":"https:\/\/zepaiva.com\/en\/canela-foto-workshops-2\/","title":{"rendered":"Canela Foto Workshops"},"content":{"rendered":"<p>De 10 a 14 de abril teremos em Canela, na Serra Ga\u00facha, o <a href=\"http:\/\/www.canelaworkshops.com.br\/blog\/\" target=\"_blank\">Canela Foto Workshops, <\/a>festival de fotografia que acontece desde 2002 e re\u00fane nomes consagrados do cen\u00e1rio brasileiro. Este ano teremos diversas atra\u00e7\u00f5es como exposi\u00e7\u00f5es, palestras e workshops com os fot\u00f3grafos Cla\u00fadio Edinger, Cl\u00f3vis Dariano, Leopoldo Plentz, Guilherme Lund e Fernando Schmitt, entre outros. Veja a programa\u00e7\u00e3o completa no <a href=\"http:\/\/www.canelaworkshops.com.br\/blog\/\" target=\"_blank\">site do evento<\/a>.<\/p>\n<figure id=\"attachment_1599\" aria-describedby=\"caption-attachment-1599\" style=\"width: 630px\" class=\"wp-caption alignnone\"><a href=\"http:\/\/zepaiva.com\/wp-content\/uploads\/2012\/08\/img_3336.jpg\"><img fetchpriority=\"high\" decoding=\"async\" class=\"size-full wp-image-1599\" alt=\"Aula pr\u00e1tica da oficina de fotografia de natureza no Parque Municipal Mato Sartori.\" src=\"http:\/\/zepaiva.com\/wp-content\/uploads\/2012\/08\/img_3336.jpg\" width=\"630\" height=\"420\" \/><\/a><figcaption id=\"caption-attachment-1599\" class=\"wp-caption-text\">Aula pr\u00e1tica da oficina de fotografia de natureza no Parque Municipal Mato Sartori. Foto de Evandro Modesto<\/figcaption><\/figure>\n<p>Eu estarei dando pela segunda vez um workshop sobre fotografia de natureza que vai acontecer de 11 \u00e0 13 de abril. No primeiro dia teremos uma aula mais te\u00f3rica permeada por algumas din\u00e2micas. Durante este dia vou mostrar refer\u00eancias de mestres da fotografia, dar no\u00e7\u00f5es de composi\u00e7\u00e3o, luz natural e artificial, planejamento de sa\u00edda a campo, comportamento na natureza e acima de tudo tentar despertar a fotografia autoral de cada participante.<\/p>\n<figure id=\"attachment_1741\" aria-describedby=\"caption-attachment-1741\" style=\"width: 655px\" class=\"wp-caption alignnone\"><a href=\"http:\/\/zepaiva.com\/wp-content\/uploads\/2013\/03\/juliano_araujo.jpg\"><img decoding=\"async\" class=\"size-full wp-image-1741\" alt=\"Aula no curso avan\u00e7ado de fotografia da ESPM Porto Alegre. Foto de Juliano Ara\u00fajo.\" src=\"http:\/\/zepaiva.com\/wp-content\/uploads\/2013\/03\/juliano_araujo.jpg\" width=\"655\" height=\"435\" \/><\/a><figcaption id=\"caption-attachment-1741\" class=\"wp-caption-text\">Aula no curso avan\u00e7ado de fotografia da ESPM Porto Alegre. Foto de Juliano Ara\u00fajo.<\/figcaption><\/figure>\n<p>No segundo dia iremos ao amanhecer para o <a href=\"http:\/\/www.ecoparquesperry.com.br\/sperry\/index.php?option=com_content&amp;view=article&amp;id=1&amp;Itemid=3\" target=\"_blank\">Eco Parque Sperry<\/a> onde passaremos o dia fotografando para colocar em pr\u00e1tica os conceitos vistos no dia anterior. Neste dia contaremos com o apoio do bi\u00f3logo Vitor Hugo Travi, administrador ambiental do Parque. Almo\u00e7aremos no <a href=\"http:\/\/www.ecoparquesperry.com.br\/sperry\/index.php?option=com_content&amp;view=article&amp;id=9&amp;Itemid=12\" target=\"_blank\">Restaurante B\u00earga Motta<\/a>, que fica no pr\u00f3prio parque (e \u00e9 uma atra\u00e7\u00e3o a parte).<\/p>\n<figure id=\"attachment_1457\" aria-describedby=\"caption-attachment-1457\" style=\"width: 655px\" class=\"wp-caption alignnone\"><a href=\"http:\/\/zepaiva.com\/wp-content\/uploads\/2012\/02\/luiz-avila.jpg\"><img decoding=\"async\" class=\"size-full wp-image-1457\" alt=\"Turma do workshop de 2012 no Eco Parque Sperry. Foto de Luiz Avila.\" src=\"http:\/\/zepaiva.com\/wp-content\/uploads\/2012\/02\/luiz-avila.jpg\" width=\"655\" height=\"435\" \/><\/a><figcaption id=\"caption-attachment-1457\" class=\"wp-caption-text\">Turma do workshop de 2012 no Eco Parque Sperry. Foto de Luiz Avila.<\/figcaption><\/figure>\n<figure id=\"attachment_1743\" aria-describedby=\"caption-attachment-1743\" style=\"width: 655px\" class=\"wp-caption alignnone\"><a href=\"http:\/\/zepaiva.com\/wp-content\/uploads\/2013\/03\/resultado-3-2.jpg\"><img loading=\"lazy\" decoding=\"async\" class=\"size-full wp-image-1743\" alt=\"Workshop de fotografia de natureza no Eco parque Sperry em 2012.\" src=\"http:\/\/zepaiva.com\/wp-content\/uploads\/2013\/03\/resultado-3-2.jpg\" width=\"655\" height=\"433\" \/><\/a><figcaption id=\"caption-attachment-1743\" class=\"wp-caption-text\">Workshop de fotografia de natureza no Eco Parque Sperry em 2012. Foto Eliane Heuser<\/figcaption><\/figure>\n<figure id=\"attachment_1744\" aria-describedby=\"caption-attachment-1744\" style=\"width: 655px\" class=\"wp-caption alignnone\"><a href=\"http:\/\/zepaiva.com\/wp-content\/uploads\/2013\/03\/eh-5.jpg\"><img loading=\"lazy\" decoding=\"async\" class=\"size-full wp-image-1744\" alt=\"Almo\u00e7o no restaurante B\u00earga Motta durante o workshop de 2012. Foto de Eliane Heuser.\" src=\"http:\/\/zepaiva.com\/wp-content\/uploads\/2013\/03\/eh-5.jpg\" width=\"655\" height=\"433\" \/><\/a><figcaption id=\"caption-attachment-1744\" class=\"wp-caption-text\">Almo\u00e7o no restaurante B\u00earga Motta durante o workshop de 2012. Foto de Eliane Heuser.<\/figcaption><\/figure>\n<p>No terceiro dia faremos uma revis\u00e3o comentada das imagens obtidas no Eco Parque Sperry. Esta \u00e9 parte mais importante do workshop, pois aprendemos com nossos erros e acertos, e discutimos onde podemos melhorar nossas fotografias.<\/p>\n<p>Al\u00e9m do workshop estarei exibindo uma exposi\u00e7\u00e3o com imagens do meu mais recente projeto, <a href=\"http:\/\/expedicaotocantins.wordpress.com\/\" target=\"_blank\">Tocantins Nature Expedition<\/a>, que lancei final do ano passado em Palmas, Porto Alegre, S\u00e3o Paulo e Florian\u00f3polis, juntamente com o livro de mesmo nome. \u00c9 o terceiro livro da s\u00e9rie que come\u00e7ou em Santa Catarina, passou pela Natureza Ga\u00facha e chegou ao norte do Brasil, onde o Cerrado encontra a Amaz\u00f4nia. A exposi\u00e7\u00e3o estar\u00e1 no Espa\u00e7o 273 todos os dias das 9 as 18h. O livro estarei lan\u00e7ando as 19h do dia 10\/04 no Emp\u00f3rio Canela. Este livro teve duas fotos entre as finalistas do concurso <a href=\"http:\/\/www.nhm.ac.uk\/visit-us\/whats-on\/temporary-exhibitions\/wpy\/index.jsp\" target=\"_blank\">Wildlife Photographer of the Year<\/a>, promovido pelo Museu de Hist\u00f3ria Natural de Londres.<\/p>\n<p><a href=\"http:\/\/zepaiva.com\/wp-content\/uploads\/2012\/12\/livro-tocantins-baixa-2.jpg\"><img loading=\"lazy\" decoding=\"async\" class=\"alignnone size-full wp-image-1698\" alt=\"LIVRO TOCANTINS BAIXA-2\" src=\"http:\/\/zepaiva.com\/wp-content\/uploads\/2012\/12\/livro-tocantins-baixa-2.jpg\" width=\"655\" height=\"422\" \/><\/a><\/p>\n<p>Tamb\u00e9m vou dar uma das palestras do ciclo que haver\u00e1 durante todo o dia de s\u00e1bado 13\/04 a partir das 13h30 na Casa de Pedra. Os outros palestrantes ser\u00e3o: Cl\u00e1udio Edinger, \u00c2ngela Magalh\u00e3es, Rui Faquini, Delfim Martins, Fernanda Chemale, Al Hamdan, Eduardo Bueno, Fernando Bueno, Rog\u00e9rio Reis, Evandro Teixeira, Orlando Brito, Fernando Schmitt, Ricardo Chaves, Luiz Carlos Felizardo, Leopoldo Plentz, Cl\u00f3vis Dariano, Raul Krebs\u00a0 entre outros. Nem preciso dizer que ser\u00e1 imperd\u00edvel n\u00e3o \u00e9 mesmo?<\/p>\n<p>N\u00e3o bastassem todas essas atra\u00e7\u00f5es ainda temos a encantadora cidade de Canela, com seus aconchegantes restaurantes e caf\u00e9s, rodeada pelas belas paisagens da Serra Geral. Num raio de 100 quil\u00f4metros temos atra\u00e7\u00f5es de primeira magnitude como por exemplo o Parque Nacional de Aparados da Serra &#8211; com penhascos de 800 metros de altura no impressionante C\u00e2nion do Itaimb\u00e9zinho &#8211; e o Parque Nacional da Serra Geral, onde outro C\u00e2nion, o Fortaleza, deixa qualquer um de queixo ca\u00eddo tal a sua impon\u00eancia. Al\u00e9m disso temos arauc\u00e1rias seculares em Canela e Nova Petr\u00f3polis e dezenas de outros parques. O clima nessa \u00e9poca outonal \u00e9 ameno e super agrad\u00e1vel. O que voc\u00ea est\u00e1 esperando? Reserve sua vaga e venha!<\/p>\n<p>SERVI\u00c7O<\/p>\n<p><strong>Workshop Fotografia de Natureza (autoral)<\/strong><\/p>\n<p>Data: 11 \u00e0 13 de abril de 2013<\/p>\n<p>Informa\u00e7\u00f5es e inscri\u00e7\u00f5es:<\/p>\n<p>Funda\u00e7\u00e3o Cultural de Canela<\/p>\n<p>nina@fccanela.com.br<\/p>\n<p>canelaworkshops@via-rs.net<\/p>\n<p>(54) 3282-4066<\/p>\n<p>Custo: R$550,00 &#8211; inclu\u00eddos transporte de ida e volta ao parque e alimenta\u00e7\u00e3o<\/p>\n<p>A vista com 5% de desconto \u2013 R$ 522,50<\/p>\n<p>Em 3 parcelas \u2013 entrada de R$ 180,00 com dep\u00f3sito banc\u00e1rio e restante no credenciamento com cheques<\/p>\n<p>10% de desconto para estudante universit\u00e1rio<\/p>\n<p><strong>Lan\u00e7amento do livro Expedi\u00e7\u00e3o Natureza Tocantins<\/strong><\/p>\n<p>Local: Emp\u00f3rio Canela &#8211; Rua Felisberto Soares 258 &#8211; fone (54) 3031 1000<\/p>\n<p>Data: 10\/04 as 19h<\/p>\n<p><strong>Exposi\u00e7\u00e3o<\/strong> <strong>Tocantins Nature Expedition<\/strong><\/p>\n<p>Local:<strong>\u00a0<\/strong>Espa\u00e7o 273, Rua Tenente Manoel Correa, 273, Canela RS<\/p>\n<p>Hor\u00e1rio de Funcionamento: 9h \u00e0s 18h<\/p>","protected":false},"excerpt":{"rendered":"<p>De 10 a 14 de abril teremos em Canela, na Serra Ga\u00facha, o Canela Foto Workshops, festival de fotografia que acontece desde 2002 e re\u00fane nomes consagrados do cen\u00e1rio brasileiro. Este ano teremos diversas atra\u00e7\u00f5es como exposi\u00e7\u00f5es, palestras e workshops com os fot\u00f3grafos Cla\u00fadio Edinger, Cl\u00f3vis Dariano, Leopoldo Plentz, Guilherme Lund e Fernando Schmitt, entre &hellip; <a href=\"https:\/\/zepaiva.com\/en\/canela-foto-workshops-2\/\" class=\"more-link\">Continue reading <span class=\"screen-reader-text\">Canela Foto Workshops<\/span> <span class=\"meta-nav\">&rarr;<\/span><\/a><\/p>","protected":false},"author":1,"featured_media":0,"comment_status":"open","ping_status":"open","sticky":false,"template":"","format":"standard","meta":{"_jetpack_memberships_contains_paid_content":false,"footnotes":""},"categories":[5,6,8,14],"tags":[59,98,99,163,168,203,221,284,291,333,349,356,408,468],"class_list":["post-1730","post","type-post","status-publish","format-standard","hentry","category-exposicoes","category-lancamentos","category-palestras","category-workshops","tag-aula","tag-canela","tag-canela-foto-workshops","tag-evento","tag-exposicao","tag-fotografia","tag-gaucha","tag-lancamento","tag-livro","tag-natureza","tag-palestra","tag-parque","tag-rio-grande-do-sul","tag-workshop"],"jetpack_featured_media_url":"","jetpack_sharing_enabled":true,"_links":{"self":[{"href":"https:\/\/zepaiva.com\/en\/wp-json\/wp\/v2\/posts\/1730","targetHints":{"allow":["GET"]}}],"collection":[{"href":"https:\/\/zepaiva.com\/en\/wp-json\/wp\/v2\/posts"}],"about":[{"href":"https:\/\/zepaiva.com\/en\/wp-json\/wp\/v2\/types\/post"}],"author":[{"embeddable":true,"href":"https:\/\/zepaiva.com\/en\/wp-json\/wp\/v2\/users\/1"}],"replies":[{"embeddable":true,"href":"https:\/\/zepaiva.com\/en\/wp-json\/wp\/v2\/comments?post=1730"}],"version-history":[{"count":1,"href":"https:\/\/zepaiva.com\/en\/wp-json\/wp\/v2\/posts\/1730\/revisions"}],"predecessor-version":[{"id":16790,"href":"https:\/\/zepaiva.com\/en\/wp-json\/wp\/v2\/posts\/1730\/revisions\/16790"}],"wp:attachment":[{"href":"https:\/\/zepaiva.com\/en\/wp-json\/wp\/v2\/media?parent=1730"}],"wp:term":[{"taxonomy":"category","embeddable":true,"href":"https:\/\/zepaiva.com\/en\/wp-json\/wp\/v2\/categories?post=1730"},{"taxonomy":"post_tag","embeddable":true,"href":"https:\/\/zepaiva.com\/en\/wp-json\/wp\/v2\/tags?post=1730"}],"curies":[{"name":"wp","href":"https:\/\/api.w.org\/{rel}","templated":true}]}}