{"id":1947,"date":"2014-07-23T15:11:55","date_gmt":"2014-07-23T18:11:55","guid":{"rendered":"http:\/\/zepaiva.com\/?p=1947"},"modified":"2025-02-20T17:43:57","modified_gmt":"2025-02-20T17:43:57","slug":"workshop-de-retrato-com-lightpainting-no-rio-de-janeiro-nova-data","status":"publish","type":"post","link":"https:\/\/zepaiva.com\/en\/workshop-de-retrato-com-lightpainting-no-rio-de-janeiro-nova-data\/","title":{"rendered":"Workshop de retrato com lightpainting no Rio de Janeiro &#8211; NOVA DATA"},"content":{"rendered":"<p><a href=\"http:\/\/zepaiva.com\/wp-content\/uploads\/2013\/05\/vista12d02452.jpg\"><img fetchpriority=\"high\" decoding=\"async\" class=\"alignnone size-full wp-image-1759\" src=\"http:\/\/zepaiva.com\/wp-content\/uploads\/2013\/05\/vista12d02452.jpg\" alt=\"Alecio  dos Passos\" width=\"465\" height=\"700\" \/><\/a><\/p>\n<p>Este\u00a0workshop visa introduzir os alunos \u00e0 t\u00e9cnica do lightpainting (pintura com luz) aplicada ao retrato fotogr\u00e1fico, fornecendo referenciais te\u00f3ricos e propondo uma pr\u00e1tica de est\u00fadio. O workshop consta de uma parte te\u00f3rica onde o professor Z\u00e9 Paiva ir\u00e1 mostrar um hist\u00f3rico do uso da t\u00e9cnica de lightpainting na fotografia, uma abordagem da t\u00e9cnica em si e uma explana\u00e7\u00e3o sobre o seu uso do lightpainting em ensaios autorais com destaque para o ensaio de sua autoria\u00a0<a href=\"http:\/\/zepaiva.com\/en\/vencedor-do-premio-marc-ferrez-fotografo-ze-paiva-expoe-no-masc\/\" target=\"_blank\" rel=\"noopener\"><em>Iluminados, personagens da Ilha de Santa Catarina <\/em><\/a>&#8211; contemplado com o Pr\u00eamio FUNARTE Marc Ferrez em 2012.<span style=\"text-decoration: underline;\">\u00a0<\/span>Veja <a href=\"http:\/\/vimeo.com\/67097012\" target=\"_blank\" rel=\"noopener\">aqui<\/a> um making of do trabalho. Na segunda parte do workshop ser\u00e1 realizada uma pr\u00e1tica em est\u00fadio com a t\u00e9cnica onde todos os alunos poder\u00e3o fotografar e ser fotografados. Avaliaremos os resultados em tempo real com um notebook conectado a c\u00e2mera.<\/p>\n<p>S\u00e1bado, 2 de Agosto \u00a0 | \u00a0\u00a0Das 9 as 17hs.<\/p>\n<p>O que o aluno deve trazer &#8211; c\u00e2mera reflex, trip\u00e9, fonte diversas de luz (lanternas dos mais diversos tipos, velas, lamparinas, laser, etc.)<\/p>\n<p>N\u00edvel do participante: conhecimento b\u00e1sico de fotografia (velocidade, abertura do diafragma)<\/p>\n<p>Valor: R$ 380 em at\u00e9 3x<\/p>\n<p>Inscri\u00e7\u00f5es e informa\u00e7\u00f5es:<\/p>\n<p><strong>http:\/\/www.espacomutatiz.com\/#!retrato-com-light-painting\/cai3<\/strong><\/p>\n<p><strong>Fone: (21) 3547-7937 &#8211; 99571-6681<\/strong> <strong>contato@espacomutatiz.com<\/strong><\/p>","protected":false},"excerpt":{"rendered":"<p>Este\u00a0workshop visa introduzir os alunos \u00e0 t\u00e9cnica do lightpainting (pintura com luz) aplicada ao retrato fotogr\u00e1fico, fornecendo referenciais te\u00f3ricos e propondo uma pr\u00e1tica de est\u00fadio. O workshop consta de uma parte te\u00f3rica onde o professor Z\u00e9 Paiva ir\u00e1 mostrar um hist\u00f3rico do uso da t\u00e9cnica de lightpainting na fotografia, uma abordagem da t\u00e9cnica em si &hellip; <a href=\"https:\/\/zepaiva.com\/en\/workshop-de-retrato-com-lightpainting-no-rio-de-janeiro-nova-data\/\" class=\"more-link\">Continue reading <span class=\"screen-reader-text\">Workshop de retrato com lightpainting no Rio de Janeiro &#8211; NOVA DATA<\/span> <span class=\"meta-nav\">&rarr;<\/span><\/a><\/p>","protected":false},"author":1,"featured_media":0,"comment_status":"open","ping_status":"open","sticky":false,"template":"","format":"standard","meta":{"_jetpack_memberships_contains_paid_content":false,"footnotes":""},"categories":[14],"tags":[59,133,203,246,288,308,339,377,397,405,468],"class_list":["post-1947","post","type-post","status-publish","format-standard","hentry","category-workshops","tag-aula","tag-curso","tag-fotografia","tag-ilha-de-santa-catarina","tag-lightpainting","tag-marc-ferrez","tag-oficina","tag-pintura-com-luz","tag-retrato-fotografico","tag-rio-de-janeiro","tag-workshop"],"jetpack_featured_media_url":"","jetpack_sharing_enabled":true,"_links":{"self":[{"href":"https:\/\/zepaiva.com\/en\/wp-json\/wp\/v2\/posts\/1947","targetHints":{"allow":["GET"]}}],"collection":[{"href":"https:\/\/zepaiva.com\/en\/wp-json\/wp\/v2\/posts"}],"about":[{"href":"https:\/\/zepaiva.com\/en\/wp-json\/wp\/v2\/types\/post"}],"author":[{"embeddable":true,"href":"https:\/\/zepaiva.com\/en\/wp-json\/wp\/v2\/users\/1"}],"replies":[{"embeddable":true,"href":"https:\/\/zepaiva.com\/en\/wp-json\/wp\/v2\/comments?post=1947"}],"version-history":[{"count":1,"href":"https:\/\/zepaiva.com\/en\/wp-json\/wp\/v2\/posts\/1947\/revisions"}],"predecessor-version":[{"id":16425,"href":"https:\/\/zepaiva.com\/en\/wp-json\/wp\/v2\/posts\/1947\/revisions\/16425"}],"wp:attachment":[{"href":"https:\/\/zepaiva.com\/en\/wp-json\/wp\/v2\/media?parent=1947"}],"wp:term":[{"taxonomy":"category","embeddable":true,"href":"https:\/\/zepaiva.com\/en\/wp-json\/wp\/v2\/categories?post=1947"},{"taxonomy":"post_tag","embeddable":true,"href":"https:\/\/zepaiva.com\/en\/wp-json\/wp\/v2\/tags?post=1947"}],"curies":[{"name":"wp","href":"https:\/\/api.w.org\/{rel}","templated":true}]}}