{"id":2674,"date":"2015-08-06T22:33:14","date_gmt":"2015-08-07T01:33:14","guid":{"rendered":"http:\/\/zepaiva.com\/?p=2674"},"modified":"2015-08-06T22:33:14","modified_gmt":"2015-08-07T01:33:14","slug":"curso-de-fotografia-autoral","status":"publish","type":"post","link":"https:\/\/zepaiva.com\/en\/curso-de-fotografia-autoral\/","title":{"rendered":"curso de fotografia autoral"},"content":{"rendered":"<div class=\"wpb_text_column wpb_content_element\">\n<div class=\"wpb_wrapper\">\n<p><a href=\"https:\/\/zepaiva.com\/wp-content\/uploads\/2015\/08\/post_elec.png\"><img fetchpriority=\"high\" decoding=\"async\" class=\"alignnone size-large wp-image-2675\" src=\"https:\/\/zepaiva.com\/wp-content\/uploads\/2015\/08\/post_elec.png?w=655\" alt=\"post_elec\" width=\"655\" height=\"612\" \/><\/a><\/p>\n<p>O curso \u201cFotografia Autoral\u201d tem como objetivo preparar o aluno para criar, desenvolver e executar um projeto de fotografia em formatos variados, como publica\u00e7\u00f5es e exposi\u00e7\u00f5es. Num primeiro momento ser\u00e1 fomentado o desenvolvimento da linguagem fotogr\u00e1fica do aluno. Ser\u00e3o discutidos fundamentos te\u00f3ricos e pr\u00e1ticos de ilumina\u00e7\u00e3o: uso de luz natural, artificial e lightpainting. Ser\u00e3o tamb\u00e9m abordados conceitos de composi\u00e7\u00e3o a partir dos elementos visuais e refer\u00eancias est\u00e9ticas e hist\u00f3ricas da fotografia autoral no Brasil e no mundo.Num segundo momento ser\u00e3o discutidas estrat\u00e9gias \u00a0e metodologias para realiza\u00e7\u00e3o de projetos fotogr\u00e1ficos autorais e as possibilidades de financiamento (editais, leis de incentivo, etc.). Neste momento os alunos ir\u00e3o formatar seus projetos e desenvolver um piloto do mesmo. Os encontros ser\u00e3o te\u00f3rico-pr\u00e1ticos, entremeando explana\u00e7\u00f5es, com proje\u00e7\u00f5es de imagens e semin\u00e1rios.<\/p>\n<p>O local do curso ser\u00e1 o espa\u00e7o cultural &#8220;O S\u00edtio&#8221;, um lugar super bacana na Lagoa da Concei\u00e7\u00e3o &#8211; Floripa, instalado num casar\u00e3o secular rodeado de jardins. Veja mais <a href=\"http:\/\/ositio.com.br\/ositio\/\" target=\"_blank\">aqui<\/a>.<\/p>\n<p><b>Sobre o ministrante<\/b><\/p>\n<p>Jos\u00e9 Luiz Martins (Z\u00e9) Paiva trocou a engenharia pela fotografia ap\u00f3s uma longa viagem pela Europa e norte da \u00c1frica, em 1983. Iniciou na sucursal do jornal \u201cO Globo\u201d em Porto Alegre. \u00a0Aprimorou seus estudos em 1993 no International Center of Photography, em Nova Iorque. Em 2012 concluiu sua P\u00f3s Gradua\u00e7\u00e3o em Fotografia pela UNIVALI. Ensinou fotografia na UDESC, FURB e ESPM. Realizou exposi\u00e7\u00f5es nas principais cidades do Brasil e recebeu diversos pr\u00eamios, entre eles o Raulino Reitz, da Funda\u00e7\u00e3o do Meio Ambiente de Santa Catarina, em 2002, e men\u00e7\u00f5es honrosas no International Photo Awards, em Nova Iorque, em 2005, 2006 e 2012, e no Prix de la Photographie, em Paris, em 2007. Em 2009 foi selecionado para a cole\u00e7\u00e3o Pirelli \/ MASP de fotografia. Em 2010 foi finalista do Pr\u00eamio Conrado Wessel. Em 2012 recebeu o Pr\u00eamio Marc Ferrez da FUNARTE. Em 2004, lan\u00e7ou o livro Santa Catarina \u2013 Cores e Sentimentos, pela Editora Escrituras. Concebeu e coordenou o projeto do livro Expedi\u00e7\u00e3o Natureza Santa Catarina, lan\u00e7ado em 2005. Em 2008 lan\u00e7ou o segundo livro da s\u00e9rie, Expedi\u00e7\u00e3o Natureza Ga\u00facha. Em 2012 lan\u00e7ou o terceiro livro da s\u00e9rie Expedi\u00e7\u00e3o: A Natureza do Tocantins. Atualmente circula com duas exposi\u00e7\u00f5es pelo SESC SC \u2013 Bichos do Sul e Expedi\u00e7\u00e3o Tocantins, ministra workshops e cursos em diversas cidades do Brasil e administra a Vista Imagens.<\/p>\n<p><b>Carga Hor\u00e1ria: <\/b>36 horas<\/p>\n<p><b>Hor\u00e1rios: <\/b>De 01 de setembro a 24 de novembro, todas as ter\u00e7as feiras das 19h \u00e0s 22h. (Dia 27\/10\/2105 n\u00e3o haver\u00e1 aula)<\/p>\n<p><b>Valor:<\/b> R$ 1.500,00<\/p>\n<p><b>Perfil do aluno: <\/b>Fot\u00f3grafos amadores e profissionais, artistas visuais, estudantes de artes, comunica\u00e7\u00e3o e fotografia.<\/p>\n<p><b>Pr\u00e9-requisitos para o aluno: <\/b>Necess\u00e1rio uma c\u00e2mera e conhecimentos b\u00e1sicos de fotografia.<\/p>\n<\/div>\n<\/div>\n<div class=\"wpb_text_column wpb_content_element\">\n<div class=\"wpb_wrapper\"><strong>Inscri\u00e7\u00f5es e informa\u00e7\u00f5es: <\/strong><a href=\"http:\/\/ositio.com.br\/portfolio_page\/fotografia-autoral\/\" target=\"_blank\">O S\u00edtio &#8211; Lagoa da Concei\u00e7\u00e3o &#8211; Florian\u00f3polis SC &#8211;\u00a0<\/a>(48) 3065-5792<\/p>\n<\/div>\n<\/div>","protected":false},"excerpt":{"rendered":"<p>O curso \u201cFotografia Autoral\u201d tem como objetivo preparar o aluno para criar, desenvolver e executar um projeto de fotografia em formatos variados, como publica\u00e7\u00f5es e exposi\u00e7\u00f5es. Num primeiro momento ser\u00e1 fomentado o desenvolvimento da linguagem fotogr\u00e1fica do aluno. Ser\u00e3o discutidos fundamentos te\u00f3ricos e pr\u00e1ticos de ilumina\u00e7\u00e3o: uso de luz natural, artificial e lightpainting. Ser\u00e3o tamb\u00e9m &hellip; <a href=\"https:\/\/zepaiva.com\/en\/curso-de-fotografia-autoral\/\" class=\"more-link\">Continue reading <span class=\"screen-reader-text\">curso de fotografia autoral<\/span> <span class=\"meta-nav\">&rarr;<\/span><\/a><\/p>","protected":false},"author":1,"featured_media":0,"comment_status":"open","ping_status":"open","sticky":false,"template":"","format":"standard","meta":{"_jetpack_memberships_contains_paid_content":false,"footnotes":""},"categories":[14],"tags":[59,64,133,190,203,242,278,336,390],"class_list":["post-2674","post","type-post","status-publish","format-standard","hentry","category-workshops","tag-aula","tag-autoral","tag-curso","tag-florianopolis","tag-fotografia","tag-ideia","tag-lagoa-da-conceicao","tag-o-sitio","tag-projeto"],"jetpack_featured_media_url":"","jetpack_sharing_enabled":true,"_links":{"self":[{"href":"https:\/\/zepaiva.com\/en\/wp-json\/wp\/v2\/posts\/2674","targetHints":{"allow":["GET"]}}],"collection":[{"href":"https:\/\/zepaiva.com\/en\/wp-json\/wp\/v2\/posts"}],"about":[{"href":"https:\/\/zepaiva.com\/en\/wp-json\/wp\/v2\/types\/post"}],"author":[{"embeddable":true,"href":"https:\/\/zepaiva.com\/en\/wp-json\/wp\/v2\/users\/1"}],"replies":[{"embeddable":true,"href":"https:\/\/zepaiva.com\/en\/wp-json\/wp\/v2\/comments?post=2674"}],"version-history":[{"count":0,"href":"https:\/\/zepaiva.com\/en\/wp-json\/wp\/v2\/posts\/2674\/revisions"}],"wp:attachment":[{"href":"https:\/\/zepaiva.com\/en\/wp-json\/wp\/v2\/media?parent=2674"}],"wp:term":[{"taxonomy":"category","embeddable":true,"href":"https:\/\/zepaiva.com\/en\/wp-json\/wp\/v2\/categories?post=2674"},{"taxonomy":"post_tag","embeddable":true,"href":"https:\/\/zepaiva.com\/en\/wp-json\/wp\/v2\/tags?post=2674"}],"curies":[{"name":"wp","href":"https:\/\/api.w.org\/{rel}","templated":true}]}}