{"id":2798,"date":"2016-01-20T12:36:33","date_gmt":"2016-01-20T15:36:33","guid":{"rendered":"http:\/\/zepaiva.com\/?p=2798"},"modified":"2016-01-20T12:36:33","modified_gmt":"2016-01-20T15:36:33","slug":"mostra-bichos-do-sul-foi-vista-por-mais-de-40-mil","status":"publish","type":"post","link":"https:\/\/zepaiva.com\/en\/mostra-bichos-do-sul-foi-vista-por-mais-de-40-mil\/","title":{"rendered":"MOSTRA BICHOS DO SUL FOI VISTA POR MAIS DE 40 MIL"},"content":{"rendered":"<p>A mostra fotogr\u00e1fica Bichos do Sul, realizada em parceria com o SESC Santa Catarina, j\u00e1 foi exibida em dez cidades catarinenses e at\u00e9 agora j\u00e1 foi vista por 41.166 visitantes. Este ano ela vai circular por Palho\u00e7a, Itaja\u00ed, Urubici, Balne\u00e1rio Cambori\u00fa e Joa\u00e7aba.<\/p>\n<p>Este projeto foi concebido pelo fot\u00f3grafo Z\u00e9 Paiva a convite de Valdemir Klamt, coordenador da \u00e1rea de educa\u00e7\u00e3o do SESC SC. O conceito central da mostra \u00e9 proporcionar o conhecimento dos animais silvestres do sul do Brasil principalmente para as crian\u00e7as da rede escolar, p\u00fablico alvo da mostra.<\/p>\n<p>A mostra \u00e9 formada pelas doze fotos abaixo e mais seis pain\u00e9is de textos com informa\u00e7\u00f5es sobre os animais escritos pela bi\u00f3loga e escritora M\u00e1rcia Riederer (autora do livro &#8220;<a href=\"http:\/\/antroposofica.lojavirtualfc.com.br\/prod,idloja,472,idproduto,1578593,livros-literatura-infantil-animais-da-nossa-terra---marcia-riederer\" target=\"_blank\">Animals of our land<\/a>&#8220;). Cada um dos\u00a0pain\u00e9is de texto cont\u00e9m tamb\u00e9m uma frase do naturalista alem\u00e3o Fritz M\u00fcller, que viveu no Brasil no s\u00e9culo XIX.<\/p>\n<p>Confira abaixo as fotos e o texto de apresenta\u00e7\u00e3o do autor e curador Z\u00e9 Paiva.<\/p>\n<p>Segunda feira 25\/01\/2016 a mostra poder\u00e1 ser vista na inaugura\u00e7\u00e3o do <a href=\"http:\/\/www.sesc-sc.com.br\/blog\/sesc-inaugura-nova-unidade-em-palhoca-na-grande-florianopolis\/\" target=\"_blank\">SESC Palho\u00e7a em Santa Catarina<\/a>\u00a0\u00e0 partir das 20 horas.<\/p>\n\n<p>Until the Renaissance, many scientists were also artists and vice versa. A well-known example was Leonardo Da Vinci (1452 \u2013 1519), a mix of scientist, mathematician, engineer, inventor, anatomist, painter, sculptor, architect, botanist, poet and musician. Especially after the Industrial Revolution, society began to increasingly specialize and thus science and art became increasingly dissociated.<\/p>\n<p>Nesta exposi\u00e7\u00e3o buscamos aglutinar a arte da fotografia ao conhecimento cientifico sobre os animais retratados. Para tanto buscamos inspira\u00e7\u00e3o no naturalista alem\u00e3o Fritz M\u00fcller, que al\u00e9m de cientista era poeta, fil\u00f3sofo, professor, m\u00e9dico, agricultor e ex\u00edmio desenhista.<\/p>\n<p>In Brazil, we know more about African animals than about those native to our country. This exhibition seeks to fill this gap by displaying animals from the southern region: some rare, others more common, some threatened with extinction, others not, some better known, others less so, but all capable of captivating our sympathy.<\/p>\n<p>All animals are part of an immense web called nature, which is not something dissociated from our world, whether we live in urban areas or not. On the contrary, all the balance of life on Earth depends on nature, because everything on the planet is interconnected. We call this ecology, from the Latin <em>oikos <\/em>\u2013 home and<em> logos \u2013 <\/em>study<em>, <\/em>, a science that studies the interactions between organisms and their environment.<\/p>\n<p>Every animal, from the enormous whale to the tiny ant, has its role in this web of life. Our survival on the planet depends on this balance, because for life to be possible we need water, air, and food. We also have a place in this web of life, in all of our daily actions. It is urgent that we become aware of our role in this scenario and not see nature as something distant and beautiful to be only appreciated.<\/p>\n<p>Z\u00e9 Paiva<\/p>\n<p>Texto de apresenta\u00e7\u00e3o da exposi\u00e7\u00e3o Bichos do Sul escrito em fevereiro de 2014<\/p>","protected":false},"excerpt":{"rendered":"<p>A mostra fotogr\u00e1fica Bichos do Sul, realizada em parceria com o SESC Santa Catarina, j\u00e1 foi exibida em dez cidades catarinenses e at\u00e9 agora j\u00e1 foi vista por 41.166 visitantes. Este ano ela vai circular por Palho\u00e7a, Itaja\u00ed, Urubici, Balne\u00e1rio Cambori\u00fa e Joa\u00e7aba. Este projeto foi concebido pelo fot\u00f3grafo Z\u00e9 Paiva a convite de Valdemir &hellip; <a href=\"https:\/\/zepaiva.com\/en\/mostra-bichos-do-sul-foi-vista-por-mais-de-40-mil\/\" class=\"more-link\">Continue reading <span class=\"screen-reader-text\">MOSTRA BICHOS DO SUL FOI VISTA POR MAIS DE 40 MIL<\/span> <span class=\"meta-nav\">&rarr;<\/span><\/a><\/p>","protected":false},"author":1,"featured_media":0,"comment_status":"open","ping_status":"open","sticky":false,"template":"","format":"standard","meta":{"_jetpack_memberships_contains_paid_content":false,"footnotes":""},"categories":[5],"tags":[36,75,163,168,203,350,413,428,429],"class_list":["post-2798","post","type-post","status-publish","format-standard","hentry","category-exposicoes","tag-animais","tag-bichos","tag-evento","tag-exposicao","tag-fotografia","tag-palhoca","tag-santa-catarina","tag-sesc","tag-silvestres"],"jetpack_featured_media_url":"","jetpack_sharing_enabled":true,"_links":{"self":[{"href":"https:\/\/zepaiva.com\/en\/wp-json\/wp\/v2\/posts\/2798","targetHints":{"allow":["GET"]}}],"collection":[{"href":"https:\/\/zepaiva.com\/en\/wp-json\/wp\/v2\/posts"}],"about":[{"href":"https:\/\/zepaiva.com\/en\/wp-json\/wp\/v2\/types\/post"}],"author":[{"embeddable":true,"href":"https:\/\/zepaiva.com\/en\/wp-json\/wp\/v2\/users\/1"}],"replies":[{"embeddable":true,"href":"https:\/\/zepaiva.com\/en\/wp-json\/wp\/v2\/comments?post=2798"}],"version-history":[{"count":0,"href":"https:\/\/zepaiva.com\/en\/wp-json\/wp\/v2\/posts\/2798\/revisions"}],"wp:attachment":[{"href":"https:\/\/zepaiva.com\/en\/wp-json\/wp\/v2\/media?parent=2798"}],"wp:term":[{"taxonomy":"category","embeddable":true,"href":"https:\/\/zepaiva.com\/en\/wp-json\/wp\/v2\/categories?post=2798"},{"taxonomy":"post_tag","embeddable":true,"href":"https:\/\/zepaiva.com\/en\/wp-json\/wp\/v2\/tags?post=2798"}],"curies":[{"name":"wp","href":"https:\/\/api.w.org\/{rel}","templated":true}]}}