{"id":2818,"date":"2016-01-26T08:37:55","date_gmt":"2016-01-26T11:37:55","guid":{"rendered":"http:\/\/zepaiva.com\/?p=2818"},"modified":"2025-02-20T17:21:37","modified_gmt":"2025-02-20T17:21:37","slug":"ze-paiva-expoe-no-masc-e-no-sesc","status":"publish","type":"post","link":"https:\/\/zepaiva.com\/en\/ze-paiva-expoe-no-masc-e-no-sesc\/","title":{"rendered":"Z\u00e9 Paiva exp\u00f5e no MASC e no SESC"},"content":{"rendered":"<p>O fot\u00f3grafo Z\u00e9 Paiva come\u00e7a o ano expondo no MASC Museu de Arte de Santa Catarina e no SESC Palho\u00e7a, que foi inaugurado ontem.<\/p>\n<figure id=\"attachment_2822\" aria-describedby=\"caption-attachment-2822\" style=\"width: 655px\" class=\"wp-caption alignnone\"><a href=\"http:\/\/zepaiva.com\/en\/2016\/01\/26\/ze-paiva-expoe-no-masc-e-no-sesc\/florianopolis-santa-catarina-foto-de-ze-paiva-vista-imagens-16\/\" rel=\"attachment wp-att-2822\"><img fetchpriority=\"high\" decoding=\"async\" class=\"size-full wp-image-2822\" src=\"https:\/\/zepaiva.com\/wp-content\/uploads\/2016\/01\/vista16d00160.jpg\" alt=\"Exposi\u00e7\u00e3o &quot;Florian\u00f3polis atrav\u00e9s da arte&quot; no MASC.\" width=\"655\" height=\"437\" \/><\/a><figcaption id=\"caption-attachment-2822\" class=\"wp-caption-text\">Exposi\u00e7\u00e3o &#8220;Florian\u00f3polis atrav\u00e9s da arte&#8221; no MASC.<\/figcaption><\/figure>\n<p>No MASC Paiva participa, juntamente com\u00a0outros\u00a022 artistas, da exposi\u00e7\u00e3o coletiva &#8220;Florian\u00f3polis atrav\u00e9s da arte&#8221;, que conta\u00a0com grandes nomes da arte brasileira, como Martinho de Haro, Meyer Filho, Janga, Pl\u00e9ticos entre outros.\u00a0A obra de Z\u00e9 Paiva \u00e9 a fotografia\u00a0preto e branco &#8220;Cavalete na Praia&#8221;, que fez parte da exposi\u00e7\u00e3o &#8220;Praia do Mo\u00e7ambique&#8221;, exibida no <a href=\"http:\/\/www.masc.sc.gov.br\/index.php?mod=pagina&amp;id=18505&amp;grupo=1126\" target=\"_blank\">MASC<\/a> em 1991 (na \u00e9poca da gest\u00e3o do saudoso Harry Laus).<\/p>\n<p><a href=\"http:\/\/zepaiva.com\/en\/2016\/01\/26\/ze-paiva-expoe-no-masc-e-no-sesc\/florianopolis-santa-catarina-foto-de-ze-paiva-vista-imagens-15\/\" rel=\"attachment wp-att-2821\"><img decoding=\"async\" class=\"alignnone size-full wp-image-2821\" src=\"https:\/\/zepaiva.com\/wp-content\/uploads\/2016\/01\/vista16d00158.jpg\" alt=\"Florianopolis, Santa Catarina - foto de Ze Paiva - Vista Imagens\" width=\"655\" height=\"437\" \/><\/a><\/p>\n<p>\u201cOs artistas que integram a exposi\u00e7\u00e3o t\u00eam vis\u00f5es particulares e o que se observa \u00e9 o desvelo com que realizaram suas obras, paix\u00e3o \u00e0 primeira vista pela cidade, que, por isso mesmo, exime o senso cr\u00edtico\u201d, explica o curador da mostra Jairo Schmidt.<\/p>\n<p>No <a href=\"http:\/\/www.sesc-sc.com.br\/blog\/sesc-inaugura-nova-unidade-em-palhoca-na-grande-florianopolis\/\" target=\"_blank\">SESC<\/a> de Palho\u00e7a, inaugurado ontem, dia 25 de janeiro, Paiva mostra a exposi\u00e7\u00e3o Bichos do Sul, que j\u00e1 percorreu 10 cidades catarinenses e foi vista por mais de 40 mil pessoas (veja o <a href=\"http:\/\/zepaiva.com\/en\/mostra-bichos-do-sul-foi-vista-por-mais-de-40-mil\/\" target=\"_blank\">link<\/a> para mais detalhes). \u00a0O novo SESC \u00e9 a 27\u00ba unidade de Santa Catarina, tem 7 mil metros quadrados e foram investidos R$ 11,5 milh\u00f5es. Este ano a mostra Bichos do Sul vai ser exibida nos munic\u00edpios de Itaja\u00ed, Florian\u00f3polis, Urubici, Balne\u00e1rio Cambori\u00fa e Joa\u00e7aba.<\/p>\n<p><a href=\"http:\/\/zepaiva.com\/en\/2016\/01\/26\/ze-paiva-expoe-no-masc-e-no-sesc\/florianopolis-santa-catarina-foto-de-ze-paiva-vista-imagens-14\/\" rel=\"attachment wp-att-2820\"><img decoding=\"async\" class=\"size-full wp-image-2820\" src=\"https:\/\/zepaiva.com\/wp-content\/uploads\/2016\/01\/vista16d00149.jpg\" alt=\"Mostra Bichos do Sul no SESC Palho\u00e7a SC.\" width=\"655\" height=\"437\" \/><\/a><\/p>","protected":false},"excerpt":{"rendered":"<p>O fot\u00f3grafo Z\u00e9 Paiva come\u00e7a o ano expondo no MASC Museu de Arte de Santa Catarina e no SESC Palho\u00e7a, que foi inaugurado ontem. No MASC Paiva participa, juntamente com\u00a0outros\u00a022 artistas, da exposi\u00e7\u00e3o coletiva &#8220;Florian\u00f3polis atrav\u00e9s da arte&#8221;, que conta\u00a0com grandes nomes da arte brasileira, como Martinho de Haro, Meyer Filho, Janga, Pl\u00e9ticos entre outros.\u00a0A &hellip; <a href=\"https:\/\/zepaiva.com\/en\/ze-paiva-expoe-no-masc-e-no-sesc\/\" class=\"more-link\">Continue reading <span class=\"screen-reader-text\">Z\u00e9 Paiva exp\u00f5e no MASC e no SESC<\/span> <span class=\"meta-nav\">&rarr;<\/span><\/a><\/p>","protected":false},"author":1,"featured_media":0,"comment_status":"open","ping_status":"open","sticky":false,"template":"","format":"standard","meta":{"_jetpack_memberships_contains_paid_content":false,"footnotes":""},"categories":[5],"tags":[163,168,203,333,350,413,428],"class_list":["post-2818","post","type-post","status-publish","format-standard","hentry","category-exposicoes","tag-evento","tag-exposicao","tag-fotografia","tag-natureza","tag-palhoca","tag-santa-catarina","tag-sesc"],"jetpack_featured_media_url":"","jetpack_sharing_enabled":true,"_links":{"self":[{"href":"https:\/\/zepaiva.com\/en\/wp-json\/wp\/v2\/posts\/2818","targetHints":{"allow":["GET"]}}],"collection":[{"href":"https:\/\/zepaiva.com\/en\/wp-json\/wp\/v2\/posts"}],"about":[{"href":"https:\/\/zepaiva.com\/en\/wp-json\/wp\/v2\/types\/post"}],"author":[{"embeddable":true,"href":"https:\/\/zepaiva.com\/en\/wp-json\/wp\/v2\/users\/1"}],"replies":[{"embeddable":true,"href":"https:\/\/zepaiva.com\/en\/wp-json\/wp\/v2\/comments?post=2818"}],"version-history":[{"count":1,"href":"https:\/\/zepaiva.com\/en\/wp-json\/wp\/v2\/posts\/2818\/revisions"}],"predecessor-version":[{"id":16384,"href":"https:\/\/zepaiva.com\/en\/wp-json\/wp\/v2\/posts\/2818\/revisions\/16384"}],"wp:attachment":[{"href":"https:\/\/zepaiva.com\/en\/wp-json\/wp\/v2\/media?parent=2818"}],"wp:term":[{"taxonomy":"category","embeddable":true,"href":"https:\/\/zepaiva.com\/en\/wp-json\/wp\/v2\/categories?post=2818"},{"taxonomy":"post_tag","embeddable":true,"href":"https:\/\/zepaiva.com\/en\/wp-json\/wp\/v2\/tags?post=2818"}],"curies":[{"name":"wp","href":"https:\/\/api.w.org\/{rel}","templated":true}]}}