{"id":2883,"date":"2016-03-01T17:04:20","date_gmt":"2016-03-01T20:04:20","guid":{"rendered":"http:\/\/zepaiva.com\/?p=2883"},"modified":"2025-03-13T20:06:33","modified_gmt":"2025-03-13T20:06:33","slug":"exposicao-tocantins-chega-a-cacador-sc","status":"publish","type":"post","link":"https:\/\/zepaiva.com\/en\/exposicao-tocantins-chega-a-cacador-sc\/","title":{"rendered":"Exposi\u00e7\u00e3o Tocantins chega a Ca\u00e7ador SC"},"content":{"rendered":"<p>A exposi\u00e7\u00e3o fotogr\u00e1fica &#8220;Expedi\u00e7\u00e3o Natureza Tocantins&#8221; chega a Ca\u00e7ador, cidade no meio oeste catarinense. Esta \u00e9 a quinta cidade do interior de Santa Catarina que recebe a exposi\u00e7\u00e3o, numa iniciativa da \u00e1rea de cultura do SESC SC. A abertura da mostra foi na sexta feira a noite dia 26 de fevereiro, no espa\u00e7o multiuso do IFSC &#8211; Instituto Federal de Santa Catarina.<\/p>\n\n\n\n<p>Na ocasi\u00e3o houve uma solenidade com a presen\u00e7a dos diretores do IFSC Ca\u00e7ador, Eduardo Nascimento Pires, do SESC Ca\u00e7ador, S\u00e9rgio Ricardo Legal, da respons\u00e1vel pelo projeto no IFSC, professora Luana de Gusm\u00e3o Silveira e de um representante da C\u00e2mara dos Vereadores de Ca\u00e7ador. O fot\u00f3grafo Z\u00e9 Paiva fez uma palestra de abertura falando de seus projetos e de sua filosofia de trabalho.<\/p>\n\n\n\n<p>No s\u00e1bado 27 de fevereiro Paiva ofereceu uma oficina de fotografia de natureza no SESC de Ca\u00e7ador. Durante a manh\u00e3 o fot\u00f3grafo explanou sobre os princ\u00edpios da fotografia de natureza a suas experi\u00eancias e a tarde o grupo foi praticar na Reserva Florestal EMPRABA\/EPAGRI, uma \u00e1rea de 1156 hectares no munic\u00edpio de Ca\u00e7ador.<\/p>\n\n\n\n<figure class=\"wp-block-gallery has-nested-images columns-3 is-cropped wp-block-gallery-1 is-layout-flex wp-block-gallery-is-layout-flex\"><\/figure>","protected":false},"excerpt":{"rendered":"<p>A exposi\u00e7\u00e3o fotogr\u00e1fica &#8220;Expedi\u00e7\u00e3o Natureza Tocantins&#8221; chega a Ca\u00e7ador, cidade no meio oeste catarinense. Esta \u00e9 a quinta cidade do interior de Santa Catarina que recebe a exposi\u00e7\u00e3o, numa iniciativa da \u00e1rea de cultura do SESC SC. A abertura da mostra foi na sexta feira a noite dia 26 de fevereiro, no espa\u00e7o multiuso do &hellip; <a href=\"https:\/\/zepaiva.com\/en\/exposicao-tocantins-chega-a-cacador-sc\/\" class=\"more-link\">Continue reading <span class=\"screen-reader-text\">Exposi\u00e7\u00e3o Tocantins chega a Ca\u00e7ador SC<\/span> <span class=\"meta-nav\">&rarr;<\/span><\/a><\/p>","protected":false},"author":1,"featured_media":0,"comment_status":"open","ping_status":"open","sticky":false,"template":"","format":"standard","meta":{"_jetpack_memberships_contains_paid_content":false,"footnotes":""},"categories":[5,8,14],"tags":[59,133,163,167,168,203,243,284,291,333,339,349,413,428,441,468],"class_list":["post-2883","post","type-post","status-publish","format-standard","hentry","category-exposicoes","category-palestras","category-workshops","tag-aula","tag-curso","tag-evento","tag-expedicoes","tag-exposicao","tag-fotografia","tag-ifsc","tag-lancamento","tag-livro","tag-natureza","tag-oficina","tag-palestra","tag-santa-catarina","tag-sesc","tag-tocantins","tag-workshop"],"jetpack_featured_media_url":"","jetpack_sharing_enabled":true,"_links":{"self":[{"href":"https:\/\/zepaiva.com\/en\/wp-json\/wp\/v2\/posts\/2883","targetHints":{"allow":["GET"]}}],"collection":[{"href":"https:\/\/zepaiva.com\/en\/wp-json\/wp\/v2\/posts"}],"about":[{"href":"https:\/\/zepaiva.com\/en\/wp-json\/wp\/v2\/types\/post"}],"author":[{"embeddable":true,"href":"https:\/\/zepaiva.com\/en\/wp-json\/wp\/v2\/users\/1"}],"replies":[{"embeddable":true,"href":"https:\/\/zepaiva.com\/en\/wp-json\/wp\/v2\/comments?post=2883"}],"version-history":[{"count":1,"href":"https:\/\/zepaiva.com\/en\/wp-json\/wp\/v2\/posts\/2883\/revisions"}],"predecessor-version":[{"id":19948,"href":"https:\/\/zepaiva.com\/en\/wp-json\/wp\/v2\/posts\/2883\/revisions\/19948"}],"wp:attachment":[{"href":"https:\/\/zepaiva.com\/en\/wp-json\/wp\/v2\/media?parent=2883"}],"wp:term":[{"taxonomy":"category","embeddable":true,"href":"https:\/\/zepaiva.com\/en\/wp-json\/wp\/v2\/categories?post=2883"},{"taxonomy":"post_tag","embeddable":true,"href":"https:\/\/zepaiva.com\/en\/wp-json\/wp\/v2\/tags?post=2883"}],"curies":[{"name":"wp","href":"https:\/\/api.w.org\/{rel}","templated":true}]}}