{"id":2936,"date":"2016-03-04T18:21:40","date_gmt":"2016-03-04T21:21:40","guid":{"rendered":"http:\/\/zepaiva.com\/?p=2936"},"modified":"2016-03-04T18:21:40","modified_gmt":"2016-03-04T21:21:40","slug":"curso-de-fotografia-autoral-da-ideia-ao-projeto","status":"publish","type":"post","link":"https:\/\/zepaiva.com\/en\/curso-de-fotografia-autoral-da-ideia-ao-projeto\/","title":{"rendered":"CURSO DE FOTOGRAFIA AUTORAL &#8211;  da ideia ao projeto"},"content":{"rendered":"<p>Dia 5 de abril\u00a0o experiente fot\u00f3grafo Z\u00e9 Paiva inicia a segunda edi\u00e7\u00e3o do curso de fotografia autoral. A primeira edi\u00e7\u00e3o em 2015 foi um sucesso e resultou numa exposi\u00e7\u00e3o coletiva no espa\u00e7o multi uso <a href=\"http:\/\/ositio.com.br\/\" target=\"_blank\">d&#8217;O S\u00edtio<\/a>, um charmoso espa\u00e7o cultural instalado num casar\u00e3o secular na Lagoa da Concei\u00e7\u00e3o, em Florian\u00f3polis.<\/p>\n<figure id=\"attachment_2937\" aria-describedby=\"caption-attachment-2937\" style=\"width: 655px\" class=\"wp-caption aligncenter\"><a href=\"http:\/\/zepaiva.com\/en\/2016\/03\/04\/curso-de-fotografia-autoral-da-ideia-ao-projeto\/eb-impressionismo-013\/\" rel=\"attachment wp-att-2937\"><img fetchpriority=\"high\" decoding=\"async\" class=\"size-large wp-image-2937\" src=\"https:\/\/zepaiva.com\/wp-content\/uploads\/2016\/03\/eb-impressionismo-013.jpg?w=655\" alt=\"Imagem de Eduardo Beltrame, aluno da primeira edi\u00e7\u00e3o do curso em 2015.\" width=\"655\" height=\"369\" \/><\/a><figcaption id=\"caption-attachment-2937\" class=\"wp-caption-text\">Imagem de Eduardo Beltrame, aluno da primeira edi\u00e7\u00e3o do curso em 2015.<\/figcaption><\/figure>\n<p>Os encontros ser\u00e3o te\u00f3rico-pr\u00e1ticos, entremeando explana\u00e7\u00f5es, com proje\u00e7\u00f5es de imagens, semin\u00e1rios e oficinas pr\u00e1ticas.\u00a0Num primeiro momento ser\u00e1 fomentado o desenvolvimento da linguagem fotogr\u00e1fica do aluno. Ser\u00e3o discutidos fundamentos te\u00f3ricos e pr\u00e1ticos de ilumina\u00e7\u00e3o: uso de luz natural , artificial e lightpainting. Ser\u00e3o tamb\u00e9m abordados conceitos de composi\u00e7\u00e3o a partir dos elementos visuais e refer\u00eancias est\u00e9ticas e hist\u00f3ricas da fotografia autoral e da arte no Brasil e no mundo.<\/p>\n<figure id=\"attachment_2940\" aria-describedby=\"caption-attachment-2940\" style=\"width: 655px\" class=\"wp-caption aligncenter\"><a href=\"http:\/\/zepaiva.com\/en\/2016\/03\/04\/curso-de-fotografia-autoral-da-ideia-ao-projeto\/leticia-0889\/\" rel=\"attachment wp-att-2940\"><img decoding=\"async\" class=\"wp-image-2940 size-large\" src=\"https:\/\/zepaiva.com\/wp-content\/uploads\/2016\/03\/leticia-0889.jpg?w=655\" alt=\"Leticia-0889\" width=\"655\" height=\"434\" \/><\/a><figcaption id=\"caption-attachment-2940\" class=\"wp-caption-text\">Imagem de Let\u00edcia Barbosa, aluna da primeira edi\u00e7\u00e3o do curso em 2015.<\/figcaption><\/figure>\n<p>Num segundo momento ser\u00e3o discutidas estrat\u00e9gias e metodologias para realiza\u00e7\u00e3o de projetos fotogr\u00e1ficos autorais e as possibilidades de financiamento (editais, leis de incentivo, etc.). Neste momento os alunos ir\u00e3o formatar seus projetos e desenvolver um piloto do mesmo.<\/p>\n<figure id=\"attachment_2939\" aria-describedby=\"caption-attachment-2939\" style=\"width: 655px\" class=\"wp-caption aligncenter\"><a href=\"http:\/\/zepaiva.com\/en\/2016\/03\/04\/curso-de-fotografia-autoral-da-ideia-ao-projeto\/dsc_5536\/\" rel=\"attachment wp-att-2939\"><img decoding=\"async\" class=\"size-large wp-image-2939\" src=\"https:\/\/zepaiva.com\/wp-content\/uploads\/2016\/03\/dsc_5536.jpg?w=655\" alt=\"Imagem de Marcus Rodrigues, aluno da primeira edi\u00e7\u00e3o do curso em 2015.\" width=\"655\" height=\"417\" \/><\/a><figcaption id=\"caption-attachment-2939\" class=\"wp-caption-text\">Imagem de Marcus Rodrigues, aluno da primeira edi\u00e7\u00e3o do curso em 2015.<\/figcaption><\/figure>\n<p>No final do curso ser\u00e1 realizada uma exposi\u00e7\u00e3o coletiva no espa\u00e7o Multiuso d\u2019O S\u00edtio com o resultado dos trabalhos dos alunos.<\/p>\n<figure id=\"attachment_2938\" aria-describedby=\"caption-attachment-2938\" style=\"width: 655px\" class=\"wp-caption aligncenter\"><a href=\"http:\/\/zepaiva.com\/en\/2016\/03\/04\/curso-de-fotografia-autoral-da-ideia-ao-projeto\/ensaio-projeto-de-fotografia-autoral-foto-de-daniela-colossi\/\" rel=\"attachment wp-att-2938\"><img loading=\"lazy\" decoding=\"async\" class=\"size-large wp-image-2938\" src=\"https:\/\/zepaiva.com\/wp-content\/uploads\/2016\/03\/01112015-foto-autoral-projeto-20.jpg?w=655\" alt=\"Imagem de Daniela Colossi, aluna da primeira edi\u00e7\u00e3o do curso em 2015.\" width=\"655\" height=\"368\" \/><\/a><figcaption id=\"caption-attachment-2938\" class=\"wp-caption-text\">Imagem de Daniela Colossi, aluna da primeira edi\u00e7\u00e3o do curso em 2015.<\/figcaption><\/figure>\n<p>Abaixo alguns depoimentos de alunos:<br \/>\nQuando soube do curso fiquei muito interessado por causa da proposta de fotografia autoral. E foi exatamente como eu pensei, um \u00f3timo curso, com um professor e amigo muito dedicado. Fazer parte da primeira turma de fotografia autoral foi uma \u00f3tima experi\u00eancia. Indico a todos os amantes da fotografia. Z\u00e9, espero novas oportunidades de t\u00ea-lo como professor. \u00a0<strong>Marcus Rodrigues<\/strong><\/p>\n<p>Eu buscava uma capacita\u00e7\u00e3o em fotografia com um profissional experiente e com forma\u00e7\u00e3o acad\u00eamica na \u00e1rea sobre assuntos que me ajudassem a construir uma identidade profissional e vis\u00e3o de mundo na fotografia. O Curso de Fotografia autoral me proporcionou isso \u00e9 o Z\u00e9 Paiva ainda nos brindou com toda suas hist\u00f3rias e experi\u00eancia. \u00a0<strong>Let\u00edcia Barbosa<\/strong><\/p>\n<p>Um curso maravilhoso que me inspirou a me dedicar a fotografia com outro olhar. \u00a0<strong>Micha Steinman<\/strong><\/p>\n<p>O fot\u00f3grafo Z\u00e9 Paiva, al\u00e9m de um excelente profissional e uma pessoa muito muito &#8220;gente fina&#8221;, \u00e9 um\u00a0excelente professor e sempre trazia muitas refer\u00eancias para n\u00f3s. Segundo, o nome do curso \u00e9 perfeito: fotografia autoral! \u00c9 isso que este curso te faz buscar: como \u00e9 sua fotografia? O que voc\u00ea quer fazer com suas fotos? Ap\u00f3s descobrir, Z\u00e9 nos dar oportunidade e ferramentas para realiza\u00e7\u00e3o do projeto. Excelente curso. Quero mais Z\u00e9!! \u00a0<strong>Daniela Colossi<\/strong><\/p>\n<p>Gostei muito da forma que foram apresentados os assuntos, com muita participa\u00e7\u00e3o dos alunos e uma grande oportunidade de se aprofundar no conhecimento da luz, da composi\u00e7\u00e3o e de como um grande fot\u00f3grafo trabalha. \u00a0<strong>Tasso Scherer<\/strong><\/p>\n<p><strong>CARGA HOR\u00c1RIA<\/strong><\/p>\n<p>36 horas divididas em 12 encontros de 3 horas cada.<\/p>\n<p><strong>DATAS E HOR\u00c1RIOS<\/strong><\/p>\n<p>Encontros semanais as ter\u00e7as feiras das 19 as 22 horas.<\/p>\n<p>In\u00edcio 5 de abril de 2016.<\/p>\n<p><strong>N\u00daMERO DE ALUNOS<\/strong> \u2013 m\u00ednimo 8 m\u00e1ximo 15<\/p>\n<p><strong>PR\u00c9 REQUISITOS<\/strong><\/p>\n<p>Idade m\u00ednima de 18 anos<\/p>\n<p>Experi\u00eancia em fotografia (conhecimentos b\u00e1sicos).<\/p>\n<p><strong>INVESTIMENTO<\/strong><\/p>\n<p>R$ 1.500,00 em 1+2<\/p>\n<ul>\n<li>Cada inscrito ir\u00e1 ganhar um livro <a href=\"https:\/\/vimeo.com\/55619327\" target=\"_blank\">&#8220;Expedi\u00e7\u00e3o Natureza Tocantins&#8221;<\/a> autografado pelo professor.<\/li>\n<\/ul>\n<p><strong>INFORMA\u00c7\u00d5ES E INSCRI\u00c7\u00d5ES<\/strong><\/p>\n<p>contato@ositio.com.br<\/p>\n<p>48 3065 5792<\/p>\n<figure id=\"attachment_2944\" aria-describedby=\"caption-attachment-2944\" style=\"width: 655px\" class=\"wp-caption alignleft\"><img loading=\"lazy\" decoding=\"async\" class=\"wp-image-2944 size-large\" src=\"https:\/\/zepaiva.com\/wp-content\/uploads\/2016\/03\/vista15d09697.jpg?w=655\" alt=\"EXPOSICAO SEMINALIS\" width=\"655\" height=\"437\" \/><figcaption id=\"caption-attachment-2944\" class=\"wp-caption-text\">Abertura da exposi\u00e7\u00e3o dos\u00a0alunos do curso em 2015\u00a0n&#8217;O Sitio.<\/figcaption><\/figure>\n<p>&nbsp;<\/p>\n<p>&nbsp;<\/p>","protected":false},"excerpt":{"rendered":"<p>Dia 5 de abril\u00a0o experiente fot\u00f3grafo Z\u00e9 Paiva inicia a segunda edi\u00e7\u00e3o do curso de fotografia autoral. A primeira edi\u00e7\u00e3o em 2015 foi um sucesso e resultou numa exposi\u00e7\u00e3o coletiva no espa\u00e7o multi uso d&#8217;O S\u00edtio, um charmoso espa\u00e7o cultural instalado num casar\u00e3o secular na Lagoa da Concei\u00e7\u00e3o, em Florian\u00f3polis. Os encontros ser\u00e3o te\u00f3rico-pr\u00e1ticos, entremeando &hellip; <a href=\"https:\/\/zepaiva.com\/en\/curso-de-fotografia-autoral-da-ideia-ao-projeto\/\" class=\"more-link\">Continue reading <span class=\"screen-reader-text\">CURSO DE FOTOGRAFIA AUTORAL &#8211;  da ideia ao projeto<\/span> <span class=\"meta-nav\">&rarr;<\/span><\/a><\/p>","protected":false},"author":1,"featured_media":0,"comment_status":"open","ping_status":"open","sticky":false,"template":"","format":"standard","meta":{"_jetpack_memberships_contains_paid_content":false,"footnotes":""},"categories":[14],"tags":[64,133,190,203,278,336,413,468],"class_list":["post-2936","post","type-post","status-publish","format-standard","hentry","category-workshops","tag-autoral","tag-curso","tag-florianopolis","tag-fotografia","tag-lagoa-da-conceicao","tag-o-sitio","tag-santa-catarina","tag-workshop"],"jetpack_featured_media_url":"","jetpack_sharing_enabled":true,"_links":{"self":[{"href":"https:\/\/zepaiva.com\/en\/wp-json\/wp\/v2\/posts\/2936","targetHints":{"allow":["GET"]}}],"collection":[{"href":"https:\/\/zepaiva.com\/en\/wp-json\/wp\/v2\/posts"}],"about":[{"href":"https:\/\/zepaiva.com\/en\/wp-json\/wp\/v2\/types\/post"}],"author":[{"embeddable":true,"href":"https:\/\/zepaiva.com\/en\/wp-json\/wp\/v2\/users\/1"}],"replies":[{"embeddable":true,"href":"https:\/\/zepaiva.com\/en\/wp-json\/wp\/v2\/comments?post=2936"}],"version-history":[{"count":0,"href":"https:\/\/zepaiva.com\/en\/wp-json\/wp\/v2\/posts\/2936\/revisions"}],"wp:attachment":[{"href":"https:\/\/zepaiva.com\/en\/wp-json\/wp\/v2\/media?parent=2936"}],"wp:term":[{"taxonomy":"category","embeddable":true,"href":"https:\/\/zepaiva.com\/en\/wp-json\/wp\/v2\/categories?post=2936"},{"taxonomy":"post_tag","embeddable":true,"href":"https:\/\/zepaiva.com\/en\/wp-json\/wp\/v2\/tags?post=2936"}],"curies":[{"name":"wp","href":"https:\/\/api.w.org\/{rel}","templated":true}]}}