{"id":3208,"date":"2017-02-01T13:06:38","date_gmt":"2017-02-01T16:06:38","guid":{"rendered":"http:\/\/zepaiva.com\/?p=3208"},"modified":"2017-02-01T13:06:38","modified_gmt":"2017-02-01T16:06:38","slug":"expedicao-fotografica-jalapao-o-cerrado-mais-preservado-do-brasil","status":"publish","type":"post","link":"https:\/\/zepaiva.com\/en\/expedicao-fotografica-jalapao-o-cerrado-mais-preservado-do-brasil\/","title":{"rendered":"Expedi\u00e7\u00e3o Fotogr\u00e1fica Jalap\u00e3o &#8211; o cerrado mais preservado do Brasil"},"content":{"rendered":"<p>Oi Pessoal! Estamos com mais uma expedi\u00e7\u00e3o fotogr\u00e1fica agendada. O destino Jalap\u00e3o \u00e9 incr\u00edvel, isso eu garanto. Confira os detalhes abaixo:<\/p>\n<p><img fetchpriority=\"high\" decoding=\"async\" class=\"alignnone size-large wp-image-3209\" src=\"https:\/\/zepaiva.com\/wp-content\/uploads\/2017\/02\/jalapao2-04_01.jpg?w=670\" alt=\"jalapao2-04_01\" width=\"670\" height=\"656\" \/> <a href=\"https:\/\/zepaiva.com\/wp-content\/uploads\/2017\/02\/expedicao-jalapao-20172.pdf\" target=\"_blank\"><img decoding=\"async\" class=\"alignnone size-large wp-image-3210\" src=\"https:\/\/zepaiva.com\/wp-content\/uploads\/2017\/02\/jalapao2-04_02.jpg?w=670\" alt=\"jalapao2-04_02\" width=\"670\" height=\"490\" \/><\/a> <img decoding=\"async\" class=\"alignleft wp-image-3211\" src=\"https:\/\/zepaiva.com\/wp-content\/uploads\/2017\/02\/jalapao2-04_03.jpg?w=458\" alt=\"jalapao2-04_03\" width=\"670\" height=\"1497\" \/> <img loading=\"lazy\" decoding=\"async\" class=\"alignnone size-large wp-image-3212\" src=\"https:\/\/zepaiva.com\/wp-content\/uploads\/2017\/02\/jalapao2-04_04.jpg?w=670\" alt=\"jalapao2-04_04\" width=\"670\" height=\"216\" \/> <img loading=\"lazy\" decoding=\"async\" class=\"alignnone size-large wp-image-3213\" src=\"https:\/\/zepaiva.com\/wp-content\/uploads\/2017\/02\/jalapao2-04_05.jpg?w=670\" alt=\"jalapao2-04_05\" width=\"670\" height=\"177\" \/> <img loading=\"lazy\" decoding=\"async\" class=\"alignnone size-large wp-image-3214\" src=\"https:\/\/zepaiva.com\/wp-content\/uploads\/2017\/02\/jalapao2-04_06.jpg?w=670\" alt=\"jalapao2-04_06\" width=\"670\" height=\"103\" \/><\/p>","protected":false},"excerpt":{"rendered":"<p>Oi Pessoal! Estamos com mais uma expedi\u00e7\u00e3o fotogr\u00e1fica agendada. O destino Jalap\u00e3o \u00e9 incr\u00edvel, isso eu garanto. Confira os detalhes abaixo:<\/p>","protected":false},"author":1,"featured_media":0,"comment_status":"open","ping_status":"open","sticky":false,"template":"","format":"standard","meta":{"_jetpack_memberships_contains_paid_content":false,"footnotes":""},"categories":[4],"tags":[66,116,147,203,262,263,333,339,356,366,394,441,445,457,468],"class_list":["post-3208","post","type-post","status-publish","format-standard","hentry","category-expedicoes","tag-aventura","tag-cerrado","tag-ecoturismo","tag-fotografia","tag-jalap","tag-jalapao","tag-natureza","tag-oficina","tag-parque","tag-parques","tag-reserva","tag-tocantins","tag-turismo","tag-viagem","tag-workshop"],"jetpack_featured_media_url":"","jetpack_sharing_enabled":true,"_links":{"self":[{"href":"https:\/\/zepaiva.com\/en\/wp-json\/wp\/v2\/posts\/3208","targetHints":{"allow":["GET"]}}],"collection":[{"href":"https:\/\/zepaiva.com\/en\/wp-json\/wp\/v2\/posts"}],"about":[{"href":"https:\/\/zepaiva.com\/en\/wp-json\/wp\/v2\/types\/post"}],"author":[{"embeddable":true,"href":"https:\/\/zepaiva.com\/en\/wp-json\/wp\/v2\/users\/1"}],"replies":[{"embeddable":true,"href":"https:\/\/zepaiva.com\/en\/wp-json\/wp\/v2\/comments?post=3208"}],"version-history":[{"count":0,"href":"https:\/\/zepaiva.com\/en\/wp-json\/wp\/v2\/posts\/3208\/revisions"}],"wp:attachment":[{"href":"https:\/\/zepaiva.com\/en\/wp-json\/wp\/v2\/media?parent=3208"}],"wp:term":[{"taxonomy":"category","embeddable":true,"href":"https:\/\/zepaiva.com\/en\/wp-json\/wp\/v2\/categories?post=3208"},{"taxonomy":"post_tag","embeddable":true,"href":"https:\/\/zepaiva.com\/en\/wp-json\/wp\/v2\/tags?post=3208"}],"curies":[{"name":"wp","href":"https:\/\/api.w.org\/{rel}","templated":true}]}}