{"id":3219,"date":"2017-02-15T17:23:57","date_gmt":"2017-02-15T20:23:57","guid":{"rendered":"http:\/\/zepaiva.com\/?p=3219"},"modified":"2017-02-15T17:23:57","modified_gmt":"2017-02-15T20:23:57","slug":"brasilien-o-rio-grande-do-sul-na-alemanha","status":"publish","type":"post","link":"https:\/\/zepaiva.com\/en\/brasilien-o-rio-grande-do-sul-na-alemanha\/","title":{"rendered":"Brasilien &#8211; o Rio Grande do Sul na Alemanha"},"content":{"rendered":"<p>Dia 31 de janeiro na galeria <a href=\"http:\/\/www.bolsadearte.com.br\/site\/pt\/\" target=\"_blank\">Bolsa de Arte<\/a>, em Porto Alegre, \u00a0foi a vernissage da Exposi\u00e7\u00e3o fotogr\u00e1fica e lan\u00e7amento do calend\u00e1rio &#8220;Brasilien &#8211; o Rio Grande do Sul na Alemanha&#8221;. A convite da gr\u00e1fica alem\u00e3\u00a0USCHA do Unterleider Medien Gruppe o\u00a0Canela Instituto de Fotografia e Artes Visuais, capitaneado por Fernando Bueno, convidou diversos fot\u00f3grafos ga\u00fachos para participar desse projeto. A curadoria de Eduardo Veras, Manuel da Costa e Paula Ramos, selecionou numa primeira etapa \u00a025 imagens de 15 fot\u00f3grafos. Numa segunda etapa foram selecionadas na Alemanha as 12 que entraram no calend\u00e1rio, impresso com a tradicional qualidade alem\u00e3. A escolha do tema foi uma forma da gr\u00e1fica homenagear o Rio Grande do Sul, pela import\u00e2ncia da imigra\u00e7\u00e3o alem\u00e3 no estado. Participam da Exposi\u00e7\u00e3o os fot\u00f3grafos\u00a0Cl\u00f3vis Dariano, Dudu Contursi, Edy Koltz, Eneida Serrano, Fernando Bueno, Fabio Del Re, Gilberto Perin, Leonardo Savaris, Leopoldo Plentz, Luis Abreu, Luiz Carlos Felizardo, Paulo Backes, Martin Streibel, Tadeu Vilani e Z\u00e9 Paiva. Vejam abaixo fotos (de Fernando Bueno) e v\u00eddeo (de Fernando Pires) da montagem e da abertura. A exposi\u00e7\u00e3o segue at\u00e9 sexta feira 17 de fevereiro, portanto corre l\u00e1 pra conferir que vale a pena!<\/p>\n<figure id=\"attachment_3222\" aria-describedby=\"caption-attachment-3222\" style=\"width: 670px\" class=\"wp-caption alignnone\"><img fetchpriority=\"high\" decoding=\"async\" class=\"size-large wp-image-3222\" src=\"https:\/\/zepaiva.com\/wp-content\/uploads\/2017\/02\/16403150_10208565707683771_2267500284468274946_o.jpg?w=670\" alt=\"A montagem cuidadosa da exposi\u00e7\u00e3o na galeria Bolsa de Arte.\" width=\"670\" height=\"495\" \/><figcaption id=\"caption-attachment-3222\" class=\"wp-caption-text\">A montagem cuidadosa da exposi\u00e7\u00e3o na galeria Bolsa de Arte.<\/figcaption><\/figure>\n<figure id=\"attachment_3225\" aria-describedby=\"caption-attachment-3225\" style=\"width: 670px\" class=\"wp-caption alignnone\"><img decoding=\"async\" class=\"size-large wp-image-3225\" src=\"https:\/\/zepaiva.com\/wp-content\/uploads\/2017\/02\/16487102_10208565707643770_1541466652347595983_o.jpg?w=670\" alt=\"Marga Pasquali, a propriet\u00e1ria da galeria Bolsa de Arte.\" width=\"670\" height=\"503\" \/><figcaption id=\"caption-attachment-3225\" class=\"wp-caption-text\">Marga Pasquali, a propriet\u00e1ria da galeria Bolsa de Arte.<\/figcaption><\/figure>\n<figure id=\"attachment_3223\" aria-describedby=\"caption-attachment-3223\" style=\"width: 670px\" class=\"wp-caption alignnone\"><img decoding=\"async\" class=\"size-large wp-image-3223\" src=\"https:\/\/zepaiva.com\/wp-content\/uploads\/2017\/02\/16462962_10206480933541565_2839107797242502800_o.jpg?w=670\" alt=\"O texto dos curadores Eduardo Veras, Manuel da Costa e Paula Ramos.\" width=\"670\" height=\"670\" \/><figcaption id=\"caption-attachment-3223\" class=\"wp-caption-text\">O texto dos curadores Eduardo Veras, Manuel da Costa e Paula Ramos.<\/figcaption><\/figure>\n<figure id=\"attachment_3224\" aria-describedby=\"caption-attachment-3224\" style=\"width: 670px\" class=\"wp-caption alignnone\"><img loading=\"lazy\" decoding=\"async\" class=\"size-large wp-image-3224\" src=\"https:\/\/zepaiva.com\/wp-content\/uploads\/2017\/02\/16463058_10208565709523817_3337089053222445219_o.jpg?w=670\" alt=\"Em primeiro plano o calend\u00e1rio da Uscha.\" width=\"670\" height=\"503\" \/><figcaption id=\"caption-attachment-3224\" class=\"wp-caption-text\">Em primeiro plano o calend\u00e1rio da Uscha.<\/figcaption><\/figure>\n<figure id=\"attachment_3220\" aria-describedby=\"caption-attachment-3220\" style=\"width: 670px\" class=\"wp-caption alignnone\"><img loading=\"lazy\" decoding=\"async\" class=\"size-large wp-image-3220\" src=\"https:\/\/zepaiva.com\/wp-content\/uploads\/2017\/02\/16300176_10208565710883851_1325702776501280642_o.jpg?w=670\" alt=\"Em primeiro plano uma das fotos de Z\u00e9 Paiva.\" width=\"670\" height=\"503\" \/><figcaption id=\"caption-attachment-3220\" class=\"wp-caption-text\">Em primeiro plano uma das fotos de Z\u00e9 Paiva.<\/figcaption><\/figure>\n<figure id=\"attachment_3221\" aria-describedby=\"caption-attachment-3221\" style=\"width: 670px\" class=\"wp-caption alignnone\"><img loading=\"lazy\" decoding=\"async\" class=\"size-large wp-image-3221\" src=\"https:\/\/zepaiva.com\/wp-content\/uploads\/2017\/02\/16402532_1584167554931102_8041101482130543165_o.jpg?w=670\" alt=\"Z\u00e9 Paiva e Fernando Bueno na vernissage.\" width=\"670\" height=\"670\" \/><figcaption id=\"caption-attachment-3221\" class=\"wp-caption-text\">Z\u00e9 Paiva e Fernando Bueno na vernissage.<\/figcaption><\/figure>\n<div class=\"fb-video\" data-allowfullscreen=\"true\" data-href=\"https:\/\/www.facebook.com\/fernandopiresfotografia1\/videos\/10210850254746976\/\" style=\"background-color: #fff; display: inline-block;\"><\/div>","protected":false},"excerpt":{"rendered":"<p>Dia 31 de janeiro na galeria Bolsa de Arte, em Porto Alegre, \u00a0foi a vernissage da Exposi\u00e7\u00e3o fotogr\u00e1fica e lan\u00e7amento do calend\u00e1rio &#8220;Brasilien &#8211; o Rio Grande do Sul na Alemanha&#8221;. A convite da gr\u00e1fica alem\u00e3\u00a0USCHA do Unterleider Medien Gruppe o\u00a0Canela Instituto de Fotografia e Artes Visuais, capitaneado por Fernando Bueno, convidou diversos fot\u00f3grafos ga\u00fachos &hellip; <a href=\"https:\/\/zepaiva.com\/en\/brasilien-o-rio-grande-do-sul-na-alemanha\/\" class=\"more-link\">Continue reading <span class=\"screen-reader-text\">Brasilien &#8211; o Rio Grande do Sul na Alemanha<\/span> <span class=\"meta-nav\">&rarr;<\/span><\/a><\/p>","protected":false},"author":1,"featured_media":0,"comment_status":"open","ping_status":"open","sticky":false,"template":"","format":"standard","meta":{"_jetpack_memberships_contains_paid_content":false,"footnotes":""},"categories":[5],"tags":[80,100,163,168,178,203,218,221,284,384,408],"class_list":["post-3219","post","type-post","status-publish","format-standard","hentry","category-exposicoes","tag-bolsa-de-arte","tag-canela-instituto-de-fotografia","tag-evento","tag-exposicao","tag-fernando-bueno","tag-fotografia","tag-galeria","tag-gaucha","tag-lancamento","tag-porto-alegre","tag-rio-grande-do-sul"],"jetpack_featured_media_url":"","jetpack_sharing_enabled":true,"_links":{"self":[{"href":"https:\/\/zepaiva.com\/en\/wp-json\/wp\/v2\/posts\/3219","targetHints":{"allow":["GET"]}}],"collection":[{"href":"https:\/\/zepaiva.com\/en\/wp-json\/wp\/v2\/posts"}],"about":[{"href":"https:\/\/zepaiva.com\/en\/wp-json\/wp\/v2\/types\/post"}],"author":[{"embeddable":true,"href":"https:\/\/zepaiva.com\/en\/wp-json\/wp\/v2\/users\/1"}],"replies":[{"embeddable":true,"href":"https:\/\/zepaiva.com\/en\/wp-json\/wp\/v2\/comments?post=3219"}],"version-history":[{"count":0,"href":"https:\/\/zepaiva.com\/en\/wp-json\/wp\/v2\/posts\/3219\/revisions"}],"wp:attachment":[{"href":"https:\/\/zepaiva.com\/en\/wp-json\/wp\/v2\/media?parent=3219"}],"wp:term":[{"taxonomy":"category","embeddable":true,"href":"https:\/\/zepaiva.com\/en\/wp-json\/wp\/v2\/categories?post=3219"},{"taxonomy":"post_tag","embeddable":true,"href":"https:\/\/zepaiva.com\/en\/wp-json\/wp\/v2\/tags?post=3219"}],"curies":[{"name":"wp","href":"https:\/\/api.w.org\/{rel}","templated":true}]}}