{"id":3421,"date":"2017-06-01T16:13:17","date_gmt":"2017-06-01T19:13:17","guid":{"rendered":"http:\/\/zepaiva.com\/?p=3421"},"modified":"2017-06-01T16:13:17","modified_gmt":"2017-06-01T19:13:17","slug":"novidade-expedicao-fotografica-uruguay","status":"publish","type":"post","link":"https:\/\/zepaiva.com\/en\/novidade-expedicao-fotografica-uruguay\/","title":{"rendered":"Novidade: Expedi\u00e7\u00e3o Fotogr\u00e1fica Uruguay!"},"content":{"rendered":"<p>Ol\u00e1 pessoal! Com muita alegria anunciamos uma nova expedi\u00e7\u00e3o fotogr\u00e1fica, para nosso vizinho mas ainda pouco conhecido Uruguai. Vejam os detalhes abaixo.<\/p>\n<p><img fetchpriority=\"high\" decoding=\"async\" class=\"alignnone size-large wp-image-3422\" src=\"https:\/\/zepaiva.com\/wp-content\/uploads\/2017\/06\/uruguay-emkt_01.jpg?w=670\" alt=\"\" width=\"670\" height=\"673\" \/> <a href=\"https:\/\/zepaiva.com\/wp-content\/uploads\/2017\/06\/expedicao-uruguay-21.pdf\" target=\"_blank\" rel=\"noopener\"><img decoding=\"async\" class=\"alignnone size-large wp-image-3423\" src=\"https:\/\/zepaiva.com\/wp-content\/uploads\/2017\/06\/uruguay-emkt_02.jpg?w=670\" alt=\"\" width=\"670\" height=\"528\" \/><\/a> <img decoding=\"async\" class=\"alignnone wp-image-3424 size-full\" src=\"https:\/\/zepaiva.com\/wp-content\/uploads\/2017\/06\/uruguay-emkt_03.jpg\" alt=\"\" width=\"800\" height=\"1547\" \/> <img loading=\"lazy\" decoding=\"async\" class=\"alignnone size-large wp-image-3425\" src=\"https:\/\/zepaiva.com\/wp-content\/uploads\/2017\/06\/uruguay-emkt_04.jpg?w=670\" alt=\"\" width=\"670\" height=\"224\" \/> <img loading=\"lazy\" decoding=\"async\" class=\"alignnone size-large wp-image-3426\" src=\"https:\/\/zepaiva.com\/wp-content\/uploads\/2017\/06\/uruguay-emkt_05.jpg?w=670\" alt=\"\" width=\"670\" height=\"182\" \/> <img loading=\"lazy\" decoding=\"async\" class=\"alignnone size-large wp-image-3427\" src=\"https:\/\/zepaiva.com\/wp-content\/uploads\/2017\/06\/uruguay-emkt_06.jpg?w=670\" alt=\"\" width=\"670\" height=\"101\" \/><\/p>\n<p><a href=\"mailto:renata@braziltrails.com\" target=\"_blank\" rel=\"noopener\">renata@braziltrails.com<\/a><\/p>","protected":false},"excerpt":{"rendered":"<p>Ol\u00e1 pessoal! Com muita alegria anunciamos uma nova expedi\u00e7\u00e3o fotogr\u00e1fica, para nosso vizinho mas ainda pouco conhecido Uruguai. Vejam os detalhes abaixo. renata@braziltrails.com<\/p>","protected":false},"author":1,"featured_media":0,"comment_status":"open","ping_status":"open","sticky":false,"template":"","format":"standard","meta":{"_jetpack_memberships_contains_paid_content":false,"footnotes":""},"categories":[4],"tags":[66,108,147,171,198,203,277,333,339,356,366,386,394,445,453,457,468],"class_list":["post-3421","post","type-post","status-publish","format-standard","hentry","category-expedicoes","tag-aventura","tag-cassino","tag-ecoturismo","tag-farol","tag-foto","tag-fotografia","tag-lagoa","tag-natureza","tag-oficina","tag-parque","tag-parques","tag-praia","tag-reserva","tag-turismo","tag-uruguai","tag-viagem","tag-workshop"],"jetpack_featured_media_url":"","jetpack_sharing_enabled":true,"_links":{"self":[{"href":"https:\/\/zepaiva.com\/en\/wp-json\/wp\/v2\/posts\/3421","targetHints":{"allow":["GET"]}}],"collection":[{"href":"https:\/\/zepaiva.com\/en\/wp-json\/wp\/v2\/posts"}],"about":[{"href":"https:\/\/zepaiva.com\/en\/wp-json\/wp\/v2\/types\/post"}],"author":[{"embeddable":true,"href":"https:\/\/zepaiva.com\/en\/wp-json\/wp\/v2\/users\/1"}],"replies":[{"embeddable":true,"href":"https:\/\/zepaiva.com\/en\/wp-json\/wp\/v2\/comments?post=3421"}],"version-history":[{"count":0,"href":"https:\/\/zepaiva.com\/en\/wp-json\/wp\/v2\/posts\/3421\/revisions"}],"wp:attachment":[{"href":"https:\/\/zepaiva.com\/en\/wp-json\/wp\/v2\/media?parent=3421"}],"wp:term":[{"taxonomy":"category","embeddable":true,"href":"https:\/\/zepaiva.com\/en\/wp-json\/wp\/v2\/categories?post=3421"},{"taxonomy":"post_tag","embeddable":true,"href":"https:\/\/zepaiva.com\/en\/wp-json\/wp\/v2\/tags?post=3421"}],"curies":[{"name":"wp","href":"https:\/\/api.w.org\/{rel}","templated":true}]}}