{"id":3442,"date":"2017-06-21T12:28:52","date_gmt":"2017-06-21T15:28:52","guid":{"rendered":"http:\/\/zepaiva.com\/?p=3442"},"modified":"2017-06-21T12:28:52","modified_gmt":"2017-06-21T15:28:52","slug":"expedicao-fotografica-canions-do-sul-20172","status":"publish","type":"post","link":"https:\/\/zepaiva.com\/en\/expedicao-fotografica-canions-do-sul-20172\/","title":{"rendered":"Expedi\u00e7\u00e3o Fotogr\u00e1fica C\u00e2nions do Sul 2017\/2"},"content":{"rendered":"<p>E l\u00e1 vamos n\u00f3s para a terceira Expedi\u00e7\u00e3o Fotogr\u00e1fica C\u00e2nions do Sul! Vejam abaixo os detalhes:<\/p>\n<p><img fetchpriority=\"high\" decoding=\"async\" class=\"alignnone size-large wp-image-3443\" src=\"https:\/\/zepaiva.com\/wp-content\/uploads\/2017\/06\/emkt_01.jpg?w=670\" alt=\"\" width=\"670\" height=\"580\" \/> <a href=\"https:\/\/zepaiva.com\/wp-content\/uploads\/2017\/06\/canions-2017-22.pdf\" target=\"_blank\" rel=\"noopener\"><img decoding=\"async\" class=\"alignnone size-large wp-image-3444\" src=\"https:\/\/zepaiva.com\/wp-content\/uploads\/2017\/06\/emkt_02.jpg?w=670\" alt=\"\" width=\"670\" height=\"392\" \/><\/a> <a href=\"https:\/\/zepaiva.com\/en\/2016\/03\/29\/veja-como-foi-a-expedicao-canions-do-sul\/\" target=\"_blank\" rel=\"noopener\"><img decoding=\"async\" class=\"alignnone size-large wp-image-3445\" src=\"https:\/\/zepaiva.com\/wp-content\/uploads\/2017\/06\/emkt_03.jpg?w=670\" alt=\"\" width=\"670\" height=\"801\" \/><\/a> <a href=\"https:\/\/www.youtube.com\/watch?v=U6K95pW3SK8\" target=\"_blank\" rel=\"noopener\"><img loading=\"lazy\" decoding=\"async\" class=\"alignnone size-large wp-image-3446\" src=\"https:\/\/zepaiva.com\/wp-content\/uploads\/2017\/06\/emkt_04.jpg?w=670\" alt=\"\" width=\"670\" height=\"196\" \/><\/a> <a href=\"https:\/\/zepaiva.com\/en\/2016\/04\/05\/expedicao-canions-do-sul-depoimentos\/\" target=\"_blank\" rel=\"noopener\"><img loading=\"lazy\" decoding=\"async\" class=\"alignnone size-large wp-image-3447\" src=\"https:\/\/zepaiva.com\/wp-content\/uploads\/2017\/06\/emkt_05.jpg?w=670\" alt=\"\" width=\"670\" height=\"296\" \/><\/a><\/p>\n<p><a href=\"https:\/\/zepaiva.com\/en\/biografia\/\" target=\"_blank\" rel=\"noopener\"><img loading=\"lazy\" decoding=\"async\" class=\"size-large wp-image-3448\" src=\"https:\/\/zepaiva.com\/wp-content\/uploads\/2017\/06\/emkt_06.jpg?w=670\" alt=\"\" width=\"670\" height=\"230\" \/><\/a><\/p>\n<p><img loading=\"lazy\" decoding=\"async\" class=\"size-large wp-image-3449\" src=\"https:\/\/zepaiva.com\/wp-content\/uploads\/2017\/06\/emkt_07.jpg?w=670\" alt=\"\" width=\"670\" height=\"150\" \/><\/p>\n<p><img loading=\"lazy\" decoding=\"async\" class=\"size-large wp-image-3450\" src=\"https:\/\/zepaiva.com\/wp-content\/uploads\/2017\/06\/emkt_08.jpg?w=670\" alt=\"\" width=\"670\" height=\"119\" \/><\/p>\n<p><a href=\"https:\/\/zepaiva.com\/en\/2017\/06\/01\/novidade-expedicao-fotografica-uruguay\/\" target=\"_blank\" rel=\"noopener\"><img loading=\"lazy\" decoding=\"async\" class=\"alignnone size-large wp-image-3451\" src=\"https:\/\/zepaiva.com\/wp-content\/uploads\/2017\/06\/emkt_09.jpg?w=670\" alt=\"\" width=\"670\" height=\"637\" \/><\/a><\/p>\n<p>Informa\u00e7\u00f5es e reservas com Renata:<\/p>\n<p><a href=\"mailto:renata@braziltrails.com\" target=\"_blank\" rel=\"noopener\">renata@braziltrails.com<\/a><\/p>\n<p>&nbsp;<\/p>\n<p>&nbsp;<\/p>","protected":false},"excerpt":{"rendered":"<p>E l\u00e1 vamos n\u00f3s para a terceira Expedi\u00e7\u00e3o Fotogr\u00e1fica C\u00e2nions do Sul! Vejam abaixo os detalhes: Informa\u00e7\u00f5es e reservas com Renata: renata@braziltrails.com &nbsp; &nbsp;<\/p>","protected":false},"author":1,"featured_media":0,"comment_status":"open","ping_status":"open","sticky":false,"template":"","format":"standard","meta":{"_jetpack_memberships_contains_paid_content":false,"footnotes":""},"categories":[4],"tags":[40,66,93,94,102,103,147,198,203,221,333,339,356,366,408,423,445,457,468],"class_list":["post-3442","post","type-post","status-publish","format-standard","hentry","category-expedicoes","tag-aparados-da-serra","tag-aventura","tag-cambara","tag-cambara-do-sul","tag-canion","tag-canions","tag-ecoturismo","tag-foto","tag-fotografia","tag-gaucha","tag-natureza","tag-oficina","tag-parque","tag-parques","tag-rio-grande-do-sul","tag-serra","tag-turismo","tag-viagem","tag-workshop"],"jetpack_featured_media_url":"","jetpack_sharing_enabled":true,"_links":{"self":[{"href":"https:\/\/zepaiva.com\/en\/wp-json\/wp\/v2\/posts\/3442","targetHints":{"allow":["GET"]}}],"collection":[{"href":"https:\/\/zepaiva.com\/en\/wp-json\/wp\/v2\/posts"}],"about":[{"href":"https:\/\/zepaiva.com\/en\/wp-json\/wp\/v2\/types\/post"}],"author":[{"embeddable":true,"href":"https:\/\/zepaiva.com\/en\/wp-json\/wp\/v2\/users\/1"}],"replies":[{"embeddable":true,"href":"https:\/\/zepaiva.com\/en\/wp-json\/wp\/v2\/comments?post=3442"}],"version-history":[{"count":0,"href":"https:\/\/zepaiva.com\/en\/wp-json\/wp\/v2\/posts\/3442\/revisions"}],"wp:attachment":[{"href":"https:\/\/zepaiva.com\/en\/wp-json\/wp\/v2\/media?parent=3442"}],"wp:term":[{"taxonomy":"category","embeddable":true,"href":"https:\/\/zepaiva.com\/en\/wp-json\/wp\/v2\/categories?post=3442"},{"taxonomy":"post_tag","embeddable":true,"href":"https:\/\/zepaiva.com\/en\/wp-json\/wp\/v2\/tags?post=3442"}],"curies":[{"name":"wp","href":"https:\/\/api.w.org\/{rel}","templated":true}]}}