{"id":3460,"date":"2017-07-06T17:40:51","date_gmt":"2017-07-06T20:40:51","guid":{"rendered":"http:\/\/zepaiva.com\/?p=3460"},"modified":"2017-07-06T17:40:51","modified_gmt":"2017-07-06T20:40:51","slug":"como-foi-o-workshop-de-fotografia-contemplativa","status":"publish","type":"post","link":"https:\/\/zepaiva.com\/en\/como-foi-o-workshop-de-fotografia-contemplativa\/","title":{"rendered":"Como foi o workshop de Fotografia Contemplativa"},"content":{"rendered":"<p>Neste final de semana, nos dias 30 de junho a 2 de julho, aconteceu na Oikos, em Crici\u00fama, o primeiro workshop de fotografia contemplativa. A ideia era reunir minha experi\u00eancia de 34 anos com fotografia profissional e meus 7 anos como praticante de medita\u00e7\u00e3o budista. Minha fotografia normalmente tem um car\u00e1ter contemplativo. Neste workshop meu objetivo era passar esse conte\u00fado para os participantes de uma forma did\u00e1tica e pr\u00e1tica. Foi o que fizemos e tanto pelo resultado como pela avalia\u00e7\u00e3o das pessoas que participaram acho que deu certo. Na sexta feira depois de jantar fizemos nossa primeira roda de conversas. No s\u00e1bado alternamos momentos de medita\u00e7\u00e3o, instru\u00e7\u00f5es e pr\u00e1tica fotogr\u00e1fica nas trilhas da <a href=\"http:\/\/www.oikos.org.br\/\" target=\"_blank\" rel=\"noopener\">Oikos<\/a>. No domingo fomos a Nova Veneza onde fizemos uma trilha contemplativa at\u00e9 a bela Cachoeira do Cant\u00e3o. Vejam abaixo algumas fotos produzidas durante o workshop.<\/p>\n<p><img fetchpriority=\"high\" decoding=\"async\" class=\"aligncenter wp-image-3461\" src=\"https:\/\/zepaiva.com\/wp-content\/uploads\/2017\/07\/img_8043.jpg?w=670\" alt=\"\" width=\"467\" height=\"700\" \/><\/p>\n<p><img decoding=\"async\" class=\"size-large wp-image-3462 aligncenter\" src=\"https:\/\/zepaiva.com\/wp-content\/uploads\/2017\/07\/img_8053.jpg?w=670\" alt=\"\" width=\"670\" height=\"447\" \/><\/p>\n<p><img decoding=\"async\" class=\"size-large wp-image-3463 aligncenter\" src=\"https:\/\/zepaiva.com\/wp-content\/uploads\/2017\/07\/lrm_export_20170701_201623.jpg?w=670\" alt=\"\" width=\"670\" height=\"447\" \/><\/p>\n<p><img loading=\"lazy\" decoding=\"async\" class=\"size-large wp-image-3464 aligncenter\" src=\"https:\/\/zepaiva.com\/wp-content\/uploads\/2017\/07\/lrm_export_20170701_201851.jpg?w=670\" alt=\"\" width=\"670\" height=\"447\" \/><\/p>\n<p><img loading=\"lazy\" decoding=\"async\" class=\"size-large wp-image-3465 aligncenter\" src=\"https:\/\/zepaiva.com\/wp-content\/uploads\/2017\/07\/vista17d04168.jpg?w=670\" alt=\"\" width=\"670\" height=\"447\" \/><\/p>\n<p><img loading=\"lazy\" decoding=\"async\" class=\"size-large wp-image-3466 aligncenter\" src=\"https:\/\/zepaiva.com\/wp-content\/uploads\/2017\/07\/vista17d04169.jpg?w=670\" alt=\"\" width=\"670\" height=\"447\" \/><\/p>\n<p><img loading=\"lazy\" decoding=\"async\" class=\"aligncenter wp-image-3467\" src=\"https:\/\/zepaiva.com\/wp-content\/uploads\/2017\/07\/vista17d04186.jpg?w=670\" alt=\"\" width=\"467\" height=\"700\" \/><\/p>\n<p><img loading=\"lazy\" decoding=\"async\" class=\"aligncenter wp-image-3468\" src=\"https:\/\/zepaiva.com\/wp-content\/uploads\/2017\/07\/vista17d04195.jpg?w=670\" alt=\"\" width=\"467\" height=\"700\" \/><\/p>\n<p><img loading=\"lazy\" decoding=\"async\" class=\"size-large wp-image-3474\" src=\"https:\/\/zepaiva.com\/wp-content\/uploads\/2017\/07\/vista17d04408.jpg?w=670\" alt=\"\" width=\"670\" height=\"447\" \/><\/p>\n<p><img loading=\"lazy\" decoding=\"async\" class=\"size-large wp-image-3469 aligncenter\" src=\"https:\/\/zepaiva.com\/wp-content\/uploads\/2017\/07\/19598507_1210194242424653_9106221227467418565_n.jpg?w=670\" alt=\"\" width=\"670\" height=\"503\" \/><\/p>","protected":false},"excerpt":{"rendered":"<p>Neste final de semana, nos dias 30 de junho a 2 de julho, aconteceu na Oikos, em Crici\u00fama, o primeiro workshop de fotografia contemplativa. A ideia era reunir minha experi\u00eancia de 34 anos com fotografia profissional e meus 7 anos como praticante de medita\u00e7\u00e3o budista. Minha fotografia normalmente tem um car\u00e1ter contemplativo. Neste workshop meu &hellip; <a href=\"https:\/\/zepaiva.com\/en\/como-foi-o-workshop-de-fotografia-contemplativa\/\" class=\"more-link\">Continue reading <span class=\"screen-reader-text\">Como foi o workshop de Fotografia Contemplativa<\/span> <span class=\"meta-nav\">&rarr;<\/span><\/a><\/p>","protected":false},"author":1,"featured_media":0,"comment_status":"open","ping_status":"open","sticky":false,"template":"","format":"standard","meta":{"_jetpack_memberships_contains_paid_content":false,"footnotes":""},"categories":[14],"tags":[59,86,133,198,203,333,339,340,413,457,468],"class_list":["post-3460","post","type-post","status-publish","format-standard","hentry","category-workshops","tag-aula","tag-budismo","tag-curso","tag-foto","tag-fotografia","tag-natureza","tag-oficina","tag-oikos","tag-santa-catarina","tag-viagem","tag-workshop"],"jetpack_featured_media_url":"","jetpack_sharing_enabled":true,"_links":{"self":[{"href":"https:\/\/zepaiva.com\/en\/wp-json\/wp\/v2\/posts\/3460","targetHints":{"allow":["GET"]}}],"collection":[{"href":"https:\/\/zepaiva.com\/en\/wp-json\/wp\/v2\/posts"}],"about":[{"href":"https:\/\/zepaiva.com\/en\/wp-json\/wp\/v2\/types\/post"}],"author":[{"embeddable":true,"href":"https:\/\/zepaiva.com\/en\/wp-json\/wp\/v2\/users\/1"}],"replies":[{"embeddable":true,"href":"https:\/\/zepaiva.com\/en\/wp-json\/wp\/v2\/comments?post=3460"}],"version-history":[{"count":0,"href":"https:\/\/zepaiva.com\/en\/wp-json\/wp\/v2\/posts\/3460\/revisions"}],"wp:attachment":[{"href":"https:\/\/zepaiva.com\/en\/wp-json\/wp\/v2\/media?parent=3460"}],"wp:term":[{"taxonomy":"category","embeddable":true,"href":"https:\/\/zepaiva.com\/en\/wp-json\/wp\/v2\/categories?post=3460"},{"taxonomy":"post_tag","embeddable":true,"href":"https:\/\/zepaiva.com\/en\/wp-json\/wp\/v2\/tags?post=3460"}],"curies":[{"name":"wp","href":"https:\/\/api.w.org\/{rel}","templated":true}]}}