{"id":3622,"date":"2017-12-06T23:56:25","date_gmt":"2017-12-07T02:56:25","guid":{"rendered":"http:\/\/zepaiva.com\/?p=3622"},"modified":"2025-02-20T17:19:00","modified_gmt":"2025-02-20T17:19:00","slug":"ze-paiva-conta-como-sera-a-expedicao-santuario-das-aves","status":"publish","type":"post","link":"https:\/\/zepaiva.com\/en\/ze-paiva-conta-como-sera-a-expedicao-santuario-das-aves\/","title":{"rendered":"Z\u00e9 Paiva conta como ser\u00e1 a Expedi\u00e7\u00e3o Santu\u00e1rio das Aves"},"content":{"rendered":"<div class=\"jetpack-video-wrapper\">\n<div class=\"embed-youtube\"><iframe title=\"Expedi\u00e7\u00e3o Fotogr\u00e1fica Santu\u00e1rio das Aves\" width=\"700\" height=\"394\" src=\"https:\/\/www.youtube.com\/embed\/tv2R1ZNwkus?feature=oembed\" frameborder=\"0\" allow=\"accelerometer; autoplay; clipboard-write; encrypted-media; gyroscope; picture-in-picture; web-share\" referrerpolicy=\"strict-origin-when-cross-origin\" allowfullscreen><\/iframe><\/div>\n<\/div>\n<p>Esta expedi\u00e7\u00e3o foi adiada para novembro, veja os detalhes do roteiro e condi\u00e7\u00f5es de pagamento <a href=\"https:\/\/zepaiva.com\/en\/expedicao-fotografica-santuario-das-aves-2018-2\/\" target=\"_blank\" rel=\"noopener\">aqui<\/a>. Mais informa\u00e7\u00f5es e reservas com Renata <a href=\"mailto:renata@braziltrails.com\">renata@braziltrails.com<\/a><\/p>","protected":false},"excerpt":{"rendered":"<p>Esta expedi\u00e7\u00e3o foi adiada para novembro, veja os detalhes do roteiro e condi\u00e7\u00f5es de pagamento aqui. Mais informa\u00e7\u00f5es e reservas com Renata renata@braziltrails.com<\/p>","protected":false},"author":1,"featured_media":3243,"comment_status":"open","ping_status":"open","sticky":false,"template":"","format":"standard","meta":{"_jetpack_memberships_contains_paid_content":false,"footnotes":""},"categories":[4],"tags":[66,67,68,147,203,333,339,352,356,361,365,366,408,435,445,457,468],"class_list":["post-3622","post","type-post","status-publish","format-standard","has-post-thumbnail","hentry","category-expedicoes","tag-aventura","tag-aves","tag-avifauna","tag-ecoturismo","tag-fotografia","tag-natureza","tag-oficina","tag-pampa","tag-parque","tag-parque-nacional-da-lagoa-do-peixe","tag-parquenacional","tag-parques","tag-rio-grande-do-sul","tag-tavares","tag-turismo","tag-viagem","tag-workshop"],"jetpack_featured_media_url":"","jetpack_sharing_enabled":true,"_links":{"self":[{"href":"https:\/\/zepaiva.com\/en\/wp-json\/wp\/v2\/posts\/3622","targetHints":{"allow":["GET"]}}],"collection":[{"href":"https:\/\/zepaiva.com\/en\/wp-json\/wp\/v2\/posts"}],"about":[{"href":"https:\/\/zepaiva.com\/en\/wp-json\/wp\/v2\/types\/post"}],"author":[{"embeddable":true,"href":"https:\/\/zepaiva.com\/en\/wp-json\/wp\/v2\/users\/1"}],"replies":[{"embeddable":true,"href":"https:\/\/zepaiva.com\/en\/wp-json\/wp\/v2\/comments?post=3622"}],"version-history":[{"count":1,"href":"https:\/\/zepaiva.com\/en\/wp-json\/wp\/v2\/posts\/3622\/revisions"}],"predecessor-version":[{"id":16374,"href":"https:\/\/zepaiva.com\/en\/wp-json\/wp\/v2\/posts\/3622\/revisions\/16374"}],"wp:featuredmedia":[{"embeddable":true,"href":"https:\/\/zepaiva.com\/en\/wp-json\/"}],"wp:attachment":[{"href":"https:\/\/zepaiva.com\/en\/wp-json\/wp\/v2\/media?parent=3622"}],"wp:term":[{"taxonomy":"category","embeddable":true,"href":"https:\/\/zepaiva.com\/en\/wp-json\/wp\/v2\/categories?post=3622"},{"taxonomy":"post_tag","embeddable":true,"href":"https:\/\/zepaiva.com\/en\/wp-json\/wp\/v2\/tags?post=3622"}],"curies":[{"name":"wp","href":"https:\/\/api.w.org\/{rel}","templated":true}]}}