{"id":370,"date":"2006-08-02T14:40:36","date_gmt":"2006-08-02T17:40:36","guid":{"rendered":"http:\/\/zepaiva.wordpress.com\/?p=370"},"modified":"2025-02-26T13:18:10","modified_gmt":"2025-02-26T13:18:10","slug":"expedicao-natureza-sc-na-caixa-cultural-em-sao-paulo","status":"publish","type":"post","link":"https:\/\/zepaiva.com\/en\/expedicao-natureza-sc-na-caixa-cultural-em-sao-paulo\/","title":{"rendered":"Expedi\u00e7\u00e3o Natureza SC na Caixa Cultural em S\u00e3o Paulo"},"content":{"rendered":"<p class=\"has-text-align-right\">Por: <a href=\"mailto:vista@vistaimagens.com.br\">Felipe W\u00fcnsch<\/a><\/p>\n\n\n\n<p>Dia 6 de julho de 2006 abriu a exposi\u00e7\u00e3o <strong>Island Nature<\/strong> do fot\u00f3grafo Z\u00e9 Paiva na Galeria Nobre da Caixa Cultural, na Pra\u00e7a da S\u00e9 , em S\u00e3o Paulo.<\/p>\n\n\n\n<div class=\"wp-block-jetpack-tiled-gallery aligncenter is-style-rectangular\"><div class=\"\"><div class=\"tiled-gallery__gallery\"><div class=\"tiled-gallery__row\"><div class=\"tiled-gallery__col\" style=\"flex-basis:66.80542%\"><figure class=\"tiled-gallery__item\"><a href=\"https:\/\/zepaiva.com\/wp-content\/uploads\/2021\/03\/vista06d02763-1.jpg\"><img decoding=\"async\" srcset=\"https:\/\/i0.wp.com\/zepaiva.com\/wp-content\/uploads\/2021\/03\/vista06d02763-1.jpg?strip=info&#038;w=600&#038;ssl=1 600w,https:\/\/i0.wp.com\/zepaiva.com\/wp-content\/uploads\/2021\/03\/vista06d02763-1.jpg?strip=info&#038;w=900&#038;ssl=1 900w,https:\/\/i0.wp.com\/zepaiva.com\/wp-content\/uploads\/2021\/03\/vista06d02763-1.jpg?strip=info&#038;w=1200&#038;ssl=1 1200w\" alt=\"\" data-height=\"803\" data-id=\"10622\" data-link=\"https:\/\/zepaiva.com\/galeria-nobre-da-caixa-cultural-sao-paulo-sao-paulo-brasil-6\/\" data-url=\"https:\/\/zepaiva.com\/wp-content\/uploads\/2021\/03\/vista06d02763-1.jpg\" data-width=\"1200\" src=\"https:\/\/i0.wp.com\/zepaiva.com\/wp-content\/uploads\/2021\/03\/vista06d02763-1.jpg?ssl=1\" data-amp-layout=\"responsive\" tabindex=\"0\" role=\"button\" aria-label=\"Abrir imagem 1 de 5 em tela cheia\"\/><\/a><\/figure><\/div><div class=\"tiled-gallery__col\" style=\"flex-basis:33.19458%\"><figure class=\"tiled-gallery__item\"><a href=\"https:\/\/zepaiva.com\/wp-content\/uploads\/2021\/03\/vista06d02758-1.jpg\"><img decoding=\"async\" srcset=\"https:\/\/i0.wp.com\/zepaiva.com\/wp-content\/uploads\/2021\/03\/vista06d02758-1.jpg?strip=info&#038;w=600&#038;ssl=1 600w,https:\/\/i0.wp.com\/zepaiva.com\/wp-content\/uploads\/2021\/03\/vista06d02758-1.jpg?strip=info&#038;w=900&#038;ssl=1 900w,https:\/\/i0.wp.com\/zepaiva.com\/wp-content\/uploads\/2021\/03\/vista06d02758-1.jpg?strip=info&#038;w=1200&#038;ssl=1 1200w\" alt=\"\" data-height=\"803\" data-id=\"10620\" data-link=\"https:\/\/zepaiva.com\/galeria-nobre-da-caixa-cultural-sao-paulo-sao-paulo-brasil-4\/\" data-url=\"https:\/\/zepaiva.com\/wp-content\/uploads\/2021\/03\/vista06d02758-1.jpg\" data-width=\"1200\" src=\"https:\/\/i0.wp.com\/zepaiva.com\/wp-content\/uploads\/2021\/03\/vista06d02758-1.jpg?ssl=1\" data-amp-layout=\"responsive\" tabindex=\"0\" role=\"button\" aria-label=\"Abrir imagem 2 de 5 em tela cheia\"\/><\/a><\/figure><figure class=\"tiled-gallery__item\"><a href=\"https:\/\/zepaiva.com\/wp-content\/uploads\/2021\/03\/vista06d02762-1.jpg\"><img decoding=\"async\" srcset=\"https:\/\/i0.wp.com\/zepaiva.com\/wp-content\/uploads\/2021\/03\/vista06d02762-1.jpg?strip=info&#038;w=600&#038;ssl=1 600w,https:\/\/i0.wp.com\/zepaiva.com\/wp-content\/uploads\/2021\/03\/vista06d02762-1.jpg?strip=info&#038;w=900&#038;ssl=1 900w,https:\/\/i0.wp.com\/zepaiva.com\/wp-content\/uploads\/2021\/03\/vista06d02762-1.jpg?strip=info&#038;w=1200&#038;ssl=1 1200w\" alt=\"\" data-height=\"803\" data-id=\"10621\" data-link=\"https:\/\/zepaiva.com\/galeria-nobre-da-caixa-cultural-sao-paulo-sao-paulo-brasil-5\/\" data-url=\"https:\/\/zepaiva.com\/wp-content\/uploads\/2021\/03\/vista06d02762-1.jpg\" data-width=\"1200\" src=\"https:\/\/i0.wp.com\/zepaiva.com\/wp-content\/uploads\/2021\/03\/vista06d02762-1.jpg?ssl=1\" data-amp-layout=\"responsive\" tabindex=\"0\" role=\"button\" aria-label=\"Abrir imagem 3 de 5 em tela cheia\"\/><\/a><\/figure><\/div><\/div><div class=\"tiled-gallery__row\"><div class=\"tiled-gallery__col\" style=\"flex-basis:50.00000%\"><figure class=\"tiled-gallery__item\"><a href=\"https:\/\/zepaiva.com\/wp-content\/uploads\/2010\/04\/expo_nat_sc_caixa_sp_2.jpg\"><img decoding=\"async\" srcset=\"https:\/\/i0.wp.com\/zepaiva.com\/wp-content\/uploads\/2010\/04\/expo_nat_sc_caixa_sp_2.jpg?strip=info&#038;w=500&#038;ssl=1 500w\" alt=\"\" data-height=\"333\" data-id=\"372\" data-link=\"https:\/\/zepaiva.com\/2006\/08\/02\/expedicao-natureza-sc-na-caixa-cultural-em-sao-paulo\/expo_nat_sc_caixa_sp_2\/\" data-url=\"https:\/\/zepaiva.com\/wp-content\/uploads\/2010\/04\/expo_nat_sc_caixa_sp_2.jpg\" data-width=\"500\" src=\"https:\/\/i0.wp.com\/zepaiva.com\/wp-content\/uploads\/2010\/04\/expo_nat_sc_caixa_sp_2.jpg?ssl=1\" data-amp-layout=\"responsive\" tabindex=\"0\" role=\"button\" aria-label=\"Abrir imagem 4 de 5 em tela cheia\"\/><\/a><\/figure><\/div><div class=\"tiled-gallery__col\" style=\"flex-basis:50.00000%\"><figure class=\"tiled-gallery__item\"><a href=\"https:\/\/zepaiva.com\/wp-content\/uploads\/2010\/04\/expo_nat_sc_caixa_sp_1.jpg\"><img decoding=\"async\" srcset=\"https:\/\/i0.wp.com\/zepaiva.com\/wp-content\/uploads\/2010\/04\/expo_nat_sc_caixa_sp_1.jpg?strip=info&#038;w=500&#038;ssl=1 500w\" alt=\"\" data-height=\"333\" data-id=\"371\" data-link=\"https:\/\/zepaiva.com\/2006\/08\/02\/expedicao-natureza-sc-na-caixa-cultural-em-sao-paulo\/expo_nat_sc_caixa_sp_1\/\" data-url=\"https:\/\/zepaiva.com\/wp-content\/uploads\/2010\/04\/expo_nat_sc_caixa_sp_1.jpg\" data-width=\"500\" src=\"https:\/\/i0.wp.com\/zepaiva.com\/wp-content\/uploads\/2010\/04\/expo_nat_sc_caixa_sp_1.jpg?ssl=1\" data-amp-layout=\"responsive\" tabindex=\"0\" role=\"button\" aria-label=\"Abrir imagem 5 de 5 em tela cheia\"\/><\/a><\/figure><\/div><\/div><\/div><\/div><\/div>\n\n\n\n<p>Mais de 300 pessoas prestigiaram o evento, que tamb\u00e9m marcou a abertura das exposi\u00e7\u00f5es Quilombolas e Circo Nerino.<\/p>\n\n\n\n<p>A exposi\u00e7\u00e3o teve curadoria de Rosely Nakagawa. A ambienta\u00e7\u00e3o ficou a cargo de Marisa Rebollo e a produ\u00e7\u00e3o foi de Lui Tanaka. As fotos foram impressas digitalmente numa impressora Durst Lambda pela Fus\u00e3o.<\/p>\n\n\n\n<p>Abaixo o texto da curadora:<\/p>\n\n\n\n<p><em>Nature photography is as full of traps as nature itself.<br>A paisagem em si traz as belezas ordenadas de tal forma que o fot\u00f3grafo dificilmente escapa de imagens comuns. A natureza sempre o&nbsp;supera. Entrar nesta paisagem e se tornar parte dela \u00e9 a solu\u00e7\u00e3o para compreend\u00ea-la melhor e poder retrat\u00e1-la como alguma coisa nova. Z\u00e9 Paiva ent\u00e3o surge do meio das matas, rios, pedras, pronto: o&nbsp;fot\u00f3grafo virou planta, ou pedra ou rio; um pequeno inseto, uma flor microsc\u00f3pica. Fazer parte dela: \u00e9 esse o segredo de sobreviver e continuar ao seu lado.<\/em><\/p>\n\n\n\n<p>A exposi\u00e7\u00e3o <strong>Island Nature<\/strong> ficar\u00e1 em cartaz at\u00e9 13 de agosto, na Galeria Nobre, no t\u00e9rreo do Edif\u00edcio S\u00e9<br>(Pra\u00e7a da S\u00e9, 111), S\u00e3o Paulo, SP.<\/p>\n\n\n\n<p>O hor\u00e1rio de visita\u00e7\u00e3o \u00e9 de ter\u00e7a a domingo, de 9h \u00e0s 21h. A entrada \u00e9 franca. Mais informa\u00e7\u00f5es podem ser obtidas pelo p\u00fablico atrav\u00e9s do telefone 3107-0498 ou pelo e-mail remaisp@caixa.gov.br.<\/p>","protected":false},"excerpt":{"rendered":"<p>Por: Felipe W\u00fcnsch Dia 6 de julho de 2006 abriu a exposi\u00e7\u00e3o Expedi\u00e7\u00e3o Natureza do fot\u00f3grafo Z\u00e9 Paiva na Galeria Nobre da Caixa Cultural, na Pra\u00e7a da S\u00e9 , em S\u00e3o Paulo. Mais de 300 pessoas prestigiaram o evento, que tamb\u00e9m marcou a abertura das exposi\u00e7\u00f5es Quilombolas e Circo Nerino. A exposi\u00e7\u00e3o teve curadoria de &hellip; <a href=\"https:\/\/zepaiva.com\/en\/expedicao-natureza-sc-na-caixa-cultural-em-sao-paulo\/\" class=\"more-link\">Continue reading <span class=\"screen-reader-text\">Expedi\u00e7\u00e3o Natureza SC na Caixa Cultural em S\u00e3o Paulo<\/span> <span class=\"meta-nav\">&rarr;<\/span><\/a><\/p>","protected":false},"author":1,"featured_media":16784,"comment_status":"open","ping_status":"open","sticky":false,"template":"","format":"standard","meta":{"_jetpack_memberships_contains_paid_content":false,"footnotes":""},"categories":[5,6],"tags":[163,167,168,203,284,291,333,413,417],"class_list":["post-370","post","type-post","status-publish","format-standard","has-post-thumbnail","hentry","category-exposicoes","category-lancamentos","tag-evento","tag-expedicoes","tag-exposicao","tag-fotografia","tag-lancamento","tag-livro","tag-natureza","tag-santa-catarina","tag-sao-paulo"],"jetpack_featured_media_url":"https:\/\/zepaiva.com\/wp-content\/uploads\/2006\/08\/vista06d02763-1.jpg","jetpack_sharing_enabled":true,"_links":{"self":[{"href":"https:\/\/zepaiva.com\/en\/wp-json\/wp\/v2\/posts\/370","targetHints":{"allow":["GET"]}}],"collection":[{"href":"https:\/\/zepaiva.com\/en\/wp-json\/wp\/v2\/posts"}],"about":[{"href":"https:\/\/zepaiva.com\/en\/wp-json\/wp\/v2\/types\/post"}],"author":[{"embeddable":true,"href":"https:\/\/zepaiva.com\/en\/wp-json\/wp\/v2\/users\/1"}],"replies":[{"embeddable":true,"href":"https:\/\/zepaiva.com\/en\/wp-json\/wp\/v2\/comments?post=370"}],"version-history":[{"count":1,"href":"https:\/\/zepaiva.com\/en\/wp-json\/wp\/v2\/posts\/370\/revisions"}],"predecessor-version":[{"id":16783,"href":"https:\/\/zepaiva.com\/en\/wp-json\/wp\/v2\/posts\/370\/revisions\/16783"}],"wp:featuredmedia":[{"embeddable":true,"href":"https:\/\/zepaiva.com\/en\/wp-json\/wp\/v2\/media\/16784"}],"wp:attachment":[{"href":"https:\/\/zepaiva.com\/en\/wp-json\/wp\/v2\/media?parent=370"}],"wp:term":[{"taxonomy":"category","embeddable":true,"href":"https:\/\/zepaiva.com\/en\/wp-json\/wp\/v2\/categories?post=370"},{"taxonomy":"post_tag","embeddable":true,"href":"https:\/\/zepaiva.com\/en\/wp-json\/wp\/v2\/tags?post=370"}],"curies":[{"name":"wp","href":"https:\/\/api.w.org\/{rel}","templated":true}]}}