{"id":377,"date":"2006-09-19T15:02:13","date_gmt":"2006-09-19T18:02:13","guid":{"rendered":"http:\/\/zepaiva.wordpress.com\/?p=377"},"modified":"2006-09-19T15:02:13","modified_gmt":"2006-09-19T18:02:13","slug":"ze-paiva-premiado-no-4%c2%ba-international-photo-awards","status":"publish","type":"post","link":"https:\/\/zepaiva.com\/en\/ze-paiva-premiado-no-4%c2%ba-international-photo-awards\/","title":{"rendered":"Z\u00e9 Paiva premiado no 4\u00ba International Photo Awards"},"content":{"rendered":"<p style=\"text-align:right;\">Por: Felipe W\u00fcnsch<\/p>\n<p>O fot\u00f3grafo Z\u00e9 Paiva recebeu duas men\u00e7\u00f5es honrosas na categoria Natureza do concurso mencionado acima com as fotos Sempre-viva e Saco da Bala. As imagens foram realizadas para o projeto Expedi\u00e7\u00e3o Natureza, que resultou num livro e exposi\u00e7\u00e3o fotogr\u00e1fica, recentemente apresentados na Galeria Nobre do Centro Cultural da Caixa Econ\u00f4mica Federal, em S\u00e3o Paulo. Em 2005 ele tamb\u00e9m recebeu duas men\u00e7\u00f5es honrosas neste concurso na mesma categoria.<\/p>\n<p>A imagem Sempre-viva foi feita na Serra do Quiriri, em Garuva, norte de Santa Catarina, na Fazenda de Preserva\u00e7\u00e3o do Alto Quiriri, de propriedade da empresa Ciser de Joinville. A planta estava no Rio Quiriri, um dos principais rios que abastece a cidade de Joinville.<\/p>\n<p><a href=\"http:\/\/zepaiva.com\/wp-content\/uploads\/2010\/04\/icp_sempreviva.jpg\"><img fetchpriority=\"high\" decoding=\"async\" class=\"aligncenter size-full wp-image-378\" title=\"ICP_sempreviva\" src=\"http:\/\/zepaiva.com\/wp-content\/uploads\/2010\/04\/icp_sempreviva.jpg\" alt=\"\" width=\"335\" height=\"500\" \/><\/a><\/p>\n<p>A foto Saco da Bala foi feita na Ilha do Arvoredo, que faz parte da Reserva Biol\u00f3gica do Arvoredo, uma unidade de conserva\u00e7\u00e3o ambiental federal que fica no munic\u00edpio de Bombinhas, em Santa Catarina. O Saco da Bala \u00e9 uma pequena enseada na ilha onde o mar aparou as arestas de grandes pedras vulc\u00e2nicas.<\/p>\n<p><a href=\"http:\/\/zepaiva.com\/wp-content\/uploads\/2010\/04\/ipa_sacobala.jpg\"><img decoding=\"async\" class=\"aligncenter size-full wp-image-379\" title=\"IPA_sacobala\" src=\"http:\/\/zepaiva.com\/wp-content\/uploads\/2010\/04\/ipa_sacobala.jpg\" alt=\"\" width=\"500\" height=\"335\" \/><\/a><\/p>\n<p>O <a name=\"Photo Awards\" href=\"http:\/\/photoawards.com\/\" target=\"_blank\">IPA<\/a> \u00e9 uma organiza\u00e7\u00e3o muito respeitada no cen\u00e1rio da\u00a0fotografia mundial.  Com 18 mil membros e afiliados ao redor do mundo tem a miss\u00e3o de saudar  as conquistas dos melhores fot\u00f3grafos do mundo, descobrir novos talentos  e promover a aprecia\u00e7\u00e3o da fotografia. Desde 2003, o IPA tem premiado  fot\u00f3grafos de todo o mundo em v\u00e1rias categorias. \u00c9 como o Oscar da  Fotografia. Neste ano a entrega dos pr\u00eamios ser\u00e1 dia 30 de outubro, no  American Airlines Theatre, na Times Square, em Nova Iorque. Fot\u00f3grafos  como Duane Michals na categoria Retratos e David Bailey, fot\u00f3grafo de  moda, ser\u00e3o homenageados. O vencedor do pr\u00eamio fot\u00f3grafo internacional  do ano receber\u00e1 a estatueta Lucie Awards e 10 mil d\u00f3lares. As imagens  premiadas ser\u00e3o publicadas num livro de capa dura e as 45 melhores ser\u00e3o  exibidas na apresenta\u00e7\u00e3o Best of show, que viajar\u00e1 por 9 pa\u00edses.<\/p>\n<p><span style=\"font-family:Arial;color:#000000;font-size:x-small;\"><span style=\"font-family:Times New Roman;font-size:small;\"><a href=\"http:\/\/zepaiva.com\/wp-content\/uploads\/2010\/04\/ipa_lucie04.jpg\"><img decoding=\"async\" class=\"aligncenter size-full wp-image-380\" title=\"IPA_lucie04\" src=\"http:\/\/zepaiva.com\/wp-content\/uploads\/2010\/04\/ipa_lucie04.jpg\" alt=\"\" width=\"350\" height=\"233\" \/><\/a><br \/>\n<\/span><\/span><\/p>","protected":false},"excerpt":{"rendered":"<p>Por: Felipe W\u00fcnsch O fot\u00f3grafo Z\u00e9 Paiva recebeu duas men\u00e7\u00f5es honrosas na categoria Natureza do concurso mencionado acima com as fotos Sempre-viva e Saco da Bala. As imagens foram realizadas para o projeto Expedi\u00e7\u00e3o Natureza, que resultou num livro e exposi\u00e7\u00e3o fotogr\u00e1fica, recentemente apresentados na Galeria Nobre do Centro Cultural da Caixa Econ\u00f4mica Federal, em &hellip; <a href=\"https:\/\/zepaiva.com\/en\/ze-paiva-premiado-no-4%c2%ba-international-photo-awards\/\" class=\"more-link\">Continue reading <span class=\"screen-reader-text\">Z\u00e9 Paiva premiado no 4\u00ba International Photo Awards<\/span> <span class=\"meta-nav\">&rarr;<\/span><\/a><\/p>","protected":false},"author":1,"featured_media":0,"comment_status":"open","ping_status":"open","sticky":false,"template":"","format":"standard","meta":{"_jetpack_memberships_contains_paid_content":false,"footnotes":""},"categories":[9],"tags":[121,198,203,256,333,389],"class_list":["post-377","post","type-post","status-publish","format-standard","hentry","category-premios-e-destaques","tag-concurso","tag-foto","tag-fotografia","tag-internacional","tag-natureza","tag-premio"],"jetpack_featured_media_url":"","jetpack_sharing_enabled":true,"_links":{"self":[{"href":"https:\/\/zepaiva.com\/en\/wp-json\/wp\/v2\/posts\/377","targetHints":{"allow":["GET"]}}],"collection":[{"href":"https:\/\/zepaiva.com\/en\/wp-json\/wp\/v2\/posts"}],"about":[{"href":"https:\/\/zepaiva.com\/en\/wp-json\/wp\/v2\/types\/post"}],"author":[{"embeddable":true,"href":"https:\/\/zepaiva.com\/en\/wp-json\/wp\/v2\/users\/1"}],"replies":[{"embeddable":true,"href":"https:\/\/zepaiva.com\/en\/wp-json\/wp\/v2\/comments?post=377"}],"version-history":[{"count":0,"href":"https:\/\/zepaiva.com\/en\/wp-json\/wp\/v2\/posts\/377\/revisions"}],"wp:attachment":[{"href":"https:\/\/zepaiva.com\/en\/wp-json\/wp\/v2\/media?parent=377"}],"wp:term":[{"taxonomy":"category","embeddable":true,"href":"https:\/\/zepaiva.com\/en\/wp-json\/wp\/v2\/categories?post=377"},{"taxonomy":"post_tag","embeddable":true,"href":"https:\/\/zepaiva.com\/en\/wp-json\/wp\/v2\/tags?post=377"}],"curies":[{"name":"wp","href":"https:\/\/api.w.org\/{rel}","templated":true}]}}