{"id":3812,"date":"2018-04-05T16:08:21","date_gmt":"2018-04-05T19:08:21","guid":{"rendered":"http:\/\/zepaiva.com\/?p=3812"},"modified":"2018-04-05T16:08:21","modified_gmt":"2018-04-05T19:08:21","slug":"veja-como-foi-a-expedicao-ao-canions-na-pascoa-2018","status":"publish","type":"post","link":"https:\/\/zepaiva.com\/en\/veja-como-foi-a-expedicao-ao-canions-na-pascoa-2018\/","title":{"rendered":"Veja como foi a Expedi\u00e7\u00e3o aos C\u00e2nions na P\u00e1scoa 2018"},"content":{"rendered":"<figure id=\"attachment_3814\" aria-describedby=\"caption-attachment-3814\" style=\"width: 3240px\" class=\"wp-caption alignnone\"><img fetchpriority=\"high\" decoding=\"async\" class=\"wp-image-3814 size-full\" src=\"https:\/\/zepaiva.com\/wp-content\/uploads\/2018\/04\/vista18d01048-pano.jpg\" alt=\"\" width=\"3240\" height=\"1080\" \/><figcaption id=\"caption-attachment-3814\" class=\"wp-caption-text\">P\u00f4r do sol no mirante do Cambar\u00e1 Eco Hotel &#8211; foto de Z\u00e9 Paiva<\/figcaption><\/figure>\n<p>A quarta Expedi\u00e7\u00e3o Fotogr\u00e1fica C\u00e2nions do Sul come\u00e7ou assim, contrariando as previs\u00f5es de chuva, com um belo p\u00f4r do sol. Dona Matilde, a simp\u00e1tica propriet\u00e1ria do hotel, at\u00e9 lembrou um prov\u00e9rbio italiano:\u00a0&#8220;<em>Rosso\u00a0di\u00a0sera, bel tempo si spera<\/em>.&#8221; &#8220;Entardecer vermelho, se espera um tempo bonito.&#8221; A noite como sempre jantamos no \u00f3timo Restaurante do Lago, anexo ao hotel, com direito a trutas regadas ao som de harpa, violino e piano, tocados pela fam\u00edlia do chef.<\/p>\n<figure id=\"attachment_3815\" aria-describedby=\"caption-attachment-3815\" style=\"width: 736px\" class=\"wp-caption alignnone\"><img decoding=\"async\" class=\"size-large wp-image-3815\" src=\"https:\/\/zepaiva.com\/wp-content\/uploads\/2018\/04\/vista18d01078.jpg?w=736\" alt=\"\" width=\"736\" height=\"491\" \/><figcaption id=\"caption-attachment-3815\" class=\"wp-caption-text\">Sal\u00e3o do caf\u00e9 da manh\u00e3,\u00a0Cambar\u00e1 Eco Hotel &#8211; foto de Z\u00e9 Paiva<\/figcaption><\/figure>\n<p>O caf\u00e9 da manh\u00e3 do Cambar\u00e1 Eco Hotel \u00e9 uma atra\u00e7\u00e3o a parte, pois al\u00e9m da vista espetacular, a variedade de p\u00e3es, tortas, bolos, gel\u00e9ias, frutas e outros quitutes, a maioria feita na cozinha do hotel, \u00e9 surpreendente.<\/p>\n<figure id=\"attachment_3816\" aria-describedby=\"caption-attachment-3816\" style=\"width: 736px\" class=\"wp-caption alignnone\"><img decoding=\"async\" class=\"size-large wp-image-3816\" src=\"https:\/\/zepaiva.com\/wp-content\/uploads\/2018\/04\/vista18d01095.jpg?w=736\" alt=\"\" width=\"736\" height=\"491\" \/><figcaption id=\"caption-attachment-3816\" class=\"wp-caption-text\">Parque Nacional Aparados da Serra, Cambar\u00e1 do Sul, Rio Grande do Sul &#8211; foto de Z\u00e9 Paiva<\/figcaption><\/figure>\n<p>O dia amanheceu ensolarado e depois de fotos da aurora no lago do hotel e um farto caf\u00e9 da manh\u00e3, fomos ao Itaimb\u00e9zinho fazer a trilha do Cotovelo.<\/p>\n<figure id=\"attachment_3817\" aria-describedby=\"caption-attachment-3817\" style=\"width: 3958px\" class=\"wp-caption alignnone\"><img loading=\"lazy\" decoding=\"async\" class=\"wp-image-3817 size-full\" src=\"https:\/\/zepaiva.com\/wp-content\/uploads\/2018\/04\/vista18d01140-pano.jpg\" alt=\"\" width=\"3958\" height=\"1080\" \/><figcaption id=\"caption-attachment-3817\" class=\"wp-caption-text\">Trilha do Cotovelo, Cambar\u00e1 do Sul, Rio Grande do Sul &#8211; foto de Z\u00e9 Paiva<\/figcaption><\/figure>\n<p>No final da trilha, um momento de descanso, lanche e foto do grupo. Tivemos um grupo super bacana (como sempre) de expedicion\u00e1rios de Vit\u00f3ria, Rio de Janeiro, S\u00e3o Paulo e Curitiba.<\/p>\n<figure id=\"attachment_3818\" aria-describedby=\"caption-attachment-3818\" style=\"width: 736px\" class=\"wp-caption alignnone\"><img loading=\"lazy\" decoding=\"async\" class=\"size-large wp-image-3818\" src=\"https:\/\/zepaiva.com\/wp-content\/uploads\/2018\/04\/vista18d01168.jpg?w=736\" alt=\"\" width=\"736\" height=\"491\" \/><figcaption id=\"caption-attachment-3818\" class=\"wp-caption-text\">Trilha do Cotovelo, Cambar\u00e1 do Sul, Rio Grande do Sul &#8211; foto de Z\u00e9 Paiva<\/figcaption><\/figure>\n<p>A tarde choveu e pudemos descansar, fazer mais uma aula sobre luz e depois jantar no Restaurante Casar\u00e3o, um lugar de comida italiana, rod\u00edzio de trutas e um buffet de saladas org\u00e2nicas da sua pr\u00f3pria horta.<\/p>\n<figure id=\"attachment_3819\" aria-describedby=\"caption-attachment-3819\" style=\"width: 736px\" class=\"wp-caption alignnone\"><img loading=\"lazy\" decoding=\"async\" class=\"size-large wp-image-3819\" src=\"https:\/\/zepaiva.com\/wp-content\/uploads\/2018\/04\/vista18d01210.jpg?w=736\" alt=\"\" width=\"736\" height=\"491\" \/><figcaption id=\"caption-attachment-3819\" class=\"wp-caption-text\">Parque Nacional da Serra Geral, Cambar\u00e1 do Sul, Rio Grande do Sul &#8211; foto de Z\u00e9 Paiva<\/figcaption><\/figure>\n<p>No s\u00e1bado a aurora foi linda mas depois o dia ficou nublado. Mesmo assim fomos ao C\u00e2nion Fortaleza. Fizemos a trilha da borda e emendamos com a trilha do mirante. A visibilidade estava boa e conseguimos ver o c\u00e2nion em toda a sua majestade. Depois de algum tempo no mirante come\u00e7ou a vira\u00e7\u00e3o, um fen\u00f4meno em que a neblina sobe do fundo do c\u00e2nion e fecha completamente a vis\u00e3o. A tarde tivemos tempo para um descanso, uma aula de composi\u00e7\u00e3o e a noite jantamos no \u00f3timo Sendero Bistr\u00f4.<\/p>\n<figure id=\"attachment_3820\" aria-describedby=\"caption-attachment-3820\" style=\"width: 736px\" class=\"wp-caption alignleft\"><img loading=\"lazy\" decoding=\"async\" class=\"size-large wp-image-3820\" src=\"https:\/\/zepaiva.com\/wp-content\/uploads\/2018\/04\/vista18d01274-pano.jpg?w=736\" alt=\"\" width=\"736\" height=\"205\" \/><figcaption id=\"caption-attachment-3820\" class=\"wp-caption-text\">Parque Nacional da Serra Geral, Cambar\u00e1 do Sul, Rio Grande do Sul &#8211; foto de Z\u00e9 Paiva<\/figcaption><\/figure>\n<p><span style=\"color:#444444;font-size:16px;background-color:initial;\">Domingo foi dia de mais trilha. Desta vez uma surpresa: Jos\u00e9 Ant\u00f4nio, um dos propriet\u00e1rios do hotel, nos levou \u00e0 Cachoeira do Altar e a Floresta de Xaxins. Que bela surpresa! fechamos com chave de ouro nossa expedi\u00e7\u00e3o!<\/span><\/p>\n<figure id=\"attachment_3821\" aria-describedby=\"caption-attachment-3821\" style=\"width: 684px\" class=\"wp-caption alignnone\"><img loading=\"lazy\" decoding=\"async\" class=\"size-large wp-image-3821\" src=\"https:\/\/zepaiva.com\/wp-content\/uploads\/2018\/04\/vista18d01332.jpg?w=684\" alt=\"\" width=\"684\" height=\"1024\" \/><figcaption id=\"caption-attachment-3821\" class=\"wp-caption-text\">Cachoeira do Altar, Cambar\u00e1 do Sul, Rio Grande do Sul &#8211; foto de Z\u00e9 Paiva<\/figcaption><\/figure>","protected":false},"excerpt":{"rendered":"<p>A quarta Expedi\u00e7\u00e3o Fotogr\u00e1fica C\u00e2nions do Sul come\u00e7ou assim, contrariando as previs\u00f5es de chuva, com um belo p\u00f4r do sol. Dona Matilde, a simp\u00e1tica propriet\u00e1ria do hotel, at\u00e9 lembrou um prov\u00e9rbio italiano:\u00a0&#8220;Rosso\u00a0di\u00a0sera, bel tempo si spera.&#8221; &#8220;Entardecer vermelho, se espera um tempo bonito.&#8221; A noite como sempre jantamos no \u00f3timo Restaurante do Lago, anexo ao &hellip; <a href=\"https:\/\/zepaiva.com\/en\/veja-como-foi-a-expedicao-ao-canions-na-pascoa-2018\/\" class=\"more-link\">Continue reading <span class=\"screen-reader-text\">Veja como foi a Expedi\u00e7\u00e3o aos C\u00e2nions na P\u00e1scoa 2018<\/span> <span class=\"meta-nav\">&rarr;<\/span><\/a><\/p>","protected":false},"author":1,"featured_media":0,"comment_status":"open","ping_status":"open","sticky":false,"template":"","format":"standard","meta":{"_jetpack_memberships_contains_paid_content":false,"footnotes":""},"categories":[4],"tags":[66,94,102,147,196,203,221,259,333,339,356,366,408,445,457,468],"class_list":["post-3812","post","type-post","status-publish","format-standard","hentry","category-expedicoes","tag-aventura","tag-cambara-do-sul","tag-canion","tag-ecoturismo","tag-fortaleza","tag-fotografia","tag-gaucha","tag-itaimbezinho","tag-natureza","tag-oficina","tag-parque","tag-parques","tag-rio-grande-do-sul","tag-turismo","tag-viagem","tag-workshop"],"jetpack_featured_media_url":"","jetpack_sharing_enabled":true,"_links":{"self":[{"href":"https:\/\/zepaiva.com\/en\/wp-json\/wp\/v2\/posts\/3812","targetHints":{"allow":["GET"]}}],"collection":[{"href":"https:\/\/zepaiva.com\/en\/wp-json\/wp\/v2\/posts"}],"about":[{"href":"https:\/\/zepaiva.com\/en\/wp-json\/wp\/v2\/types\/post"}],"author":[{"embeddable":true,"href":"https:\/\/zepaiva.com\/en\/wp-json\/wp\/v2\/users\/1"}],"replies":[{"embeddable":true,"href":"https:\/\/zepaiva.com\/en\/wp-json\/wp\/v2\/comments?post=3812"}],"version-history":[{"count":0,"href":"https:\/\/zepaiva.com\/en\/wp-json\/wp\/v2\/posts\/3812\/revisions"}],"wp:attachment":[{"href":"https:\/\/zepaiva.com\/en\/wp-json\/wp\/v2\/media?parent=3812"}],"wp:term":[{"taxonomy":"category","embeddable":true,"href":"https:\/\/zepaiva.com\/en\/wp-json\/wp\/v2\/categories?post=3812"},{"taxonomy":"post_tag","embeddable":true,"href":"https:\/\/zepaiva.com\/en\/wp-json\/wp\/v2\/tags?post=3812"}],"curies":[{"name":"wp","href":"https:\/\/api.w.org\/{rel}","templated":true}]}}