{"id":382,"date":"2007-03-19T15:08:14","date_gmt":"2007-03-19T18:08:14","guid":{"rendered":"http:\/\/zepaiva.wordpress.com\/?p=382"},"modified":"2025-02-26T13:18:46","modified_gmt":"2025-02-26T13:18:46","slug":"expedicao-natureza-sc-no-gasometro-de-porto-alegre","status":"publish","type":"post","link":"https:\/\/zepaiva.com\/en\/expedicao-natureza-sc-no-gasometro-de-porto-alegre\/","title":{"rendered":"Expedi\u00e7\u00e3o Natureza SC no Gas\u00f4metro de Porto Alegre"},"content":{"rendered":"<p class=\"has-text-align-right\">Por: J. Brand<\/p>\n\n\n\n<div class=\"wp-block-jetpack-tiled-gallery aligncenter is-style-square\"><div class=\"\"><div class=\"tiled-gallery__gallery\"><div class=\"tiled-gallery__row columns-2\"><div class=\"tiled-gallery__col\"><figure class=\"tiled-gallery__item\"><a href=\"https:\/\/zepaiva.com\/wp-content\/uploads\/2021\/03\/vista07d00841.jpg\"><img decoding=\"async\" srcset=\"https:\/\/i0.wp.com\/zepaiva.com\/wp-content\/uploads\/2021\/03\/vista07d00841.jpg?resize=600%2C600&#038;strip=info&#038;ssl=1 600w,https:\/\/i0.wp.com\/zepaiva.com\/wp-content\/uploads\/2021\/03\/vista07d00841.jpg?resize=803%2C803&#038;strip=info&#038;ssl=1 803w\" alt=\"\" data-height=\"803\" data-id=\"10628\" data-link=\"https:\/\/zepaiva.com\/exposicao-expedicao-natureza-na-galeria-dos-arcos-usina-do-gasometro-em-porto-alegre-rio-grande-do-sul-brasil\/\" data-url=\"https:\/\/zepaiva.com\/wp-content\/uploads\/2021\/03\/vista07d00841.jpg\" data-width=\"1200\" src=\"https:\/\/i0.wp.com\/zepaiva.com\/wp-content\/uploads\/2021\/03\/vista07d00841.jpg?ssl=1&amp;resize=803%2C803\" data-amp-layout=\"responsive\" tabindex=\"0\" role=\"button\" aria-label=\"Abrir imagem 1 de 5 em tela cheia\"\/><\/a><\/figure><\/div><div class=\"tiled-gallery__col\"><figure class=\"tiled-gallery__item\"><a href=\"https:\/\/zepaiva.com\/wp-content\/uploads\/2021\/03\/vista07d00842.jpg\"><img decoding=\"async\" srcset=\"https:\/\/i0.wp.com\/zepaiva.com\/wp-content\/uploads\/2021\/03\/vista07d00842.jpg?resize=600%2C600&#038;strip=info&#038;ssl=1 600w,https:\/\/i0.wp.com\/zepaiva.com\/wp-content\/uploads\/2021\/03\/vista07d00842.jpg?resize=803%2C803&#038;strip=info&#038;ssl=1 803w\" alt=\"\" data-height=\"803\" data-id=\"10629\" data-link=\"https:\/\/zepaiva.com\/exposicao-expedicao-natureza-na-galeria-dos-arcos-usina-do-gasometro-em-porto-alegre-rio-grande-do-sul-brasil-2\/\" data-url=\"https:\/\/zepaiva.com\/wp-content\/uploads\/2021\/03\/vista07d00842.jpg\" data-width=\"1200\" src=\"https:\/\/i0.wp.com\/zepaiva.com\/wp-content\/uploads\/2021\/03\/vista07d00842.jpg?ssl=1&amp;resize=803%2C803\" data-amp-layout=\"responsive\" tabindex=\"0\" role=\"button\" aria-label=\"Abrir imagem 2 de 5 em tela cheia\"\/><\/a><\/figure><\/div><\/div><div class=\"tiled-gallery__row columns-3\"><div class=\"tiled-gallery__col\"><figure class=\"tiled-gallery__item\"><a href=\"https:\/\/zepaiva.com\/wp-content\/uploads\/2021\/03\/vista07d00850.jpg\"><img decoding=\"async\" srcset=\"https:\/\/i0.wp.com\/zepaiva.com\/wp-content\/uploads\/2021\/03\/vista07d00850.jpg?resize=600%2C600&#038;strip=info&#038;ssl=1 600w,https:\/\/i0.wp.com\/zepaiva.com\/wp-content\/uploads\/2021\/03\/vista07d00850.jpg?resize=803%2C803&#038;strip=info&#038;ssl=1 803w\" alt=\"\" data-height=\"803\" data-id=\"10630\" data-link=\"https:\/\/zepaiva.com\/exposicao-expedicao-natureza-na-galeria-dos-arcos-usina-do-gasometro-em-porto-alegre-rio-grande-do-sul-brasil-3\/\" data-url=\"https:\/\/zepaiva.com\/wp-content\/uploads\/2021\/03\/vista07d00850.jpg\" data-width=\"1200\" src=\"https:\/\/i0.wp.com\/zepaiva.com\/wp-content\/uploads\/2021\/03\/vista07d00850.jpg?ssl=1&amp;resize=803%2C803\" data-amp-layout=\"responsive\" tabindex=\"0\" role=\"button\" aria-label=\"Abrir imagem 3 de 5 em tela cheia\"\/><\/a><\/figure><\/div><div class=\"tiled-gallery__col\"><figure class=\"tiled-gallery__item\"><a href=\"https:\/\/zepaiva.com\/wp-content\/uploads\/2021\/03\/vista07d00858.jpg\"><img decoding=\"async\" srcset=\"https:\/\/i0.wp.com\/zepaiva.com\/wp-content\/uploads\/2021\/03\/vista07d00858.jpg?resize=600%2C600&#038;strip=info&#038;ssl=1 600w,https:\/\/i0.wp.com\/zepaiva.com\/wp-content\/uploads\/2021\/03\/vista07d00858.jpg?resize=803%2C803&#038;strip=info&#038;ssl=1 803w\" alt=\"\" data-height=\"803\" data-id=\"10631\" data-link=\"https:\/\/zepaiva.com\/exposicao-expedicao-natureza-na-galeria-dos-arcos-usina-do-gasometro-em-porto-alegre-rio-grande-do-sul-brasil-4\/\" data-url=\"https:\/\/zepaiva.com\/wp-content\/uploads\/2021\/03\/vista07d00858.jpg\" data-width=\"1200\" src=\"https:\/\/i0.wp.com\/zepaiva.com\/wp-content\/uploads\/2021\/03\/vista07d00858.jpg?ssl=1&amp;resize=803%2C803\" data-amp-layout=\"responsive\" tabindex=\"0\" role=\"button\" aria-label=\"Abrir imagem 4 de 5 em tela cheia\"\/><\/a><\/figure><\/div><div class=\"tiled-gallery__col\"><figure class=\"tiled-gallery__item\"><a href=\"https:\/\/zepaiva.com\/wp-content\/uploads\/2021\/03\/vista07d00862.jpg\"><img decoding=\"async\" srcset=\"https:\/\/i0.wp.com\/zepaiva.com\/wp-content\/uploads\/2021\/03\/vista07d00862.jpg?resize=600%2C600&#038;strip=info&#038;ssl=1 600w,https:\/\/i0.wp.com\/zepaiva.com\/wp-content\/uploads\/2021\/03\/vista07d00862.jpg?resize=803%2C803&#038;strip=info&#038;ssl=1 803w\" alt=\"\" data-height=\"803\" data-id=\"10632\" data-link=\"https:\/\/zepaiva.com\/exposicao-expedicao-natureza-na-galeria-dos-arcos-usina-do-gasometro-em-porto-alegre-rio-grande-do-sul-brasil-5\/\" data-url=\"https:\/\/zepaiva.com\/wp-content\/uploads\/2021\/03\/vista07d00862.jpg\" data-width=\"1200\" src=\"https:\/\/i0.wp.com\/zepaiva.com\/wp-content\/uploads\/2021\/03\/vista07d00862.jpg?ssl=1&amp;resize=803%2C803\" data-amp-layout=\"responsive\" tabindex=\"0\" role=\"button\" aria-label=\"Abrir imagem 5 de 5 em tela cheia\"\/><\/a><\/figure><\/div><\/div><\/div><\/div><\/div>\n\n\n\n<p class=\"has-text-align-left\">Aspectos da flora, fauna, paisagens e popua\u00e7\u00f5es tradicionais de Santa Catarina comp\u00f5em a exposi\u00e7\u00e3o Expedi\u00e7\u00e3o Natureza, do fot\u00f3grafo Z\u00e9 Paiva, que a Galeria dos Arcos promove, a partir de 22 de mar\u00e7o. A entrada \u00e9 franca.<\/p>\n\n\n\n<p>Com curadoria de Rosely Nakagawa, a mostra apresenta 10 pain\u00e9is de 100cm x 150cm e outros 10 de 100cm x 75cm, com imagens realizadas pelo fot\u00f3grafo que fazem parte de seu livro \u201cExpedi\u00e7\u00e3o Natureza &#8211; Santa Catarina\u201d , lan\u00e7ado pela editora Letras Contempor\u00e2neas em junho de 2005. A mostra foi exibida pela primeira vez na Galeria Nobre do Centro Cultural da Caixa Econ\u00f4mica em S\u00e3o Paulo, em 2006.<\/p>\n\n\n\n<p>Impressas digitalmente no sistema Durst Lambda, pelo bureau Fus\u00e3o, as imagens da mostra viajam pelas unidades de conserva\u00e7\u00e3o nacionais, estaduais e municipais catarinenses, al\u00e9m de \u00e1reas naturais n\u00e3o-protegidas. \u00c9 a primeira vez que essas \u00e1reas s\u00e3o documentadas com tamanha amplitude.<\/p>\n\n\n\n<p>As expedi\u00e7\u00f5es que d\u00e3o origem ao livro (cujos cap\u00edtulos levam os nomes dos roteiros realizados pelo fot\u00f3grafo) e \u00e0 exposi\u00e7\u00e3o ocorreram de setembro a novembro de 2004. Z\u00e9 Paiva percorreu o estado catarinense a bordo de um ve\u00edculo 4&#215;4, na companhia do assistente Eduardo Green.<\/p>\n\n\n<div class=\"wp-block-image is-style-default\">\n<figure class=\"aligncenter\"><a href=\"http:\/\/zepaiva.com\/wp-content\/uploads\/2010\/04\/expo_nat_sc_livro_11.jpg\"><img decoding=\"async\" src=\"http:\/\/zepaiva.com\/wp-content\/uploads\/2010\/04\/expo_nat_sc_livro_11.jpg\" alt=\"\" class=\"wp-image-385\" title=\"expo_nat_sc_livro_1\"\/><\/a><\/figure><\/div>\n\n\n<p><strong>O livro<\/strong><\/p>\n\n\n\n<p>O livro Expedi\u00e7\u00e3o Natureza &#8211; Santa Catarina ser\u00e1 relan\u00e7ado na abertura da exposi\u00e7\u00e3o, que acontecer\u00e1 dia 22 de mar\u00e7o, \u00e0s 19h. Numa edi\u00e7\u00e3o primorosa, o livro traz quase 300 fotografias. Textos da consultora ambiental Adriana Dias apresentam o aspecto cient\u00edfico do trabalho e trazem, junto com as imagens, uma vis\u00e3o de pesquisa naturalista \u00e0 obra. O escritor e editor F\u00e1bio Br\u00fcggemann assina o pref\u00e1cio e o designer Oscar Rivas \u00e9 autor do projeto gr\u00e1fico.<\/p>\n\n\n\n<p>A publica\u00e7\u00e3o tem alguns diferenciais em rela\u00e7\u00e3o aos in\u00fameros livros de fotografia de natureza que existem no Brasil. Primeiro: \u00e9 um livro que inclue o homem, retratos de gente que mora no meio do mato mesmo. Segundo: \u00e9 um livro de fotos que tem informa\u00e7\u00e3o tamb\u00e9m, voc\u00ea pode saber onde s\u00e3o as fotos, o que acontece em cada lugar. \u00c9 a volta do casamento arte&amp;ci\u00eancia, outrora bem sucedido, mas hoje em dia meio esquecido. Terceiro: o design do livro, feito de forma a entrela\u00e7ar as imagens contando pequenas hist\u00f3rias sobre cada lugar. A publica\u00e7\u00e3o tem 144 p\u00e1ginas e est\u00e1 \u00e0 venda nas livrarias por R$ 96. No dia do lan\u00e7amento estar\u00e1 a venda pelo pre\u00e7o de lan\u00e7amento R$ 70.<\/p>\n\n\n\n<p>Z\u00e9 Paiva est\u00e1 se preparando para iniciar o segundo livro da s\u00e9rie Expedi\u00e7\u00e3o Natureza, que ser\u00e1 sobre o Rio Grande do Sul. o projeto j\u00e1 est\u00e1 aprovado na lei federal de incentivo a cultura e est\u00e1 a procura de patrocinadores.<\/p>\n\n\n\n<p><strong>Servi\u00e7o:<\/strong><br><strong>O qu\u00ea: \u201cExpedi\u00e7\u00e3o Natureza\u201d , fotografias de Z\u00e9 Paiva <\/strong><br><strong>Quando:<\/strong><br>Abertura da exposi\u00e7\u00e3o: dia 22 de mar\u00e7o \u00e0s 19 h<br>Visita\u00e7\u00e3o: 23 de mar\u00e7o at\u00e9 10 de abril \u2013 de ter\u00e7a a domingo das 9 as 21 h<br><strong>Onde:<\/strong><br>Galeria dos Arcos<br>Usina do Gas\u00f4metro<br>Av. Pres. Jo\u00e3o Goulart, 551<br>Porto Alegre RS<br><strong>Quanto:<\/strong> Entrada franca<\/p>\n\n\n\n<p>O livro estr\u00e1 sendo vendido ao pre\u00e7o de lan\u00e7amento R$ 70,00<br>Informa\u00e7\u00f5es: fone: (51) 3212 5979 r.219<\/p>\n\n\n\n<p><strong>Realiza\u00e7\u00e3o:<\/strong> Secretaria Municipal de Cultura de Porto Alegre<\/p>","protected":false},"excerpt":{"rendered":"<p>Por: J. Brand Aspectos da flora, fauna, paisagens e popua\u00e7\u00f5es tradicionais de Santa Catarina comp\u00f5em a exposi\u00e7\u00e3o Expedi\u00e7\u00e3o Natureza, do fot\u00f3grafo Z\u00e9 Paiva, que a Galeria dos Arcos promove, a partir de 22 de mar\u00e7o. A entrada \u00e9 franca. Com curadoria de Rosely Nakagawa, a mostra apresenta 10 pain\u00e9is de 100cm x 150cm e outros &hellip; <a href=\"https:\/\/zepaiva.com\/en\/expedicao-natureza-sc-no-gasometro-de-porto-alegre\/\" class=\"more-link\">Continue reading <span class=\"screen-reader-text\">Expedi\u00e7\u00e3o Natureza SC no Gas\u00f4metro de Porto Alegre<\/span> <span class=\"meta-nav\">&rarr;<\/span><\/a><\/p>","protected":false},"author":1,"featured_media":16786,"comment_status":"open","ping_status":"open","sticky":false,"template":"","format":"standard","meta":{"_jetpack_memberships_contains_paid_content":false,"footnotes":""},"categories":[5,6],"tags":[167,168,203,284,291,333,384,413],"class_list":["post-382","post","type-post","status-publish","format-standard","has-post-thumbnail","hentry","category-exposicoes","category-lancamentos","tag-expedicoes","tag-exposicao","tag-fotografia","tag-lancamento","tag-livro","tag-natureza","tag-porto-alegre","tag-santa-catarina"],"jetpack_featured_media_url":"https:\/\/zepaiva.com\/wp-content\/uploads\/2007\/03\/vista07d00841.webp","jetpack_sharing_enabled":true,"_links":{"self":[{"href":"https:\/\/zepaiva.com\/en\/wp-json\/wp\/v2\/posts\/382","targetHints":{"allow":["GET"]}}],"collection":[{"href":"https:\/\/zepaiva.com\/en\/wp-json\/wp\/v2\/posts"}],"about":[{"href":"https:\/\/zepaiva.com\/en\/wp-json\/wp\/v2\/types\/post"}],"author":[{"embeddable":true,"href":"https:\/\/zepaiva.com\/en\/wp-json\/wp\/v2\/users\/1"}],"replies":[{"embeddable":true,"href":"https:\/\/zepaiva.com\/en\/wp-json\/wp\/v2\/comments?post=382"}],"version-history":[{"count":2,"href":"https:\/\/zepaiva.com\/en\/wp-json\/wp\/v2\/posts\/382\/revisions"}],"predecessor-version":[{"id":16787,"href":"https:\/\/zepaiva.com\/en\/wp-json\/wp\/v2\/posts\/382\/revisions\/16787"}],"wp:featuredmedia":[{"embeddable":true,"href":"https:\/\/zepaiva.com\/en\/wp-json\/wp\/v2\/media\/16786"}],"wp:attachment":[{"href":"https:\/\/zepaiva.com\/en\/wp-json\/wp\/v2\/media?parent=382"}],"wp:term":[{"taxonomy":"category","embeddable":true,"href":"https:\/\/zepaiva.com\/en\/wp-json\/wp\/v2\/categories?post=382"},{"taxonomy":"post_tag","embeddable":true,"href":"https:\/\/zepaiva.com\/en\/wp-json\/wp\/v2\/tags?post=382"}],"curies":[{"name":"wp","href":"https:\/\/api.w.org\/{rel}","templated":true}]}}