{"id":3834,"date":"2018-04-23T17:13:22","date_gmt":"2018-04-23T20:13:22","guid":{"rendered":"http:\/\/zepaiva.com\/?p=3834"},"modified":"2025-02-20T17:20:51","modified_gmt":"2025-02-20T17:20:51","slug":"oficina-de-fotografia-contemplativa","status":"publish","type":"post","link":"https:\/\/zepaiva.com\/en\/oficina-de-fotografia-contemplativa\/","title":{"rendered":"Oficina de fotografia contemplativa"},"content":{"rendered":"<p><img fetchpriority=\"high\" decoding=\"async\" class=\"size-large wp-image-3835\" src=\"https:\/\/zepaiva.com\/wp-content\/uploads\/2018\/04\/vista07d21488.jpg?w=736\" alt=\"\" width=\"736\" height=\"493\" \/><\/p>\n<h3>O que a medita\u00e7\u00e3o tem a ver com a fotografia?<\/h3>\n<p align=\"justify\">In this workshop, experienced photographer Z\u00e9 Paiva will show that photography and meditation have a lot in common. By alternating meditation dynamics and photography sessions, the group will discover how to produce images that go beyond the usual conditioning of our gaze.<\/p>\n<figure id=\"attachment_3836\" aria-describedby=\"caption-attachment-3836\" style=\"width: 736px\" class=\"wp-caption alignnone\"><img decoding=\"async\" class=\"size-large wp-image-3836\" src=\"https:\/\/zepaiva.com\/wp-content\/uploads\/2018\/04\/vista15d07942.jpg?w=736\" alt=\"\" width=\"736\" height=\"485\" \/><figcaption id=\"caption-attachment-3836\" class=\"wp-caption-text\">Jericoacoara, Cear\u00e1 &#8211; foto de Ze Paiva &#8211; Vista Imagens<\/figcaption><\/figure>\n<p>Inspirado nos ensinamentos do mestre tibetano Ch\u00f6gyam Trungpa Rinpoche e do Lama Padma Samten, Paiva prop\u00f5e uma abordagem da fotografia desvinculada dos padr\u00f5es e regras usuais, atrav\u00e9s de diferentes din\u00e2micas que ser\u00e3o desenvolvidas durante a oficina.<\/p>\n<figure id=\"attachment_3838\" aria-describedby=\"caption-attachment-3838\" style=\"width: 736px\" class=\"wp-caption alignnone\"><img decoding=\"async\" class=\"size-large wp-image-3838\" src=\"https:\/\/zepaiva.com\/wp-content\/uploads\/2018\/04\/vista10d12881.jpg?w=736\" alt=\"\" width=\"736\" height=\"489\" \/><figcaption id=\"caption-attachment-3838\" class=\"wp-caption-text\">Buritis na nascente do Rio Sap\u00e3o, Tocantins, foto de Ze Paiva, Vista Imagens.<\/figcaption><\/figure>\n<h4>Quem pode participar?<\/h4>\n<p align=\"justify\">N\u00e3o \u00e9 necess\u00e1ria nenhuma experi\u00eancia pr\u00e9via em medita\u00e7\u00e3o nem curso de fotografia. Pode ser usada qualquer c\u00e2mera. A ideia da oficina \u00e9 despertar a sensibilidade da fotografia com uma atitude contemplativa. As sa\u00eddas pr\u00e1ticas ser\u00e3o no vizinho Parque Farroupilha (Reden\u00e7\u00e3o).<\/p>\n<h4>O que levar?<\/h4>\n<p>Uma c\u00e2mera de qualquer modelo. (pode celular tamb\u00e9m)<br \/>\nUm trip\u00e9 se tiver.<br \/>\nUsar roupas confort\u00e1veis para meditar.<\/p>\n<h4>Quando ser\u00e1?<\/h4>\n<p>de 29 de junho a 01 de julho de 2018 &#8211; sexta, s\u00e1bado e domingo.<\/p>\n<h4>Onde ser\u00e1?<\/h4>\n<p>CEBB &#8211; Centro de Estudos Budistas Bodisatva<\/p>\n<p>Rua Garibaldi, 1368\u00a0\u2013\u00a0<a href=\"https:\/\/goo.gl\/maps\/qiuAdWtAFMC2\">Veja o mapa!<\/a><br \/>\n(pr\u00f3ximo \u00e0 esquina com a Av. Osvaldo Aranha)<br \/>\nBom Fim, Porto Alegre\/RS \u2013 Brasil<\/p>\n<h3>Programa\u00e7\u00e3o:<\/h3>\n<p><strong>29\/06 | sexta-feira | 19h<\/strong><br \/>\nRoda de Conversa: introdu\u00e7\u00e3o \u00e0 din\u00e2mica do curso<\/p>\n<p><strong>30\/06 e 01\/07 | s\u00e1bado e domingo<\/strong><br \/>\n24\/02 | s\u00e1bado<br \/>\nDas 8h \u00e0s 18h | Orienta\u00e7\u00e3o, medita\u00e7\u00e3o e pr\u00e1tica fotogr\u00e1fica (com intervalo para almo\u00e7o*)<\/p>\n<p><strong>01\/07 | domingo<\/strong><br \/>\nDas 9h \u00e0s 12h | Compartilhando resultados<\/p>\n<p>TOTAL 13 horas<\/p>\n<p>* O almo\u00e7o n\u00e3o est\u00e1 inclu\u00eddo no valor do curso. O grupo costuma se reunir e almo\u00e7ar em algum restaurante da regi\u00e3o do Bom Fim.<\/p>\n<h3>Inscri\u00e7\u00f5es<\/h3>\n<p>Vagas limitadas a 20 inscritos.<\/p>\n<p>Contribui\u00e7\u00e3o sugerida: R$190,00*<\/p>\n<p>As contribui\u00e7\u00f5es s\u00e3o a \u00fanica e tradicional forma de sustenta\u00e7\u00e3o dos centros budistas \u2014 oferecer sustento \u00e9 uma pr\u00e1tica direta de compaix\u00e3o e generosidade. Ao contribuir, voc\u00ea apoia a sustenta\u00e7\u00e3o do CEBB Porto Alegre e do instrutor do curso.<\/p>\n<p>*O valor inclui um livro do autor da s\u00e9rie Expedi\u00e7\u00e3o, \u201cA Natureza do Tocantins.\u201d<\/p>\n<p><strong><a href=\"https:\/\/docs.google.com\/forms\/d\/e\/1FAIpQLSdox8el694I4Wcaq6ml_qPMnFdg-3xTxXU2UJ0TBp44CC5PPQ\/viewform\" target=\"_blank\" rel=\"noopener\">Fa\u00e7a sua inscri\u00e7\u00e3o online aqui.<\/a><\/strong><\/p>","protected":false},"excerpt":{"rendered":"<p>O que a medita\u00e7\u00e3o tem a ver com a fotografia? Nesta oficina, o experiente fot\u00f3grafo, Z\u00e9 Paiva, vai mostrar que fotografia e medita\u00e7\u00e3o tem muito a ver. Alternando din\u00e2micas de medita\u00e7\u00e3o e sess\u00f5es de fotografia, o grupo vai descobrir como produzir imagens que v\u00e3o al\u00e9m dos condicionamentos usuais do nosso olhar. Inspirado nos ensinamentos do &hellip; <a href=\"https:\/\/zepaiva.com\/en\/oficina-de-fotografia-contemplativa\/\" class=\"more-link\">Continue reading <span class=\"screen-reader-text\">Oficina de fotografia contemplativa<\/span> <span class=\"meta-nav\">&rarr;<\/span><\/a><\/p>","protected":false},"author":1,"featured_media":0,"comment_status":"open","ping_status":"open","sticky":false,"template":"","format":"standard","meta":{"_jetpack_memberships_contains_paid_content":false,"footnotes":""},"categories":[14],"tags":[59,86,125,133,163,198,203,314,339,356,384,408,468],"class_list":["post-3834","post","type-post","status-publish","format-standard","hentry","category-workshops","tag-aula","tag-budismo","tag-contemplativa","tag-curso","tag-evento","tag-foto","tag-fotografia","tag-meditacao","tag-oficina","tag-parque","tag-porto-alegre","tag-rio-grande-do-sul","tag-workshop"],"jetpack_featured_media_url":"","jetpack_sharing_enabled":true,"_links":{"self":[{"href":"https:\/\/zepaiva.com\/en\/wp-json\/wp\/v2\/posts\/3834","targetHints":{"allow":["GET"]}}],"collection":[{"href":"https:\/\/zepaiva.com\/en\/wp-json\/wp\/v2\/posts"}],"about":[{"href":"https:\/\/zepaiva.com\/en\/wp-json\/wp\/v2\/types\/post"}],"author":[{"embeddable":true,"href":"https:\/\/zepaiva.com\/en\/wp-json\/wp\/v2\/users\/1"}],"replies":[{"embeddable":true,"href":"https:\/\/zepaiva.com\/en\/wp-json\/wp\/v2\/comments?post=3834"}],"version-history":[{"count":2,"href":"https:\/\/zepaiva.com\/en\/wp-json\/wp\/v2\/posts\/3834\/revisions"}],"predecessor-version":[{"id":16382,"href":"https:\/\/zepaiva.com\/en\/wp-json\/wp\/v2\/posts\/3834\/revisions\/16382"}],"wp:attachment":[{"href":"https:\/\/zepaiva.com\/en\/wp-json\/wp\/v2\/media?parent=3834"}],"wp:term":[{"taxonomy":"category","embeddable":true,"href":"https:\/\/zepaiva.com\/en\/wp-json\/wp\/v2\/categories?post=3834"},{"taxonomy":"post_tag","embeddable":true,"href":"https:\/\/zepaiva.com\/en\/wp-json\/wp\/v2\/tags?post=3834"}],"curies":[{"name":"wp","href":"https:\/\/api.w.org\/{rel}","templated":true}]}}