{"id":3870,"date":"2018-06-14T20:03:20","date_gmt":"2018-06-14T23:03:20","guid":{"rendered":"http:\/\/zepaiva.com\/?p=3870"},"modified":"2018-06-14T20:03:20","modified_gmt":"2018-06-14T23:03:20","slug":"retiro-fotografico-imersao-na-reserva-passarim","status":"publish","type":"post","link":"https:\/\/zepaiva.com\/en\/retiro-fotografico-imersao-na-reserva-passarim\/","title":{"rendered":"Retiro Fotogr\u00e1fico na Reserva Passarim"},"content":{"rendered":"<p><img fetchpriority=\"high\" decoding=\"async\" class=\"alignnone size-full wp-image-4286\" src=\"https:\/\/zepaiva.com\/wp-content\/uploads\/2018\/06\/retiro-fotografico-251.jpg\" alt=\"RETIRO FOTOGRAFICO-25\" width=\"973\" height=\"953\" \/><\/p>\n<p>Se voc\u00ea gosta de fotografia, natureza e tranquilidade este \u00e9 o programa ideal. Ser\u00e3o 3 dias em meio a 400 hectares de mata atl\u00e2ntica preservada, na Reserva Passarim, em Paulo Lopes, Santa Catarina. O experiente e premiado fot\u00f3grafo Z\u00e9 Paiva vai compartilhar toda sua experi\u00eancia de mais de trinta anos de fotografia profissional com um grupo de apenas 12 pessoas. Tudo isso com muito conforto e as deliciosas comidinhas naturais e org\u00e2nicas da chef Vit\u00f3ria Diehl. Veja abaixo mais detalhes.<\/p>\n\n<h3>O que est\u00e1 inclu\u00eddo:<\/h3>\n<ul>\n<li>Orienta\u00e7\u00e3o fotogr\u00e1fica de Z\u00e9 Paiva.<\/li>\n<li>Hospedagem no Ref\u00fagio Lua Azul &#8211; casa constru\u00edda de forma ecol\u00f3gica e sustent\u00e1vel\u00a0com 2 quartos amplos de 6 lugares cada (1 beliche, 2 camas de solteiro e 2 lugares no mezanino). O Ref\u00fagio oferece colch\u00f5es, travesseiros, cobertores e toalha de rosto.<\/li>\n<li>Refei\u00e7\u00f5es vegetarianas org\u00e2nicas da chef Vit\u00f3ria Diehl.<\/li>\n<li>Livro Expedi\u00e7\u00e3o Natureza Tocantins autografado para os 6 primeiros inscritos.<\/li>\n<li>Muita natureza, sombra e \u00e1gua fresca!<\/li>\n<\/ul>\n\n<h3>O que n\u00e3o est\u00e1 inclu\u00eddo:<\/h3>\n<ul>\n<li>Passagens a\u00e9reas, transfers de chegada e partida de\/para aeroporto, equipamento fotogr\u00e1fico, gorjetas, telefonemas, seguros e demais servi\u00e7os n\u00e3o mencionados.<\/li>\n<li>A hospedagem n\u00e3o oferece: roupas de cama (len\u00e7ol e fronha), toalhas de banho, conex\u00e3o de celular e internet (Acredite: Voc\u00ea n\u00e3o vai sentir falta!).<\/li>\n<\/ul>\n<h2><\/h2>\n<h3>Equipe:<\/h3>\n<p><a href=\"https:\/\/zepaiva.com\/wp-content\/uploads\/2018\/06\/equipe-31.jpg\"><img decoding=\"async\" class=\"wp-image-3913 alignleft\" src=\"https:\/\/zepaiva.com\/wp-content\/uploads\/2018\/06\/equipe-31.jpg?w=214\" alt=\"\" width=\"212\" height=\"297\" \/><\/a><\/p>\n<p><strong>Fot\u00f3grafo Z\u00e9 Paiva<\/strong><\/p>\n<p>Trocou a engenharia pela fotografia em 1984 e desde ent\u00e3o viaja pelos quatro cantos do mundo criando imagens. \u00c9 p\u00f3s graduado em fotografia pela UNIVALI. J\u00e1 ensinou fotografia na ESPM, UDESC e FURB. Autor dos livros Expedi\u00e7\u00e3o Natureza Catarina, Natureza Ga\u00facha e Natureza Tocantins. Suas fotos foram selecionadas para a cole\u00e7\u00e3o Pirelli MASP em 2009. Em 2012 recebeu o Pr\u00eamio Marc Ferrez da FUNARTE.<\/p>\n<p>&nbsp;<\/p>\n<p>&nbsp;<\/p>\n<p><a href=\"https:\/\/zepaiva.com\/wp-content\/uploads\/2018\/06\/equipe-30.jpg\"><img decoding=\"async\" class=\"wp-image-3912 alignleft\" src=\"https:\/\/zepaiva.com\/wp-content\/uploads\/2018\/06\/equipe-30.jpg?w=214\" alt=\"\" width=\"211\" height=\"296\" \/><\/a><\/p>\n<p><strong>Chef Vit\u00f3ria Diehl<\/strong><\/p>\n<p>\u201cCom fortes influ\u00eancias ecol\u00f3gicas e de respeito ao planeta e \u00e0 nossa sa\u00fade, sempre priorizo por uma gastronomia com efetiva qualidade, criatividade e que desperte o verdadeiro sabor dos alimentos e beleza dos pratos.\u201d<\/p>\n<h2><\/h2>\n<h2><\/h2>\n<p>&nbsp;<\/p>\n<figure id=\"attachment_3873\" aria-describedby=\"caption-attachment-3873\" style=\"width: 736px\" class=\"wp-caption alignnone\"><img loading=\"lazy\" decoding=\"async\" class=\"size-large wp-image-3873\" src=\"https:\/\/zepaiva.com\/wp-content\/uploads\/2018\/06\/rppn-e-pest.jpg?w=736\" alt=\"\" width=\"736\" height=\"262\" \/><figcaption id=\"caption-attachment-3873\" class=\"wp-caption-text\">Vista do mirante<\/figcaption><\/figure>\n<h3><\/h3>\n<h3>Inscri\u00e7\u00f5es:<\/h3>\n<p><strong>Valor total por pessoa:<\/strong> R$ 1.873,00<br \/>\n<strong>Forma de pagamento:<\/strong> 15% na reserva; 50% at\u00e9 11\/outubro; 35% at\u00e9 08\/novembro<br \/>\n&gt; Pagamentos somente por dep\u00f3sito banc\u00e1rio.<\/p>\n<p><strong>Prazo para inscri\u00e7\u00f5es:<\/strong> 08\/novembro<br \/>\nInscri\u00e7\u00f5es mediante preenchimento da ficha de inscri\u00e7\u00e3o e dep\u00f3sito dos 15% iniciais.<\/p>\n<p><strong>VAGAS LIMITADAS!<\/strong> Grupo m\u00e1ximo de 12 e m\u00ednimo de 6 pessoas.<\/p>\n<p><a href=\"http:\/\/braziltrails.com\/pt-br\/registration\/\" target=\"_blank\" rel=\"noopener\"><img loading=\"lazy\" decoding=\"async\" class=\"alignnone wp-image-3898 size-full\" src=\"https:\/\/zepaiva.com\/wp-content\/uploads\/2018\/06\/clique-aqui-26.jpg\" alt=\"\" width=\"772\" height=\"82\" \/><\/a><\/p>\n<h3>Pol\u00edtica de cancelamentos:<\/h3>\n<p>Reservamo-nos o direito de cancelar o tour no caso de condi\u00e7\u00f5es clim\u00e1ticas que possam interferir na seguran\u00e7a dos viajantes.<\/p>\n<p>A desist\u00eancia volunt\u00e1ria por parte do cliente antes da viagem dever\u00e1 ser formalizada por escrito e enviado \u00e0 renata@braziltrails.com.<\/p>\n<ul>\n<li>Nesta situa\u00e7\u00e3o, independente do prazo ou da anteced\u00eancia, o valor referente \u00e0 inscri\u00e7\u00e3o de 15% do valor total (R$ 281,00) n\u00e3o ser\u00e1 devolvido (valor para bloqueio de hot\u00e9is e demais reservas).<br \/>\nOs valores restantes pagos:<br \/>\n&gt; Efetuaremos a devolu\u00e7\u00e3o para cancelamentos solicitados a at\u00e9 60 dias do in\u00edcio da viagem: 85% do valor total;<br \/>\n&gt; Entre 59 e 40 dias do in\u00edcio da viagem: 50% do valor total;<br \/>\n&gt; A menos de 39 dias do in\u00edcio da viagem: Sem devolu\u00e7\u00e3o.<\/li>\n<li>O n\u00e3o comparecimento na data, hora e local de apresenta\u00e7\u00e3o determinados para o in\u00edcio do evento ser\u00e1 considerado no-show, implicando na perda total do valor pago.<\/li>\n<li>O passageiro que, por livre e espont\u00e2nea vontade, se desligar do grupo durante a viagem ou trocar a hospedagem contratada, assumir\u00e1 toda e qualquer despesa decorrente dessa atitude, sem o direito a reembolso.<\/li>\n<\/ul>\n<h3><\/h3>\n<h3>Contato:<\/h3>\n<p><strong>Renata Asprino<\/strong><br \/>\n<strong>E-mail:<\/strong> <a href=\"mailto:renata@braziltrails.com\">renata@braziltrails.com<\/a><br \/>\n<strong>Phone:<\/strong> 48 3232 5747<br \/>\n<strong>WhatsApp:<\/strong> 48 99127 4558<\/p>\n<p>&nbsp;<\/p>\n<h3>Realiza\u00e7\u00e3o:<br \/>\n<a href=\"http:\/\/braziltrails.com\/\"><img loading=\"lazy\" decoding=\"async\" class=\"alignnone wp-image-3908 size-thumbnail\" src=\"https:\/\/zepaiva.com\/wp-content\/uploads\/2018\/06\/logos-28.jpg?w=150\" alt=\"\" width=\"150\" height=\"58\" \/><\/a>\u00a0 \u00a0 \u00a0 \u00a0\u00a0<a href=\"https:\/\/www.vistaimagens.com.br\/\"><img loading=\"lazy\" decoding=\"async\" class=\"alignnone wp-image-3909 size-thumbnail\" src=\"https:\/\/zepaiva.com\/wp-content\/uploads\/2018\/06\/logos-29.jpg?w=150\" alt=\"\" width=\"150\" height=\"100\" \/><\/a><\/h3>\n<p>&nbsp;<\/p>\n<p>&nbsp;<\/p>","protected":false},"excerpt":{"rendered":"<p>Se voc\u00ea gosta de fotografia, natureza e tranquilidade este \u00e9 o programa ideal. Ser\u00e3o 3 dias em meio a 400 hectares de mata atl\u00e2ntica preservada, na Reserva Passarim, em Paulo Lopes, Santa Catarina. O experiente e premiado fot\u00f3grafo Z\u00e9 Paiva vai compartilhar toda sua experi\u00eancia de mais de trinta anos de fotografia profissional com um &hellip; <a href=\"https:\/\/zepaiva.com\/en\/retiro-fotografico-imersao-na-reserva-passarim\/\" class=\"more-link\">Continue reading <span class=\"screen-reader-text\">Retiro Fotogr\u00e1fico na Reserva Passarim<\/span> <span class=\"meta-nav\">&rarr;<\/span><\/a><\/p>","protected":false},"author":1,"featured_media":4286,"comment_status":"open","ping_status":"open","sticky":false,"template":"","format":"standard","meta":{"_jetpack_memberships_contains_paid_content":false,"footnotes":""},"categories":[4,14],"tags":[59,133,147,163,198,203,333,339,367,370,394,413,445,457],"class_list":["post-3870","post","type-post","status-publish","format-standard","has-post-thumbnail","hentry","category-expedicoes","category-workshops","tag-aula","tag-curso","tag-ecoturismo","tag-evento","tag-foto","tag-fotografia","tag-natureza","tag-oficina","tag-passarim","tag-paulo-lopes","tag-reserva","tag-santa-catarina","tag-turismo","tag-viagem"],"jetpack_featured_media_url":"https:\/\/zepaiva.com\/wp-content\/uploads\/2018\/10\/retiro-fotografico-251.jpg","jetpack_sharing_enabled":true,"_links":{"self":[{"href":"https:\/\/zepaiva.com\/en\/wp-json\/wp\/v2\/posts\/3870","targetHints":{"allow":["GET"]}}],"collection":[{"href":"https:\/\/zepaiva.com\/en\/wp-json\/wp\/v2\/posts"}],"about":[{"href":"https:\/\/zepaiva.com\/en\/wp-json\/wp\/v2\/types\/post"}],"author":[{"embeddable":true,"href":"https:\/\/zepaiva.com\/en\/wp-json\/wp\/v2\/users\/1"}],"replies":[{"embeddable":true,"href":"https:\/\/zepaiva.com\/en\/wp-json\/wp\/v2\/comments?post=3870"}],"version-history":[{"count":0,"href":"https:\/\/zepaiva.com\/en\/wp-json\/wp\/v2\/posts\/3870\/revisions"}],"wp:featuredmedia":[{"embeddable":true,"href":"https:\/\/zepaiva.com\/en\/wp-json\/wp\/v2\/media\/4286"}],"wp:attachment":[{"href":"https:\/\/zepaiva.com\/en\/wp-json\/wp\/v2\/media?parent=3870"}],"wp:term":[{"taxonomy":"category","embeddable":true,"href":"https:\/\/zepaiva.com\/en\/wp-json\/wp\/v2\/categories?post=3870"},{"taxonomy":"post_tag","embeddable":true,"href":"https:\/\/zepaiva.com\/en\/wp-json\/wp\/v2\/tags?post=3870"}],"curies":[{"name":"wp","href":"https:\/\/api.w.org\/{rel}","templated":true}]}}