{"id":3937,"date":"2018-07-05T17:51:24","date_gmt":"2018-07-05T20:51:24","guid":{"rendered":"http:\/\/zepaiva.com\/?p=3937"},"modified":"2025-02-20T17:17:37","modified_gmt":"2025-02-20T17:17:37","slug":"como-foi-a-expedicao-jalapao","status":"publish","type":"post","link":"https:\/\/zepaiva.com\/en\/como-foi-a-expedicao-jalapao\/","title":{"rendered":"Veja como foi a Expedi\u00e7\u00e3o Jalap\u00e3o"},"content":{"rendered":"<figure id=\"attachment_3953\" aria-describedby=\"caption-attachment-3953\" style=\"width: 736px\" class=\"wp-caption alignnone\"><img fetchpriority=\"high\" decoding=\"async\" class=\"size-large wp-image-3953\" src=\"https:\/\/zepaiva.com\/wp-content\/uploads\/2018\/07\/vista18d03653.jpg?w=736\" alt=\"\" width=\"736\" height=\"491\" \/><figcaption id=\"caption-attachment-3953\" class=\"wp-caption-text\">Serra da Catedral, S\u00e3o F\u00e9lix, Jalap\u00e3o, Tocantins.<\/figcaption><\/figure>\n<p>Dia 23 de junho partimos de Palmas, Tocantins rumo ao Jalap\u00e3o. Esta foi minha quarta viagem \u00e0 regi\u00e3o mas foi a primeira vez que levei um grupo para este que \u00e9 um dos lugares de natureza mais pulsante que eu conhe\u00e7o. Considerado um dos cerrados mais preservados do Brasil, o Jalap\u00e3o\u00a0tem 34 mil quil\u00f4metros quadrados (maior que o estado de Alagoas) na regi\u00e3o leste do Tocantins e engloba cinco \u00e1reas de conserva\u00e7\u00e3o, entre elas um parque estadual. \u00c9ramos dez expedicion\u00e1rios: sete viajantes, eu e dois guias, divididos em duas caminhonetes 4&#215;4 (sim, no Jalap\u00e3o o transporte s\u00f3 \u00e9 poss\u00edvel em carros tracionados).<\/p>\n<figure id=\"attachment_3939\" aria-describedby=\"caption-attachment-3939\" style=\"width: 736px\" class=\"wp-caption alignnone\"><img decoding=\"async\" class=\"size-large wp-image-3939\" src=\"https:\/\/zepaiva.com\/wp-content\/uploads\/2018\/07\/vista18d03147.jpg?w=736\" alt=\"\" width=\"736\" height=\"491\" \/><figcaption id=\"caption-attachment-3939\" class=\"wp-caption-text\">\u00c1rvore ca\u00edda na Cachoeira Roncadeira em Taquaru\u00e7\u00fa, Tocantins.<\/figcaption><\/figure>\n<figure id=\"attachment_3940\" aria-describedby=\"caption-attachment-3940\" style=\"width: 736px\" class=\"wp-caption alignnone\"><img decoding=\"async\" class=\"size-large wp-image-3940\" src=\"https:\/\/zepaiva.com\/wp-content\/uploads\/2018\/07\/vista18d03232.jpg?w=736\" alt=\"\" width=\"736\" height=\"489\" \/><figcaption id=\"caption-attachment-3940\" class=\"wp-caption-text\">Macaco-prego com filhote na trilha da Cachoeira da Roncadeira.<\/figcaption><\/figure>\n<p>Logo na sa\u00edda paramos em Taquaru\u00e7\u00fa, nas Cachoeiras Escorrega Macaco e Roncadeira, que est\u00e3o dentro da APA (\u00c1rea de Prote\u00e7\u00e3o Ambiental) da Serra do Lageado. Depois seguimos at\u00e9 Ponte Alta, munic\u00edpio que \u00e9 considerado a porta de entrada do Jalap\u00e3o. Ap\u00f3s o almo\u00e7o fomos visitar o C\u00e2nion Su\u00e7uapara, uma pequena mas charmosa fenda na plan\u00edcie. Para fechar o dia a Pedra Furada, um enorme morro de arenito alaranjado com v\u00e1rios furos causados por milhares de anos de\u00a0eros\u00e3o, banhado pelo \u00faltimos raios de sol do dia.<\/p>\n<figure id=\"attachment_3941\" aria-describedby=\"caption-attachment-3941\" style=\"width: 736px\" class=\"wp-caption alignnone\"><img loading=\"lazy\" decoding=\"async\" class=\"size-large wp-image-3941\" src=\"https:\/\/zepaiva.com\/wp-content\/uploads\/2018\/07\/vista18d03315.jpg?w=736\" alt=\"\" width=\"736\" height=\"491\" \/><figcaption id=\"caption-attachment-3941\" class=\"wp-caption-text\">Final de tarde na Pedra Furada, Jalap\u00e3o, Tocantins.<\/figcaption><\/figure>\n<figure id=\"attachment_3946\" aria-describedby=\"caption-attachment-3946\" style=\"width: 684px\" class=\"wp-caption alignnone\"><img loading=\"lazy\" decoding=\"async\" class=\"size-large wp-image-3946\" src=\"https:\/\/zepaiva.com\/wp-content\/uploads\/2018\/07\/vista18d03275.jpg?w=684\" alt=\"\" width=\"684\" height=\"1024\" \/><figcaption id=\"caption-attachment-3946\" class=\"wp-caption-text\">Pedra Furada, Jalap\u00e3o, Tocantins.<\/figcaption><\/figure>\n<p>No segundo dia partimos em dire\u00e7\u00e3o a Cachoeira da Velha, formada pelas \u00e1guas cristalinas do Rio Novo. Dali descemos um pouco at\u00e9 a Prainha onde, depois de um delicioso banho e muitas fotos, fizemos um piquenique. A tarde nos esperavam as dunas alaranjadas do Parque Estadual do Jalap\u00e3o. Formadas pela eros\u00e3o dos arenitos multicoloridos da Serra do Esp\u00edrito Santo, as dunas adquirem tons incr\u00edveis ao sol poente.<\/p>\n<figure id=\"attachment_3942\" aria-describedby=\"caption-attachment-3942\" style=\"width: 684px\" class=\"wp-caption alignnone\"><img loading=\"lazy\" decoding=\"async\" class=\"size-large wp-image-3942\" src=\"https:\/\/zepaiva.com\/wp-content\/uploads\/2018\/07\/vista18d03423.jpg?w=684\" alt=\"\" width=\"684\" height=\"1024\" \/><figcaption id=\"caption-attachment-3942\" class=\"wp-caption-text\">Dunas ao entardecer,\u00a0Jalap\u00e3o, Tocantins.<\/figcaption><\/figure>\n<figure id=\"attachment_3943\" aria-describedby=\"caption-attachment-3943\" style=\"width: 736px\" class=\"wp-caption alignnone\"><img loading=\"lazy\" decoding=\"async\" class=\"size-large wp-image-3943\" src=\"https:\/\/zepaiva.com\/wp-content\/uploads\/2018\/07\/vista18d03460.jpg?w=736\" alt=\"\" width=\"736\" height=\"491\" \/><figcaption id=\"caption-attachment-3943\" class=\"wp-caption-text\">Vista do alto da Serra do Esp\u00edrito Santo.<\/figcaption><\/figure>\n<p>No terceiro dia madrugamos para encarar a trilha que sobe a Serra do Esp\u00edrito Santo, pois nossa meta era admirar o sol nascendo desde o seu cume. Depois de muitas fotos caminhamos mais tr\u00eas quil\u00f4metros por um cerrado rupestre no topo do serra at\u00e9 chegarmos ao segundo mirante, onde pode-se ver a eros\u00e3o natural que forma as dunas. A tarde visitamos a cachoeira do Formiga com suas \u00e1guas cor de esmeralda.<\/p>\n<figure id=\"attachment_3949\" aria-describedby=\"caption-attachment-3949\" style=\"width: 736px\" class=\"wp-caption alignnone\"><img loading=\"lazy\" decoding=\"async\" class=\"size-large wp-image-3949\" src=\"https:\/\/zepaiva.com\/wp-content\/uploads\/2018\/07\/vista18d03517.jpg?w=736\" alt=\"\" width=\"736\" height=\"491\" \/><figcaption id=\"caption-attachment-3949\" class=\"wp-caption-text\">Fotografias na Cachoeira do Formiga, Jalap\u00e3o, Tocantins.<\/figcaption><\/figure>\n<p>No quarto e \u00faltimo dia come\u00e7amos pelo povoado de Mumbuca, formado por descendentes de quilombolas, pioneiros no artesanato com o capim dourado, hoje famoso em todo Brasil. Depois de muitos retratos partimos para o fervedouro Bela Vista, em S\u00e3o F\u00e9lix. A \u00e1gua cristalina brotando do ch\u00e3o proporcionou um banho relaxante aos viajantes e mais fotos. Depois do almo\u00e7o pegamos a estrada de volta a Palmas com direito a uma parada para fotografar a bela Serra da Catedral.<\/p>\n<figure id=\"attachment_3944\" aria-describedby=\"caption-attachment-3944\" style=\"width: 684px\" class=\"wp-caption alignnone\"><img loading=\"lazy\" decoding=\"async\" class=\"size-large wp-image-3944\" src=\"https:\/\/zepaiva.com\/wp-content\/uploads\/2018\/07\/vista18d03628.jpg?w=684\" alt=\"\" width=\"684\" height=\"1024\" \/><figcaption id=\"caption-attachment-3944\" class=\"wp-caption-text\">Povoado de Mumbuca,\u00a0Jalap\u00e3o, Tocantins.<\/figcaption><\/figure>\n<figure id=\"attachment_3951\" aria-describedby=\"caption-attachment-3951\" style=\"width: 736px\" class=\"wp-caption alignnone\"><img loading=\"lazy\" decoding=\"async\" class=\"size-large wp-image-3951\" src=\"https:\/\/zepaiva.com\/wp-content\/uploads\/2018\/07\/vista18d03646.jpg?w=736\" alt=\"\" width=\"736\" height=\"491\" \/><figcaption id=\"caption-attachment-3951\" class=\"wp-caption-text\">Fervedouro Bela Vista, Jalap\u00e3o, Tocantins.<\/figcaption><\/figure>\n<p>Foram apenas quatro dias mas pareceram muito mais tamanha a intensidade da experi\u00eancia. Um grupo super bacana e lugares incr\u00edveis somados a experi\u00eancia e compet\u00eancia dos guias garantiu o sucesso da expedi\u00e7\u00e3o. Ano que vem tem mais!<\/p>\n<figure id=\"attachment_3945\" aria-describedby=\"caption-attachment-3945\" style=\"width: 736px\" class=\"wp-caption alignnone\"><img loading=\"lazy\" decoding=\"async\" class=\"size-large wp-image-3945\" src=\"https:\/\/zepaiva.com\/wp-content\/uploads\/2018\/07\/vista18d03661.jpg?w=736\" alt=\"\" width=\"736\" height=\"489\" \/><figcaption id=\"caption-attachment-3945\" class=\"wp-caption-text\">Siriema no cerrado do Jalap\u00e3o, Tocantins.<\/figcaption><\/figure>","protected":false},"excerpt":{"rendered":"<p>Dia 23 de junho partimos de Palmas, Tocantins rumo ao Jalap\u00e3o. Esta foi minha quarta viagem \u00e0 regi\u00e3o mas foi a primeira vez que levei um grupo para este que \u00e9 um dos lugares de natureza mais pulsante que eu conhe\u00e7o. Considerado um dos cerrados mais preservados do Brasil, o Jalap\u00e3o\u00a0tem 34 mil quil\u00f4metros quadrados &hellip; <a href=\"https:\/\/zepaiva.com\/en\/como-foi-a-expedicao-jalapao\/\" class=\"more-link\">Continue reading <span class=\"screen-reader-text\">Veja como foi a Expedi\u00e7\u00e3o Jalap\u00e3o<\/span> <span class=\"meta-nav\">&rarr;<\/span><\/a><\/p>","protected":false},"author":1,"featured_media":0,"comment_status":"open","ping_status":"open","sticky":false,"template":"","format":"standard","meta":{"_jetpack_memberships_contains_paid_content":false,"footnotes":""},"categories":[4],"tags":[66,147,263,333,356,441,457],"class_list":["post-3937","post","type-post","status-publish","format-standard","hentry","category-expedicoes","tag-aventura","tag-ecoturismo","tag-jalapao","tag-natureza","tag-parque","tag-tocantins","tag-viagem"],"jetpack_featured_media_url":"","jetpack_sharing_enabled":true,"_links":{"self":[{"href":"https:\/\/zepaiva.com\/en\/wp-json\/wp\/v2\/posts\/3937","targetHints":{"allow":["GET"]}}],"collection":[{"href":"https:\/\/zepaiva.com\/en\/wp-json\/wp\/v2\/posts"}],"about":[{"href":"https:\/\/zepaiva.com\/en\/wp-json\/wp\/v2\/types\/post"}],"author":[{"embeddable":true,"href":"https:\/\/zepaiva.com\/en\/wp-json\/wp\/v2\/users\/1"}],"replies":[{"embeddable":true,"href":"https:\/\/zepaiva.com\/en\/wp-json\/wp\/v2\/comments?post=3937"}],"version-history":[{"count":1,"href":"https:\/\/zepaiva.com\/en\/wp-json\/wp\/v2\/posts\/3937\/revisions"}],"predecessor-version":[{"id":16368,"href":"https:\/\/zepaiva.com\/en\/wp-json\/wp\/v2\/posts\/3937\/revisions\/16368"}],"wp:attachment":[{"href":"https:\/\/zepaiva.com\/en\/wp-json\/wp\/v2\/media?parent=3937"}],"wp:term":[{"taxonomy":"category","embeddable":true,"href":"https:\/\/zepaiva.com\/en\/wp-json\/wp\/v2\/categories?post=3937"},{"taxonomy":"post_tag","embeddable":true,"href":"https:\/\/zepaiva.com\/en\/wp-json\/wp\/v2\/tags?post=3937"}],"curies":[{"name":"wp","href":"https:\/\/api.w.org\/{rel}","templated":true}]}}