{"id":3961,"date":"2018-07-09T10:41:25","date_gmt":"2018-07-09T13:41:25","guid":{"rendered":"http:\/\/zepaiva.com\/?p=3961"},"modified":"2018-07-09T10:41:25","modified_gmt":"2018-07-09T13:41:25","slug":"fotografia-contemplativa-veja-como-foi-a-oficina","status":"publish","type":"post","link":"https:\/\/zepaiva.com\/en\/fotografia-contemplativa-veja-como-foi-a-oficina\/","title":{"rendered":"Fotografia Contemplativa &#8211; veja como foi a oficina"},"content":{"rendered":"<p>No final de semana de 29\/junho a 1\u00ba\/julho Z\u00e9 Paiva ministrou a oficina de fotografia contemplativa no <a href=\"http:\/\/www.cebb.org.br\/\" target=\"_blank\" rel=\"noopener\">CEBB (Centro de Estudo Budistas Bodisatva)<\/a> de Porto Alegre RS. Foi a segunda oficina desse tipo facilitada por ele. A primeira foi ano passado na Oikos em Crici\u00fama SC. A oficina prop\u00f4s aos participantes um novo olhar atrav\u00e9s de pr\u00e1ticas meditativas e refer\u00eancias dos mestres <a href=\"https:\/\/shambhala-brasil.org\/sobre-shambhala\/mestres\/vidyadhara-chogyam-trungpa-rinpoche\/\" target=\"_blank\" rel=\"noopener\">Chogyam Trungpa Rimpoche<\/a>, <a href=\"http:\/\/www.brushmind.net\/\" target=\"_blank\" rel=\"noopener\">Sensei Kazuaki Tanahashi<\/a> e <a href=\"http:\/\/www.cebb.org.br\/lama-padma-samten\/\" target=\"_blank\" rel=\"noopener\">Lama Padma Samten<\/a>. A sa\u00eddas a campo foram no bel\u00edssimo Parque Farroupilha, tamb\u00e9m conhecido como Parque da Reden\u00e7\u00e3o, vizinho ao CEBB. Vejam abaixo as fotos dos participantes.<\/p>","protected":false},"excerpt":{"rendered":"<p>No final de semana de 29\/junho a 1\u00ba\/julho Z\u00e9 Paiva ministrou a oficina de fotografia contemplativa no CEBB (Centro de Estudo Budistas Bodisatva) de Porto Alegre RS. Foi a segunda oficina desse tipo facilitada por ele. A primeira foi ano passado na Oikos em Crici\u00fama SC. A oficina prop\u00f4s aos participantes um novo olhar atrav\u00e9s &hellip; <a href=\"https:\/\/zepaiva.com\/en\/fotografia-contemplativa-veja-como-foi-a-oficina\/\" class=\"more-link\">Continue reading <span class=\"screen-reader-text\">Fotografia Contemplativa &#8211; veja como foi a oficina<\/span> <span class=\"meta-nav\">&rarr;<\/span><\/a><\/p>","protected":false},"author":1,"featured_media":0,"comment_status":"open","ping_status":"open","sticky":false,"template":"","format":"standard","meta":{"_jetpack_memberships_contains_paid_content":false,"footnotes":""},"categories":[14],"tags":[59,86,125,133,172,198,203,333,339,356,384,393,408,468],"class_list":["post-3961","post","type-post","status-publish","format-standard","hentry","category-workshops","tag-aula","tag-budismo","tag-contemplativa","tag-curso","tag-farroupilha","tag-foto","tag-fotografia","tag-natureza","tag-oficina","tag-parque","tag-porto-alegre","tag-redencao","tag-rio-grande-do-sul","tag-workshop"],"jetpack_featured_media_url":"","jetpack_sharing_enabled":true,"_links":{"self":[{"href":"https:\/\/zepaiva.com\/en\/wp-json\/wp\/v2\/posts\/3961","targetHints":{"allow":["GET"]}}],"collection":[{"href":"https:\/\/zepaiva.com\/en\/wp-json\/wp\/v2\/posts"}],"about":[{"href":"https:\/\/zepaiva.com\/en\/wp-json\/wp\/v2\/types\/post"}],"author":[{"embeddable":true,"href":"https:\/\/zepaiva.com\/en\/wp-json\/wp\/v2\/users\/1"}],"replies":[{"embeddable":true,"href":"https:\/\/zepaiva.com\/en\/wp-json\/wp\/v2\/comments?post=3961"}],"version-history":[{"count":0,"href":"https:\/\/zepaiva.com\/en\/wp-json\/wp\/v2\/posts\/3961\/revisions"}],"wp:attachment":[{"href":"https:\/\/zepaiva.com\/en\/wp-json\/wp\/v2\/media?parent=3961"}],"wp:term":[{"taxonomy":"category","embeddable":true,"href":"https:\/\/zepaiva.com\/en\/wp-json\/wp\/v2\/categories?post=3961"},{"taxonomy":"post_tag","embeddable":true,"href":"https:\/\/zepaiva.com\/en\/wp-json\/wp\/v2\/tags?post=3961"}],"curies":[{"name":"wp","href":"https:\/\/api.w.org\/{rel}","templated":true}]}}