{"id":4178,"date":"2022-01-06T15:41:45","date_gmt":"2022-01-06T18:41:45","guid":{"rendered":"http:\/\/zepaiva.com\/?p=4178"},"modified":"2022-01-06T15:41:45","modified_gmt":"2022-01-06T18:41:45","slug":"expedicao-fotografica-canions-do-sul-2022","status":"publish","type":"post","link":"https:\/\/zepaiva.com\/en\/expedicao-fotografica-canions-do-sul-2022\/","title":{"rendered":"Expedi\u00e7\u00e3o Fotogr\u00e1fica C\u00e2nions do Sul 2022"},"content":{"rendered":"<figure class=\"wp-block-image is-style-default\"><img decoding=\"async\" src=\"https:\/\/zepaiva.com\/wp-content\/uploads\/2018\/10\/canions-2022_fb-insta.jpg\" alt=\"canions 2022_FB Insta\" class=\"wp-image-11074\" \/><\/figure>\n\n\n\n<h4 class=\"wp-block-heading\" id=\"uma-aventura-fotografica-em-meio-a-canions-monumentais\">Uma aventura fotogr\u00e1fica em meio a c\u00e2nions monumentais!<\/h4>\n\n\n\n<p>Contemplar um monumento de pedra de mais de oitocentos metros de altura \u00e9 uma experi\u00eancia indescrit\u00edvel. S\u00f3 vivendo mesmo para entender. Na quinta expedi\u00e7\u00e3o fotogr\u00e1fica C\u00e2nions do Sul vamos fotografar os monumentais c\u00e2nions Itaimbezinho e Fortaleza, al\u00e9m de v\u00e1rias cachoeiras, uma mais linda que a outra. Tudo isso emoldurado pelas elegantes arauc\u00e1rias e temperado com a rica culin\u00e1ria regional. Pra completar ficaremos no premiado Cambar\u00e1 Eco Hotel, que conta com um delicioso caf\u00e9 da manh\u00e3 com produtos org\u00e2nicos e coloniais.<\/p>\n\n\n\n<p>A expedi\u00e7\u00e3o fotogr\u00e1fica conta com a orienta\u00e7\u00e3o fotogr\u00e1fica do experiente e premiado fot\u00f3grafo Z\u00e9 Paiva que vai dar dicas sobre fotografias de paisagem, fauna, flora, macro e light painting, tudo na pr\u00e1tica.<\/p>\n\n\n\n<h5 class=\"wp-block-heading\" id=\"itinerario-da-viagem-14-a-17-maio\"><img fetchpriority=\"high\" decoding=\"async\" class=\"alignnone size-large wp-image-4183\" src=\"https:\/\/zepaiva.com\/wp-content\/uploads\/2018\/10\/canionsdosul-icones.jpg?w=736\" alt=\"\" width=\"736\" height=\"208\"><strong>ITINER\u00c1RIO DA VIAGEM &#8211; 14 a 17\/MAIO<\/strong><\/h5>\n\n\n\n<p><strong>S\u00e1bado &#8211; 14 de maio<\/strong><\/p>\n\n\n\n<p><strong><br><\/strong>16h &#8211; Encontro no Cambar\u00e1 Eco Hotel. Check-in. Roda de conversa.<\/p>\n\n\n\n<p>17h37 &#8211; P\u00f4r do sol<\/p>\n\n\n\n<p>19h &#8211; Aula inaugural.<\/p>\n\n\n\n<p>20h30 &#8211; Jantar livre. (nossa sugest\u00e3o s\u00e3o as deliciosas trutas do chef Marcos no Restaurante do Lago, anexo ao hotel)<\/p>\n\n\n\n<div class=\"wp-block-jetpack-tiled-gallery is-style-square\"><div class=\"tiled-gallery__gallery\"><div class=\"tiled-gallery__row columns-3\"><div class=\"tiled-gallery__col\"><figure class=\"tiled-gallery__item\"><img decoding=\"async\" srcset=\"https:\/\/zepaiva.com\/wp-content\/uploads\/2022\/01\/vista17d02873.jpg?resize=600,600&#038;strip=info 600w,https:\/\/zepaiva.com\/wp-content\/uploads\/2022\/01\/vista17d02873.jpg?resize=721,721&#038;strip=info 721w\" alt=\"\" data-height=\"721\" data-id=\"11090\" data-link=\"https:\/\/zepaiva.com\/2022\/01\/06\/expedicao-fotografica-canions-do-sul-2022\/cambara-do-sul-rs-foto-de-ze-paiva-vista-imagens-24\/\" data-url=\"https:\/\/zepaiva.com\/wp-content\/uploads\/2022\/01\/vista17d02873.jpg?w=1080\" data-width=\"1080\" src=\"https:\/\/zepaiva.com\/wp-content\/uploads\/2022\/01\/vista17d02873.jpg?resize=721%2C721\" data-amp-layout=\"responsive\" \/><\/figure><\/div><div class=\"tiled-gallery__col\"><figure class=\"tiled-gallery__item\"><img decoding=\"async\" srcset=\"https:\/\/zepaiva.com\/wp-content\/uploads\/2022\/01\/vista07d13268.jpg?resize=600,600&#038;strip=info 600w,https:\/\/zepaiva.com\/wp-content\/uploads\/2022\/01\/vista07d13268.jpg?resize=723,723&#038;strip=info 723w\" alt=\"\" data-height=\"723\" data-id=\"11079\" data-link=\"https:\/\/zepaiva.com\/2022\/01\/06\/expedicao-fotografica-canions-do-sul-2022\/fim-de-tarde-no-canion-itaimbezinho-parque-nacional-de-aparados-da-serra-cambara-do-sul-rio-grande-do-sul-brasil-4\/\" data-url=\"https:\/\/zepaiva.com\/wp-content\/uploads\/2022\/01\/vista07d13268.jpg?w=1080\" data-width=\"1080\" src=\"https:\/\/zepaiva.com\/wp-content\/uploads\/2022\/01\/vista07d13268.jpg?resize=723%2C723\" data-amp-layout=\"responsive\" \/><\/figure><\/div><div class=\"tiled-gallery__col\"><figure class=\"tiled-gallery__item\"><img decoding=\"async\" srcset=\"https:\/\/zepaiva.com\/wp-content\/uploads\/2022\/01\/vista14d00583.jpg?resize=600,600&#038;strip=info 600w,https:\/\/zepaiva.com\/wp-content\/uploads\/2022\/01\/vista14d00583.jpg?resize=721,721&#038;strip=info 721w\" alt=\"\" data-height=\"1080\" data-id=\"11084\" data-link=\"https:\/\/zepaiva.com\/2022\/01\/06\/expedicao-fotografica-canions-do-sul-2022\/canion-itaimbezinho\/\" data-url=\"https:\/\/zepaiva.com\/wp-content\/uploads\/2022\/01\/vista14d00583.jpg?w=721\" data-width=\"721\" src=\"https:\/\/zepaiva.com\/wp-content\/uploads\/2022\/01\/vista14d00583.jpg?resize=721%2C721\" data-amp-layout=\"responsive\" \/><\/figure><\/div><\/div><div class=\"tiled-gallery__row columns-3\"><div class=\"tiled-gallery__col\"><figure class=\"tiled-gallery__item\"><img decoding=\"async\" srcset=\"https:\/\/zepaiva.com\/wp-content\/uploads\/2022\/01\/vista14d00691.jpg?resize=600,600&#038;strip=info 600w,https:\/\/zepaiva.com\/wp-content\/uploads\/2022\/01\/vista14d00691.jpg?resize=721,721&#038;strip=info 721w\" alt=\"\" data-height=\"721\" data-id=\"11085\" data-link=\"https:\/\/zepaiva.com\/2022\/01\/06\/expedicao-fotografica-canions-do-sul-2022\/cachoeira-do-tio-franca-3\/\" data-url=\"https:\/\/zepaiva.com\/wp-content\/uploads\/2022\/01\/vista14d00691.jpg?w=1080\" data-width=\"1080\" src=\"https:\/\/zepaiva.com\/wp-content\/uploads\/2022\/01\/vista14d00691.jpg?resize=721%2C721\" data-amp-layout=\"responsive\" \/><\/figure><\/div><div class=\"tiled-gallery__col\"><figure class=\"tiled-gallery__item\"><img decoding=\"async\" srcset=\"https:\/\/zepaiva.com\/wp-content\/uploads\/2022\/01\/vista17d02833.jpg?resize=600,600&#038;strip=info 600w,https:\/\/zepaiva.com\/wp-content\/uploads\/2022\/01\/vista17d02833.jpg?resize=721,721&#038;strip=info 721w\" alt=\"\" data-height=\"721\" data-id=\"11089\" data-link=\"https:\/\/zepaiva.com\/2022\/01\/06\/expedicao-fotografica-canions-do-sul-2022\/cambara-do-sul-rs-foto-de-ze-paiva-vista-imagens-23\/\" data-url=\"https:\/\/zepaiva.com\/wp-content\/uploads\/2022\/01\/vista17d02833.jpg?w=1080\" data-width=\"1080\" src=\"https:\/\/zepaiva.com\/wp-content\/uploads\/2022\/01\/vista17d02833.jpg?resize=721%2C721\" data-amp-layout=\"responsive\" \/><\/figure><\/div><div class=\"tiled-gallery__col\"><figure class=\"tiled-gallery__item\"><img decoding=\"async\" srcset=\"https:\/\/zepaiva.com\/wp-content\/uploads\/2022\/01\/vista17d05397.jpg?resize=600,600&#038;strip=info 600w,https:\/\/zepaiva.com\/wp-content\/uploads\/2022\/01\/vista17d05397.jpg?resize=721,721&#038;strip=info 721w\" alt=\"\" data-height=\"1080\" data-id=\"11091\" data-link=\"https:\/\/zepaiva.com\/2022\/01\/06\/expedicao-fotografica-canions-do-sul-2022\/vista17d05397\/\" data-url=\"https:\/\/zepaiva.com\/wp-content\/uploads\/2022\/01\/vista17d05397.jpg?w=721\" data-width=\"721\" src=\"https:\/\/zepaiva.com\/wp-content\/uploads\/2022\/01\/vista17d05397.jpg?resize=721%2C721\" data-amp-layout=\"responsive\" \/><\/figure><\/div><\/div><\/div><\/div>\n\n\n\n<p><strong>Domingo &#8211; 15 de maio<\/strong><\/p>\n\n\n\n<p><strong><br><\/strong>6h07 &#8211; Fotografia do p\u00f4r da lua cheia no mirante do hotel.<\/p>\n\n\n\n<p>6h56 &#8211; Aurora no mirante do hotel.<\/p>\n\n\n\n<p>7h30 &#8211; Caf\u00e9 da manh\u00e3<\/p>\n\n\n\n<p>8h30 &#8211; Sa\u00edda para o C\u00e2nion Itaimbezinho, o mais famoso da regi\u00e3o, com pared\u00f5es de at\u00e9 800 metros de altura, onde faremos a Trilha do V\u00e9rtice (1,5 km) e Trilha do Cotovelo (6 km ida e volta) com vistas das Cachoeiras das Andorinhas e V\u00e9u de Noiva. (ambas as trilhas planas e f\u00e1ceis). \u00c0 tarde Cachoeira do Tio Fran\u00e7a.<\/p>\n\n\n\n<p>Jantar na cidade.<\/p>\n\n\n\n<p>23h27 &#8211; In\u00edcio do eclipse total da super lua, tamb\u00e9m conhecida como &#8220;Lua de sangue&#8221;.<\/p>\n\n\n\n<p>Caf\u00e9 da manh\u00e3 e lanche de trilha inclu\u00eddos.<\/p>\n\n\n\n<div class=\"wp-block-jetpack-tiled-gallery is-style-square\"><div class=\"tiled-gallery__gallery\"><div class=\"tiled-gallery__row columns-2\"><div class=\"tiled-gallery__col\"><figure class=\"tiled-gallery__item\"><img decoding=\"async\" srcset=\"https:\/\/zepaiva.com\/wp-content\/uploads\/2022\/01\/vista07d13823.jpg?resize=600,600&#038;strip=info 600w,https:\/\/zepaiva.com\/wp-content\/uploads\/2022\/01\/vista07d13823.jpg?resize=723,723&#038;strip=info 723w\" alt=\"\" data-height=\"723\" data-id=\"11080\" data-link=\"https:\/\/zepaiva.com\/2022\/01\/06\/expedicao-fotografica-canions-do-sul-2022\/amanhecer-no-canion-fortaleza-parque-nacional-da-serra-geral-cambara-do-sul-rio-grande-do-sul-brasil\/\" data-url=\"https:\/\/zepaiva.com\/wp-content\/uploads\/2022\/01\/vista07d13823.jpg?w=1080\" data-width=\"1080\" src=\"https:\/\/zepaiva.com\/wp-content\/uploads\/2022\/01\/vista07d13823.jpg?resize=723%2C723\" data-amp-layout=\"responsive\" \/><\/figure><\/div><div class=\"tiled-gallery__col\"><figure class=\"tiled-gallery__item\"><img decoding=\"async\" srcset=\"https:\/\/zepaiva.com\/wp-content\/uploads\/2022\/01\/vista08d02528.jpg?resize=600,600&#038;strip=info 600w,https:\/\/zepaiva.com\/wp-content\/uploads\/2022\/01\/vista08d02528.jpg?resize=723,723&#038;strip=info 723w\" alt=\"\" data-height=\"723\" data-id=\"11082\" data-link=\"https:\/\/zepaiva.com\/2022\/01\/06\/expedicao-fotografica-canions-do-sul-2022\/vista08d02528\/\" data-url=\"https:\/\/zepaiva.com\/wp-content\/uploads\/2022\/01\/vista08d02528.jpg?w=1080\" data-width=\"1080\" src=\"https:\/\/zepaiva.com\/wp-content\/uploads\/2022\/01\/vista08d02528.jpg?resize=723%2C723\" data-amp-layout=\"responsive\" \/><\/figure><\/div><\/div><div class=\"tiled-gallery__row columns-3\"><div class=\"tiled-gallery__col\"><figure class=\"tiled-gallery__item\"><img decoding=\"async\" srcset=\"https:\/\/zepaiva.com\/wp-content\/uploads\/2022\/01\/luciano-queiroz.jpg?resize=600,600&#038;strip=info 600w,https:\/\/zepaiva.com\/wp-content\/uploads\/2022\/01\/luciano-queiroz.jpg?resize=719,719&#038;strip=info 719w\" alt=\"\" data-height=\"719\" data-id=\"11097\" data-link=\"https:\/\/zepaiva.com\/2022\/01\/06\/expedicao-fotografica-canions-do-sul-2022\/assunto-local-data-autor-luciano-queiroz-pulsar-imagens\/\" data-url=\"https:\/\/zepaiva.com\/wp-content\/uploads\/2022\/01\/luciano-queiroz.jpg?w=1079\" data-width=\"1079\" src=\"https:\/\/zepaiva.com\/wp-content\/uploads\/2022\/01\/luciano-queiroz.jpg?resize=719%2C719\" data-amp-layout=\"responsive\" \/><\/figure><\/div><div class=\"tiled-gallery__col\"><figure class=\"tiled-gallery__item\"><img decoding=\"async\" srcset=\"https:\/\/zepaiva.com\/wp-content\/uploads\/2022\/01\/vista14d00356.jpg?resize=600,600&#038;strip=info 600w,https:\/\/zepaiva.com\/wp-content\/uploads\/2022\/01\/vista14d00356.jpg?resize=721,721&#038;strip=info 721w\" alt=\"\" data-height=\"721\" data-id=\"11083\" data-link=\"https:\/\/zepaiva.com\/2022\/01\/06\/expedicao-fotografica-canions-do-sul-2022\/graxaim-do-campo-3\/\" data-url=\"https:\/\/zepaiva.com\/wp-content\/uploads\/2022\/01\/vista14d00356.jpg?w=1080\" data-width=\"1080\" src=\"https:\/\/zepaiva.com\/wp-content\/uploads\/2022\/01\/vista14d00356.jpg?resize=721%2C721\" data-amp-layout=\"responsive\" \/><\/figure><\/div><div class=\"tiled-gallery__col\"><figure class=\"tiled-gallery__item\"><img decoding=\"async\" srcset=\"https:\/\/zepaiva.com\/wp-content\/uploads\/2022\/01\/vista16d01203.jpg?resize=600,600&#038;strip=info 600w,https:\/\/zepaiva.com\/wp-content\/uploads\/2022\/01\/vista16d01203.jpg?resize=721,721&#038;strip=info 721w\" alt=\"\" data-height=\"721\" data-id=\"11086\" data-link=\"https:\/\/zepaiva.com\/2022\/01\/06\/expedicao-fotografica-canions-do-sul-2022\/vista16d01203-3\/\" data-url=\"https:\/\/zepaiva.com\/wp-content\/uploads\/2022\/01\/vista16d01203.jpg?w=1080\" data-width=\"1080\" src=\"https:\/\/zepaiva.com\/wp-content\/uploads\/2022\/01\/vista16d01203.jpg?resize=721%2C721\" data-amp-layout=\"responsive\" \/><\/figure><\/div><\/div><div class=\"tiled-gallery__row columns-3\"><div class=\"tiled-gallery__col\"><figure class=\"tiled-gallery__item\"><img decoding=\"async\" srcset=\"https:\/\/zepaiva.com\/wp-content\/uploads\/2022\/01\/alta-1.jpg?resize=600,600&#038;strip=info 600w,https:\/\/zepaiva.com\/wp-content\/uploads\/2022\/01\/alta-1.jpg?resize=607,607&#038;strip=info 607w\" alt=\"\" data-height=\"607\" data-id=\"11078\" data-link=\"https:\/\/zepaiva.com\/2022\/01\/06\/expedicao-fotografica-canions-do-sul-2022\/florianopolis-santa-catarina-foto-de-ze-paiva-vista-imagens-178\/\" data-url=\"https:\/\/zepaiva.com\/wp-content\/uploads\/2022\/01\/alta-1.jpg?w=1080\" data-width=\"1080\" src=\"https:\/\/zepaiva.com\/wp-content\/uploads\/2022\/01\/alta-1.jpg?resize=607%2C607\" data-amp-layout=\"responsive\" \/><\/figure><\/div><div class=\"tiled-gallery__col\"><figure class=\"tiled-gallery__item\"><img decoding=\"async\" srcset=\"https:\/\/zepaiva.com\/wp-content\/uploads\/2022\/01\/vista21d09167-1.jpg?resize=600,600&#038;strip=info 600w,https:\/\/zepaiva.com\/wp-content\/uploads\/2022\/01\/vista21d09167-1.jpg?resize=900,900&#038;strip=info 900w,https:\/\/zepaiva.com\/wp-content\/uploads\/2022\/01\/vista21d09167-1.jpg?resize=1200,1200&#038;strip=info 1200w\" data-height=\"1200\" data-id=\"11106\" data-link=\"https:\/\/zepaiva.com\/2022\/01\/06\/expedicao-fotografica-canions-do-sul-2022\/bage-rio-grande-do-sul-foto-de-ze-paiva-vista-imagens-2\/\" data-url=\"https:\/\/zepaiva.com\/wp-content\/uploads\/2022\/01\/vista21d09167-1.jpg\" data-width=\"1200\" src=\"https:\/\/zepaiva.com\/wp-content\/uploads\/2022\/01\/vista21d09167-1.jpg?resize=1200%2C1200\" data-amp-layout=\"responsive\" \/><\/figure><\/div><div class=\"tiled-gallery__col\"><figure class=\"tiled-gallery__item\"><img decoding=\"async\" srcset=\"https:\/\/zepaiva.com\/wp-content\/uploads\/2022\/01\/vista17d02728.jpg?resize=600,600&#038;strip=info 600w,https:\/\/zepaiva.com\/wp-content\/uploads\/2022\/01\/vista17d02728.jpg?resize=721,721&#038;strip=info 721w\" alt=\"\" data-height=\"721\" data-id=\"11088\" data-link=\"https:\/\/zepaiva.com\/2022\/01\/06\/expedicao-fotografica-canions-do-sul-2022\/florianopolis-santa-catarina-foto-de-ze-paiva-vista-imagens-179\/\" data-url=\"https:\/\/zepaiva.com\/wp-content\/uploads\/2022\/01\/vista17d02728.jpg?w=1080\" data-width=\"1080\" src=\"https:\/\/zepaiva.com\/wp-content\/uploads\/2022\/01\/vista17d02728.jpg?resize=721%2C721\" data-amp-layout=\"responsive\" \/><\/figure><\/div><\/div><\/div><\/div>\n\n\n\n<p><strong>Segunda-feira &#8211; 16 de maio<br><\/strong><\/p>\n\n\n\n<p>7h &#8211; Caf\u00e9 da manh\u00e3.<\/p>\n\n\n\n<p>8h &#8211;&nbsp;Sa\u00edda para o C\u00e2nion Fortaleza, onde faremos a trilha da borda e do mirante, a melhor vista do imponente c\u00e2nion, com 1117m de altitude (f\u00e1cil \u2013 3 km ida e volta). Depois faremos a trilha da Cachoeira do Tigre Preto e Pedra do Segredo &#8211; um bloco de rocha de 5 metros de altura, pesando 30 toneladas, equilibrada numa base de 50 cent\u00edmetros (trilha f\u00e1cil \u2013 3km ida e volta).<\/p>\n\n\n\n<p>17h36 &#8211; Depois do retorno ao hotel, fotografia do p\u00f4r do sol.<\/p>\n\n\n\n<p>18h04 &#8211; Nascer da lua cheia (super lua). Pr\u00e1tica de light painting.<\/p>\n\n\n\n<p>Jantar na cidade.<\/p>\n\n\n\n<p>Caf\u00e9 da manh\u00e3 e lanche de trilha inclu\u00eddos.<\/p>\n\n\n\n<p><strong>Ter\u00e7a-feira &#8211; 17 de maio<br><\/strong><\/p>\n\n\n\n<p>7h &#8211; Caf\u00e9 da manh\u00e3.<\/p>\n\n\n\n<p>8h &#8211; Sa\u00edda do hotel para Cachoeira dos Ven\u00e2ncios. Na volta check out 12h.<\/p>\n\n\n\n<p>Caf\u00e9 da manh\u00e3 inclu\u00eddo.<\/p>\n\n\n\n<p>* O itiner\u00e1rio acima est\u00e1 sujeito \u00e0s condi\u00e7\u00f5es clim\u00e1ticas.<\/p>\n\n\n\n<p>** Fim dos nossos servi\u00e7os<\/p>\n\n\n\n<h3 class=\"wp-block-heading\" id=\"o-que-esta-incluido\">O que est\u00e1 inclu\u00eddo:<\/h3>\n\n\n\n<ul class=\"wp-block-list\"><li style=\"text-align:left;\">Acompanhamento e orienta\u00e7\u00e3o fotogr\u00e1fica durante a viagem com Z\u00e9 Paiva;<\/li><li>3 noites no&nbsp;<a href=\"http:\/\/www.cambaraecohotel.com.br\">www.cambaraecohotel.com.br<\/a>&nbsp;com caf\u00e9 da manh\u00e3, em quartos duplos com 2 camas separadas ou 1 cama de casal;<\/li><li>Transfers para todas as atividades conforme roteiro;<\/li><li>Lanches de trilha em 15 e 16 de maio;<\/li><li>Taxas de visita\u00e7\u00e3o para todos os atrativos;<\/li><li style=\"text-align:left;\"><strong>Livro Expedi\u00e7\u00e3o Natureza Tocantins autografado para os 6 primeiros inscritos!<\/strong><\/li><\/ul>\n\n\n\n<figure class=\"wp-block-gallery has-nested-images columns-3 is-cropped wp-block-gallery-1 is-layout-flex wp-block-gallery-is-layout-flex\">\n<figure class=\"wp-block-image size-large is-style-default\"><img decoding=\"async\" data-id=\"3331\" src=\"https:\/\/zepaiva.com\/wp-content\/uploads\/2017\/05\/vista17d02742.jpg\" alt=\"\" class=\"wp-image-3331\" \/><\/figure>\n\n\n\n<figure class=\"wp-block-image size-large is-style-default\"><img decoding=\"async\" data-id=\"4239\" src=\"https:\/\/zepaiva.com\/wp-content\/uploads\/2018\/10\/vista17d02760.jpg\" alt=\"\" class=\"wp-image-4239\" \/><\/figure>\n\n\n\n<figure class=\"wp-block-image size-large is-style-default\"><img decoding=\"async\" data-id=\"4240\" src=\"https:\/\/zepaiva.com\/wp-content\/uploads\/2018\/10\/vista17d05491.jpg\" alt=\"\" class=\"wp-image-4240\" \/><\/figure>\n\n\n\n<figure class=\"wp-block-image size-large is-style-default\"><img decoding=\"async\" data-id=\"4241\" src=\"https:\/\/zepaiva.com\/wp-content\/uploads\/2018\/10\/vista18d01076.jpg\" alt=\"\" class=\"wp-image-4241\" \/><\/figure>\n\n\n\n<figure class=\"wp-block-image size-large is-style-default\"><img decoding=\"async\" data-id=\"4242\" src=\"https:\/\/zepaiva.com\/wp-content\/uploads\/2018\/10\/vista18d01078.jpg\" alt=\"\" class=\"wp-image-4242\" \/><\/figure>\n\n\n\n<figure class=\"wp-block-image size-large is-style-default\"><img decoding=\"async\" data-id=\"4243\" src=\"https:\/\/zepaiva.com\/wp-content\/uploads\/2018\/10\/vista18d01083.jpg\" alt=\"\" class=\"wp-image-4243\" \/><\/figure>\n<\/figure>\n\n\n\n<ul class=\"wp-block-list\"><li style=\"text-align:left;\"><strong>Hotel vencedor do pr\u00eamio de sustentabilidade 2016 da Braztoa, entre outros. <a href=\"https:\/\/www.cambaraecohotel.com.br\/projetos-premios\" target=\"_blank\" rel=\"noopener\">Clique aqui para saber mais.<\/a><\/strong><\/li><\/ul>\n\n\n\n<h3 class=\"wp-block-heading\" id=\"o-que-nao-esta-incluido\">O que n\u00e3o est\u00e1 inclu\u00eddo:<\/h3>\n\n\n\n<ul class=\"wp-block-list\"><li style=\"line-height:28.8px;\">Passagens a\u00e9reas e transfer de chegada e partida de Cambar\u00e1 do Sul.<\/li><li style=\"line-height:28.8px;\">Gorjetas, refei\u00e7\u00f5es, bebidas e telefonemas;<\/li><li>Equipamento fotogr\u00e1fico;<\/li><li style=\"line-height:28.8px;\">Seguros e demais servi\u00e7os n\u00e3o mencionados.<\/li><\/ul>\n\n\n\n<figure class=\"wp-block-image alignnone size-large wp-image-2954 is-style-default\"><img decoding=\"async\" src=\"https:\/\/zepaiva.com\/wp-content\/uploads\/2016\/03\/vista16d01272.jpg?w=736\" alt=\"\" class=\"wp-image-2954\" \/><figcaption>Turma da primeira expedi\u00e7\u00e3o C\u00e2nions do Sul em 2016 no mirante do C\u00e2nion Fortaleza.<\/figcaption><\/figure>\n\n\n\n<h3 class=\"wp-block-heading\" id=\"inscricoes\">Inscri\u00e7\u00f5es:<\/h3>\n\n\n\n<h5 class=\"wp-block-heading\" id=\"pagamento-por-deposito-bancario\"><strong>Pagamento por dep\u00f3sito banc\u00e1rio:<\/strong><\/h5>\n\n\n\n<p><strong>Total por pessoa em quarto duplo:<\/strong>&nbsp;R$ 2.329,00 \u00e0 vista em at\u00e9 7 dias ap\u00f3s a reserva ou at\u00e9 30\/03\/2022, o que acorrer primeiro.<\/p>\n\n\n\n<p><strong>Ou<\/strong>&nbsp;R$ 2.399,00 parcelado. A primeira parcela \u00e9 \u00e0 vista em at\u00e9 7 dias ap\u00f3s a reserva e&nbsp; a \u00faltima parcela deve ser depositada at\u00e9 30\/03\/2022.<\/p>\n\n\n\n<p><strong>Total por pessoa em quarto individual:<\/strong>&nbsp;R$ 2.980,00 \u00e0 vista em at\u00e9 7 dias ap\u00f3s a reserva ou at\u00e9 30\/03\/2022, o que acorrer primeiro.<\/p>\n\n\n\n<p><strong>Ou<\/strong>&nbsp;R$ 3.070,00 parcelado. A primeira parcela \u00e9 \u00e0 vista em at\u00e9 7 dias ap\u00f3s a reserva e a \u00faltima parcela deve ser depositada at\u00e9 30\/03\/2022.<\/p>\n\n\n\n<h5 class=\"wp-block-heading\" id=\"pagamento-com-cartao-de-credito-via-paypal\"><strong>PAGAMENTO COM CART\u00c3O DE CR\u00c9DITO VIA PAYPAL:<\/strong><\/h5>\n\n\n\n<p>Total por pessoa em quarto duplo: 4 x R$ 641,00<\/p>\n\n\n\n<p>Total por pessoa em quarto duplo: 4 x R$ 820,00<\/p>\n\n\n\n<h4 class=\"wp-block-heading\" id=\"prazo-para-inscricoes-ate-30-03-22-ou-ate-as-vagas-se-esgotarem\"><strong>PRAZO PARA INSCRI\u00c7\u00d5ES: AT\u00c9 30\/03\/22 OU AT\u00c9 AS VAGAS SE ESGOTAREM.<\/strong><\/h4>\n\n\n\n<h4 class=\"wp-block-heading\" id=\"obrigatorio-esquema-vacinal-completo\">OBRIGAT\u00d3RIO ESQUEMA VACINAL COMPLETO<\/h4>\n\n\n\n<p><strong>VAGAS LIMITADAS!<\/strong>&nbsp;Grupo m\u00e1ximo de 12 e m\u00ednimo de 6 pessoas.<br>Sa\u00edda com grupo menor garantida mediante valor adicional \u2013 consulte-nos.<\/p>\n\n\n\n<h3 class=\"wp-block-heading\" id=\"politica-de-cancelamentos-veja-aqui\"><a href=\"https:\/\/zepaiva.com\/en\/agenda\/cancelamento\/\" target=\"_blank\" rel=\"noopener\">Pol\u00edtica de cancelamentos: Veja aqui.<\/a><\/h3>\n\n\n\n<figure class=\"wp-block-image is-style-default\"><a href=\"http:\/\/braziltrails.com\/pt-br\/registration\/\" target=\"_blank\" rel=\"noopener\"><img decoding=\"async\" src=\"https:\/\/zepaiva.com\/wp-content\/uploads\/2018\/09\/clique-aqui-reserva-novo-281.jpg\" alt=\"clique aqui - reserva NOVO-28\" class=\"wp-image-4153\" \/><\/a><\/figure>\n\n\n\n<div class=\"wp-block-image is-style-default\"><figure class=\"alignleft\"><a href=\"https:\/\/zepaiva.com\/wp-content\/uploads\/2018\/06\/equipe-31.jpg\"><img decoding=\"async\" src=\"https:\/\/zepaiva.com\/wp-content\/uploads\/2018\/06\/equipe-31.jpg?w=214\" alt=\"\" class=\"wp-image-3913\" \/><\/a><\/figure><\/div>\n\n\n\n<p><strong>Fot\u00f3grafo Z\u00e9 Paiva<\/strong><\/p>\n\n\n\n<p>Trocou a engenharia pela fotografia em 1984 e desde ent\u00e3o viaja pelos quatro cantos do mundo criando imagens. \u00c9 p\u00f3s graduado em fotografia pela UNIVALI. J\u00e1 ensinou fotografia na ESPM, UDESC e FURB. Autor dos livros Expedi\u00e7\u00e3o Natureza Catarina, Natureza Ga\u00facha e Natureza Tocantins. Suas fotos foram selecionadas para a cole\u00e7\u00e3o Pirelli MASP em 2009. Em 2012 recebeu o Pr\u00eamio Marc Ferrez da FUNARTE.<\/p>\n\n\n\n<h3 class=\"wp-block-heading\" id=\"contato\">Contato:<\/h3>\n\n\n\n<p><strong>Renata Asprino<\/strong><br><strong>E-mail:<\/strong> <a href=\"mailto:renata@braziltrails.com\" target=\"_blank\" rel=\"noopener\">renata@braziltrails.com<\/a><br><strong>Phone:<\/strong> 48 3232 5747<br><strong>WhatsApp:<\/strong> 48 99127 4558<\/p>\n\n\n\n<h3 class=\"wp-block-heading\" id=\"realizacao\">Realiza\u00e7\u00e3o:<br><a href=\"http:\/\/braziltrails.com\/\" target=\"_blank\" rel=\"noopener\"><img decoding=\"async\" class=\"alignnone wp-image-3908 size-thumbnail\" src=\"https:\/\/zepaiva.com\/wp-content\/uploads\/2018\/06\/logos-28.jpg?w=150\" alt=\"\" width=\"150\" height=\"58\"><\/a>&nbsp; &nbsp; &nbsp; &nbsp;&nbsp;<a href=\"https:\/\/www.vistaimagens.com.br\/\" target=\"_blank\" rel=\"noopener\"><img decoding=\"async\" class=\"alignnone wp-image-3909 size-thumbnail\" src=\"https:\/\/zepaiva.com\/wp-content\/uploads\/2018\/06\/logos-29.jpg?w=150\" alt=\"\" width=\"150\" height=\"100\"><\/a><\/h3>","protected":false},"excerpt":{"rendered":"<p>Uma aventura fotogr\u00e1fica em meio a c\u00e2nions monumentais! Contemplar um monumento de pedra de mais de oitocentos metros de altura \u00e9 uma experi\u00eancia indescrit\u00edvel. S\u00f3 vivendo mesmo para entender. Na quinta expedi\u00e7\u00e3o fotogr\u00e1fica C\u00e2nions do Sul vamos fotografar os monumentais c\u00e2nions Itaimbezinho e Fortaleza, al\u00e9m de v\u00e1rias cachoeiras, uma mais linda que a outra. Tudo &hellip; <a href=\"https:\/\/zepaiva.com\/en\/expedicao-fotografica-canions-do-sul-2022\/\" class=\"more-link\">Continue reading <span class=\"screen-reader-text\">Expedi\u00e7\u00e3o Fotogr\u00e1fica C\u00e2nions do Sul 2022<\/span> <span class=\"meta-nav\">&rarr;<\/span><\/a><\/p>","protected":false},"author":1,"featured_media":11074,"comment_status":"open","ping_status":"open","sticky":false,"template":"","format":"standard","meta":{"_jetpack_memberships_contains_paid_content":false,"footnotes":""},"categories":[4],"tags":[39,66,94,103,147,196,198,203,221,222,259,333,356,360,366,408,445,457,468],"class_list":["post-4178","post","type-post","status-publish","format-standard","has-post-thumbnail","hentry","category-expedicoes","tag-aparados-da","tag-aventura","tag-cambara-do-sul","tag-canions","tag-ecoturismo","tag-fortaleza","tag-foto","tag-fotografia","tag-gaucha","tag-geral","tag-itaimbezinho","tag-natureza","tag-parque","tag-parque-nacional-da-geral","tag-parques","tag-rio-grande-do-sul","tag-turismo","tag-viagem","tag-workshop"],"jetpack_featured_media_url":"","jetpack_sharing_enabled":true,"_links":{"self":[{"href":"https:\/\/zepaiva.com\/en\/wp-json\/wp\/v2\/posts\/4178","targetHints":{"allow":["GET"]}}],"collection":[{"href":"https:\/\/zepaiva.com\/en\/wp-json\/wp\/v2\/posts"}],"about":[{"href":"https:\/\/zepaiva.com\/en\/wp-json\/wp\/v2\/types\/post"}],"author":[{"embeddable":true,"href":"https:\/\/zepaiva.com\/en\/wp-json\/wp\/v2\/users\/1"}],"replies":[{"embeddable":true,"href":"https:\/\/zepaiva.com\/en\/wp-json\/wp\/v2\/comments?post=4178"}],"version-history":[{"count":0,"href":"https:\/\/zepaiva.com\/en\/wp-json\/wp\/v2\/posts\/4178\/revisions"}],"wp:featuredmedia":[{"embeddable":true,"href":"https:\/\/zepaiva.com\/en\/wp-json\/wp\/v2\/menu-items\/11074"}],"wp:attachment":[{"href":"https:\/\/zepaiva.com\/en\/wp-json\/wp\/v2\/media?parent=4178"}],"wp:term":[{"taxonomy":"category","embeddable":true,"href":"https:\/\/zepaiva.com\/en\/wp-json\/wp\/v2\/categories?post=4178"},{"taxonomy":"post_tag","embeddable":true,"href":"https:\/\/zepaiva.com\/en\/wp-json\/wp\/v2\/tags?post=4178"}],"curies":[{"name":"wp","href":"https:\/\/api.w.org\/{rel}","templated":true}]}}