{"id":4187,"date":"2018-10-04T21:38:48","date_gmt":"2018-10-05T00:38:48","guid":{"rendered":"http:\/\/zepaiva.com\/?p=4187"},"modified":"2025-02-20T17:43:09","modified_gmt":"2025-02-20T17:43:09","slug":"festival-de-fotografia-de-paraty","status":"publish","type":"post","link":"https:\/\/zepaiva.com\/en\/festival-de-fotografia-de-paraty\/","title":{"rendered":"Festival de Fotografia de Paraty"},"content":{"rendered":"<p>Este ano fui pela segunda vez ao famoso PEF &#8211;\u00a0<a href=\"https:\/\/www.pefparatyemfoco.com.br\/\" target=\"_blank\" rel=\"noopener\">Paraty em Foco<\/a>, o festival de fotografia de Paraty, que j\u00e1 est\u00e1 na sua 14\u00aa edi\u00e7\u00e3o (um dos mais antigos do Brasil). Os festivais de fotografia tiveram origem nas semanas de fotografia da FUNARTE na d\u00e9cada de 80. Hoje temos v\u00e1rios festivais em diversas cidades do Brasil. Este ano j\u00e1 estive no <a href=\"http:\/\/www.festfoto.art.br\/\" target=\"_blank\" rel=\"noopener\">FestFoto<\/a>\u00a0em Porto Alegre, inspirado no <a href=\"http:\/\/www.fotofest2018.art\/\" target=\"_blank\" rel=\"noopener\">FotoFest de Houston<\/a>, e estive tamb\u00e9m no <a href=\"https:\/\/bcfotofestival.com.br\/\" target=\"_blank\" rel=\"noopener\">BC Foto Festival<\/a>, que foi em agosto em Balne\u00e1rio Cambori\u00fa.<\/p>\n<p>Os festivais s\u00e3o muito interessantes pois al\u00e9m de voc\u00ea poder fazer workshops, leituras de portf\u00f3lio, ver exposi\u00e7\u00f5es, palestras e proje\u00e7\u00f5es, ainda tem a oportunidade de encontrar e conhecer fot\u00f3grafos do Brasil e at\u00e9 do exterior. Para um fot\u00f3grafo, seja profissional ou amador, \u00e9 muito estimulante, al\u00e9m de eventualmente propiciar contatos para novos projetos.<\/p>\n<div id='gallery-1' class='gallery galleryid-4187 gallery-columns-3 gallery-size-thumbnail'><figure class='gallery-item'>\n\t\t\t<div class='gallery-icon'>\n\t\t\t\t<a href='https:\/\/zepaiva.com\/en\/img_5034-2\/'><img decoding=\"async\" width=\"1\" height=\"1\" src=\"https:\/\/zepaiva.com\/wp-content\/uploads\/2018\/10\/img_50341-1.jpg\" class=\"attachment-thumbnail size-thumbnail\" alt=\"\" aria-describedby=\"gallery-1-4196\" \/><\/a>\n\t\t\t<\/div>\n\t\t\t\t<figcaption class='wp-caption-text gallery-caption' id='gallery-1-4196'>\n\t\t\t\tExposi\u00e7\u00e3o dos ensaios premiados na Pra\u00e7a da Matriz.\n\t\t\t\t<\/figcaption><\/figure><figure class='gallery-item'>\n\t\t\t<div class='gallery-icon landscape'>\n\t\t\t\t<a href='https:\/\/zepaiva.com\/en\/img_5041\/'><img decoding=\"async\" width=\"150\" height=\"150\" src=\"https:\/\/zepaiva.com\/wp-content\/uploads\/2018\/10\/img_5041-1-150x150.jpg\" class=\"attachment-thumbnail size-thumbnail\" alt=\"\" aria-describedby=\"gallery-1-4195\" srcset=\"https:\/\/zepaiva.com\/wp-content\/uploads\/2018\/10\/img_5041-1-150x150.jpg 150w, https:\/\/zepaiva.com\/wp-content\/uploads\/2018\/10\/img_5041-1-100x100.jpg 100w\" sizes=\"(max-width: 150px) 100vw, 150px\" \/><\/a>\n\t\t\t<\/div>\n\t\t\t\t<figcaption class='wp-caption-text gallery-caption' id='gallery-1-4195'>\n\t\t\t\tCom os amigos Jacqueline Hoofendy e Jos\u00e9 Matarezi na exposi\u00e7\u00e3o &#8220;Autorretrato, atalho para minha po\u00e9tica&#8221;, na Casa de Cultura.\n\t\t\t\t<\/figcaption><\/figure><figure class='gallery-item'>\n\t\t\t<div class='gallery-icon portrait'>\n\t\t\t\t<a href='https:\/\/zepaiva.com\/en\/img_5038\/'><img decoding=\"async\" width=\"150\" height=\"150\" src=\"https:\/\/zepaiva.com\/wp-content\/uploads\/2018\/10\/img_5038-1-150x150.jpg\" class=\"attachment-thumbnail size-thumbnail\" alt=\"\" aria-describedby=\"gallery-1-4194\" srcset=\"https:\/\/zepaiva.com\/wp-content\/uploads\/2018\/10\/img_5038-1-150x150.jpg 150w, https:\/\/zepaiva.com\/wp-content\/uploads\/2018\/10\/img_5038-1-100x100.jpg 100w\" sizes=\"(max-width: 150px) 100vw, 150px\" \/><\/a>\n\t\t\t<\/div>\n\t\t\t\t<figcaption class='wp-caption-text gallery-caption' id='gallery-1-4194'>\n\t\t\t\tEu e \u00c9der Chiodetto depois do seu workshop de curadoria.\n\t\t\t\t<\/figcaption><\/figure><figure class='gallery-item'>\n\t\t\t<div class='gallery-icon portrait'>\n\t\t\t\t<a href='https:\/\/zepaiva.com\/en\/img_5025\/'><img loading=\"lazy\" decoding=\"async\" width=\"150\" height=\"150\" src=\"https:\/\/zepaiva.com\/wp-content\/uploads\/2018\/10\/img_5025-1-150x150.jpg\" class=\"attachment-thumbnail size-thumbnail\" alt=\"\" aria-describedby=\"gallery-1-4193\" srcset=\"https:\/\/zepaiva.com\/wp-content\/uploads\/2018\/10\/img_5025-1-150x150.jpg 150w, https:\/\/zepaiva.com\/wp-content\/uploads\/2018\/10\/img_5025-1-100x100.jpg 100w\" sizes=\"(max-width: 150px) 100vw, 150px\" \/><\/a>\n\t\t\t<\/div>\n\t\t\t\t<figcaption class='wp-caption-text gallery-caption' id='gallery-1-4193'>\n\t\t\t\tJanela da Pousada Rosa, onde aconteceram os workshops e leituras de portf\u00f3lio.\n\t\t\t\t<\/figcaption><\/figure><figure class='gallery-item'>\n\t\t\t<div class='gallery-icon portrait'>\n\t\t\t\t<a href='https:\/\/zepaiva.com\/en\/alesio-dos-passos-2\/'><img loading=\"lazy\" decoding=\"async\" width=\"150\" height=\"150\" src=\"https:\/\/zepaiva.com\/wp-content\/uploads\/2018\/10\/vista12d02452-1-150x150.jpg\" class=\"attachment-thumbnail size-thumbnail\" alt=\"\" aria-describedby=\"gallery-1-4192\" srcset=\"https:\/\/zepaiva.com\/wp-content\/uploads\/2018\/10\/vista12d02452-1-150x150.jpg 150w, https:\/\/zepaiva.com\/wp-content\/uploads\/2018\/10\/vista12d02452-1-100x100.jpg 100w\" sizes=\"(max-width: 150px) 100vw, 150px\" \/><\/a>\n\t\t\t<\/div>\n\t\t\t\t<figcaption class='wp-caption-text gallery-caption' id='gallery-1-4192'>\n\t\t\t\tAl\u00e9sio  dos Passos no ensaio premiado &#8220;Iluminados, personagens da Ilha de Santa Catarina&#8221;.\n\t\t\t\t<\/figcaption><\/figure>\n\t\t<\/div>\n\n<p>Este ano entrei na convocat\u00f3ria para expor no PEF com o meu ensaio <a href=\"http:\/\/zepaiva.com\/en\/vencedor-do-premio-marc-ferrez-fotografo-ze-paiva-expoe-no-masc\/\" target=\"_blank\" rel=\"noopener\">&#8220;Iluminados, personagens da Ilha de Santa Catarina&#8221;<\/a>, que foi contemplado com o Pr\u00eamio FUNARTE Marc Ferrez em 2012. Para minha alegria recebeu men\u00e7\u00e3o honrosa no Paraty em Foco.<\/p>\n<figure id=\"attachment_4199\" aria-describedby=\"caption-attachment-4199\" style=\"width: 736px\" class=\"wp-caption alignnone\"><a href=\"\/en\/Maureen Bisilliat e Sergio Burgi - foto de Nereu Jr.\/\"><img loading=\"lazy\" decoding=\"async\" class=\"wp-image-4199 size-large\" src=\"https:\/\/zepaiva.com\/wp-content\/uploads\/2018\/10\/maureen.jpg?w=736\" alt=\"\" width=\"736\" height=\"536\" \/><\/a><figcaption id=\"caption-attachment-4199\" class=\"wp-caption-text\">Maureen Bisilliat e Sergio Burgi &#8211; foto de Nereu Jr.<\/figcaption><\/figure>\n<p>Apesar da escassez de patroc\u00ednios, o festival teve muitas atra\u00e7\u00f5es e convidados ilustres como a homenageada de 2018 <a href=\"https:\/\/ims.com.br\/titular-colecao\/maureen-bisilliat\/\" target=\"_blank\" rel=\"noopener\">Maureen Bisilliat<\/a>, fot\u00f3grafa inglesa naturalizada brasileira, que exibiu seu ensaio &#8220;A Jo\u00e3o Guimar\u00e3es Rosa&#8221; e participou da mesa &#8220;Equival\u00eancias&#8221;, onde foi entrevistada por S\u00e9rgio Burgi.<\/p>\n<p>Eu tive a oportunidade de participar do workshop sobre Curadoria em Fotografia de <a href=\"http:\/\/ederchiodetto.com.br\/\" target=\"_blank\" rel=\"noopener\">\u00c9der Chiodetto<\/a>, considerado por muitos um dos mais importantes curadores de fotografia hoje no Brasil. Foi muito interessante e me ajudou bastante na edi\u00e7\u00e3o do trabalho que vou exibir dia 30 de outubro na galeria da Assembl\u00e9ia Legislativa do estado de Santa Catarina: &#8220;O somsil\u00eancio da imagem&#8221;.<\/p>","protected":false},"excerpt":{"rendered":"<p>Este ano fui pela segunda vez ao famoso PEF &#8211;\u00a0Paraty em Foco, o festival de fotografia de Paraty, que j\u00e1 est\u00e1 na sua 14\u00aa edi\u00e7\u00e3o (um dos mais antigos do Brasil). Os festivais de fotografia tiveram origem nas semanas de fotografia da FUNARTE na d\u00e9cada de 80. Hoje temos v\u00e1rios festivais em diversas cidades do &hellip; <a href=\"https:\/\/zepaiva.com\/en\/festival-de-fotografia-de-paraty\/\" class=\"more-link\">Continue reading <span class=\"screen-reader-text\">Festival de Fotografia de Paraty<\/span> <span class=\"meta-nav\">&rarr;<\/span><\/a><\/p>","protected":false},"author":1,"featured_media":0,"comment_status":"open","ping_status":"open","sticky":false,"template":"","format":"standard","meta":{"_jetpack_memberships_contains_paid_content":false,"footnotes":""},"categories":[2,5,8,14],"tags":[163,168,182,203,355,371],"class_list":["post-4187","post","type-post","status-publish","format-standard","hentry","category-dicas","category-exposicoes","category-palestras","category-workshops","tag-evento","tag-exposicao","tag-festival","tag-fotografia","tag-paraty","tag-pef"],"jetpack_featured_media_url":"","jetpack_sharing_enabled":true,"_links":{"self":[{"href":"https:\/\/zepaiva.com\/en\/wp-json\/wp\/v2\/posts\/4187","targetHints":{"allow":["GET"]}}],"collection":[{"href":"https:\/\/zepaiva.com\/en\/wp-json\/wp\/v2\/posts"}],"about":[{"href":"https:\/\/zepaiva.com\/en\/wp-json\/wp\/v2\/types\/post"}],"author":[{"embeddable":true,"href":"https:\/\/zepaiva.com\/en\/wp-json\/wp\/v2\/users\/1"}],"replies":[{"embeddable":true,"href":"https:\/\/zepaiva.com\/en\/wp-json\/wp\/v2\/comments?post=4187"}],"version-history":[{"count":1,"href":"https:\/\/zepaiva.com\/en\/wp-json\/wp\/v2\/posts\/4187\/revisions"}],"predecessor-version":[{"id":16423,"href":"https:\/\/zepaiva.com\/en\/wp-json\/wp\/v2\/posts\/4187\/revisions\/16423"}],"wp:attachment":[{"href":"https:\/\/zepaiva.com\/en\/wp-json\/wp\/v2\/media?parent=4187"}],"wp:term":[{"taxonomy":"category","embeddable":true,"href":"https:\/\/zepaiva.com\/en\/wp-json\/wp\/v2\/categories?post=4187"},{"taxonomy":"post_tag","embeddable":true,"href":"https:\/\/zepaiva.com\/en\/wp-json\/wp\/v2\/tags?post=4187"}],"curies":[{"name":"wp","href":"https:\/\/api.w.org\/{rel}","templated":true}]}}