{"id":428,"date":"2008-08-25T16:13:53","date_gmt":"2008-08-25T19:13:53","guid":{"rendered":"http:\/\/zepaiva.wordpress.com\/?p=428"},"modified":"2008-08-25T16:13:53","modified_gmt":"2008-08-25T19:13:53","slug":"lancamento-do-livro-fauna-e-flora-brasileiras-com-participacao-de-ze-paiva","status":"publish","type":"post","link":"https:\/\/zepaiva.com\/en\/lancamento-do-livro-fauna-e-flora-brasileiras-com-participacao-de-ze-paiva\/","title":{"rendered":"Lan\u00e7amento do livro Fauna e Flora Brasileiras, com participa\u00e7\u00e3o de Z\u00e9 Paiva"},"content":{"rendered":"<p style=\"text-align:right;\">Por: Flora Neves<\/p>\n<p><a href=\"http:\/\/zepaiva.com\/wp-content\/uploads\/2010\/04\/livro_fauna_e_flora_br.jpg\"><img fetchpriority=\"high\" decoding=\"async\" class=\"aligncenter size-full wp-image-429\" title=\"livro_fauna_e_flora_br\" src=\"http:\/\/zepaiva.com\/wp-content\/uploads\/2010\/04\/livro_fauna_e_flora_br.jpg\" alt=\"\" width=\"500\" height=\"500\" \/><\/a><\/p>\n<p>O livro Fauna e Flora Brasileiras ser\u00e1 lan\u00e7ado no dia 27 de agosto \u00e0s 19 horas na Fnac Pinheiros, em S\u00e3o Paulo. Esta obra \u00e9 o primeiro volume da Cole\u00e7\u00e3o Brasil da <a href=\"http:\/\/www.bei.com.br\/bei\/index.asp\" target=\"_blank\">Editora Bei<\/a>.<\/p>\n<p>O livro re\u00fane mais de 80 imagens que mostram um recorte dos seis biomas brasileiros. As fotos retratam 89 esp\u00e9cies da fauna e da flora que est\u00e3o acompanhadas por texto explicativo bil\u00edng\u00fce.<\/p>\n<p>A editora convidou o fot\u00f3grafo Z\u00e9 Paiva para ilustrar o cap\u00edtulo Campos Sulinos, com imagens de sua recente expedi\u00e7\u00e3o pelo Pampa. As outras fotos do livro s\u00e3o do conhecido fot\u00f3grafo Araqu\u00e9m Alc\u00e2ntara.<\/p>","protected":false},"excerpt":{"rendered":"<p>Por: Flora Neves O livro Fauna e Flora Brasileiras ser\u00e1 lan\u00e7ado no dia 27 de agosto \u00e0s 19 horas na Fnac Pinheiros, em S\u00e3o Paulo. Esta obra \u00e9 o primeiro volume da Cole\u00e7\u00e3o Brasil da Editora Bei. O livro re\u00fane mais de 80 imagens que mostram um recorte dos seis biomas brasileiros. As fotos retratam &hellip; <a href=\"https:\/\/zepaiva.com\/en\/lancamento-do-livro-fauna-e-flora-brasileiras-com-participacao-de-ze-paiva\/\" class=\"more-link\">Continue reading <span class=\"screen-reader-text\">Lan\u00e7amento do livro Fauna e Flora Brasileiras, com participa\u00e7\u00e3o de Z\u00e9 Paiva<\/span> <span class=\"meta-nav\">&rarr;<\/span><\/a><\/p>","protected":false},"author":1,"featured_media":0,"comment_status":"open","ping_status":"open","sticky":false,"template":"","format":"standard","meta":{"_jetpack_memberships_contains_paid_content":false,"footnotes":""},"categories":[11],"tags":[44,78,173,188,203,284,291,333],"class_list":["post-428","post","type-post","status-publish","format-standard","hentry","category-publicacoes","tag-araquem","tag-bioma","tag-fauna","tag-flora","tag-fotografia","tag-lancamento","tag-livro","tag-natureza"],"jetpack_featured_media_url":"","jetpack_sharing_enabled":true,"_links":{"self":[{"href":"https:\/\/zepaiva.com\/en\/wp-json\/wp\/v2\/posts\/428","targetHints":{"allow":["GET"]}}],"collection":[{"href":"https:\/\/zepaiva.com\/en\/wp-json\/wp\/v2\/posts"}],"about":[{"href":"https:\/\/zepaiva.com\/en\/wp-json\/wp\/v2\/types\/post"}],"author":[{"embeddable":true,"href":"https:\/\/zepaiva.com\/en\/wp-json\/wp\/v2\/users\/1"}],"replies":[{"embeddable":true,"href":"https:\/\/zepaiva.com\/en\/wp-json\/wp\/v2\/comments?post=428"}],"version-history":[{"count":0,"href":"https:\/\/zepaiva.com\/en\/wp-json\/wp\/v2\/posts\/428\/revisions"}],"wp:attachment":[{"href":"https:\/\/zepaiva.com\/en\/wp-json\/wp\/v2\/media?parent=428"}],"wp:term":[{"taxonomy":"category","embeddable":true,"href":"https:\/\/zepaiva.com\/en\/wp-json\/wp\/v2\/categories?post=428"},{"taxonomy":"post_tag","embeddable":true,"href":"https:\/\/zepaiva.com\/en\/wp-json\/wp\/v2\/tags?post=428"}],"curies":[{"name":"wp","href":"https:\/\/api.w.org\/{rel}","templated":true}]}}