{"id":431,"date":"2009-03-06T16:16:32","date_gmt":"2009-03-06T19:16:32","guid":{"rendered":"http:\/\/zepaiva.wordpress.com\/?p=431"},"modified":"2009-03-06T16:16:32","modified_gmt":"2009-03-06T19:16:32","slug":"ze-paiva-participa-da-colecao-pirellimasp","status":"publish","type":"post","link":"https:\/\/zepaiva.com\/en\/ze-paiva-participa-da-colecao-pirellimasp\/","title":{"rendered":"Z\u00e9 Paiva participa da Cole\u00e7\u00e3o PIRELLI\/MASP"},"content":{"rendered":"<p style=\"text-align:right;\">Por: Amanda Ziani \/ Dfato Comunica\u00e7\u00e3o<\/p>\n<p>A <a href=\"http:\/\/www.colecaopirellimasp.art.br\/autores\/273\" target=\"_blank\">Cole\u00e7\u00e3o PIRELLI\/MASP<\/a>, que possui um acervo de mais de mil fotografias e \u00e9 uma principais do pa\u00eds, inicia a sua 17\u00aa edi\u00e7\u00e3o em 12 de mar\u00e7o, com inspira\u00e7\u00f5es inovadoras refletidas nas 80 imagens. Desta vez, os organizadores do projeto contaram com uma consultoria regional para dar maior profundidade e abrang\u00eancia de caracter\u00edsticas hist\u00f3ricas e est\u00e9ticas de determinadas \u00e1reas do Brasil. Entre os 24 fot\u00f3grafos escolhidos em todo o pa\u00eds, est\u00e1 o portoalegrense, radicado h\u00e1 23 anos em Florian\u00f3polis, Z\u00e9 Paiva, \u00fanico profissional de Santa Catarina a integrar essa edi\u00e7\u00e3o<\/p>\n<figure id=\"attachment_432\" aria-describedby=\"caption-attachment-432\" style=\"width: 600px\" class=\"wp-caption aligncenter\"><a href=\"http:\/\/zepaiva.com\/wp-content\/uploads\/2010\/04\/pirelli_masp_1.jpg\"><img fetchpriority=\"high\" decoding=\"async\" class=\"size-full wp-image-432\" title=\"pirelli_masp_1\" src=\"http:\/\/zepaiva.com\/wp-content\/uploads\/2010\/04\/pirelli_masp_1.jpg\" alt=\"\" width=\"600\" height=\"402\" \/><\/a><figcaption id=\"caption-attachment-432\" class=\"wp-caption-text\">Amanhecer no Canion Fortaleza, Parque Nacional da Serra Geral, Cambar\u00e1 do Sul, Rio Grande do Sul, Brasil.<\/figcaption><\/figure>\n<p>Com o foco voltado para a natureza que o cerca, em seus trabalhos mais recentes Z\u00e9 Paiva realizou os projetos Expedi\u00e7\u00e3o Natureza Santa Catarina e Expedi\u00e7\u00e3o Natureza Ga\u00facha, em 2004\/2005 e 2007\/2008, respectivamente. Para conceber os dois livros, frutos desses projetos, ele ficou imerso em unidades de conserva\u00e7\u00e3o estaduais e federais na busca por imagens que n\u00e3o s\u00f3 retratem de forma autoral e po\u00e9tica a diversidade de fauna e flora, mas tamb\u00e9m possam despertar a sensibilidade das pessoas para a preserva\u00e7\u00e3o do planeta.<\/p>\n<figure id=\"attachment_433\" aria-describedby=\"caption-attachment-433\" style=\"width: 600px\" class=\"wp-caption aligncenter\"><a href=\"http:\/\/zepaiva.com\/wp-content\/uploads\/2010\/04\/pirelli_masp_2.jpg\"><img decoding=\"async\" class=\"size-full wp-image-433\" title=\"pirelli_masp_2\" src=\"http:\/\/zepaiva.com\/wp-content\/uploads\/2010\/04\/pirelli_masp_2.jpg\" alt=\"\" width=\"600\" height=\"600\" \/><\/a><figcaption id=\"caption-attachment-433\" class=\"wp-caption-text\">S\u00edtio Arqueol\u00f3gico de S\u00e3o Miguel Arcanjo, Miss\u00f5es Jesu\u00edticas dos Guaranis, S\u00e3o Miguel das Miss\u00f5es, Rio Grande do Sul, Brasil.<\/figcaption><\/figure>\n<p>Para Z\u00e9 Paiva, fazer parte da PIRELLI\/MASP significa n\u00e3o s\u00f3 o reconhecimento \u00e0 sua dedica\u00e7\u00e3o na \u00e1rea documental e de natureza, como um ganho em visibilidade. \u201cO pr\u00eamio n\u00e3o \u00e9 importante para o meu ego ou para eu me tornar renomado, mas sim porque ele serve de vitrine e abre portas para futuros trabalhos\u201d, explica Paiva.<\/p>\n<figure id=\"attachment_434\" aria-describedby=\"caption-attachment-434\" style=\"width: 402px\" class=\"wp-caption aligncenter\"><a href=\"http:\/\/zepaiva.com\/wp-content\/uploads\/2010\/04\/pirelli_masp_3.jpg\"><img decoding=\"async\" class=\"size-full wp-image-434\" title=\"pirelli_masp_3\" src=\"http:\/\/zepaiva.com\/wp-content\/uploads\/2010\/04\/pirelli_masp_3.jpg\" alt=\"\" width=\"402\" height=\"600\" \/><\/a><figcaption id=\"caption-attachment-434\" class=\"wp-caption-text\">Rio Sepultura, S\u00e3o Jos\u00e9 dos Ausentes, Rio Grande do Sul, Brasil<\/figcaption><\/figure>\n<p>A fotografia profissional foi incorporada por ele depois de uma longa viagem pela Europa e Norte \u00c1frica, em 1984. Desde l\u00e1, j\u00e1 realizou exposi\u00e7\u00f5es nas principais cidades do pa\u00eds, recebeu pr\u00eamios como o Raulino Reitz, da Funda\u00e7\u00e3o do Meio Ambiente de Santa Catarina, e men\u00e7\u00f5es honrosas no International Photo Awards, de Nova Iorque, e no Prix de la Photographie, de Paris.<\/p>","protected":false},"excerpt":{"rendered":"<p>Por: Amanda Ziani \/ Dfato Comunica\u00e7\u00e3o A Cole\u00e7\u00e3o PIRELLI\/MASP, que possui um acervo de mais de mil fotografias e \u00e9 uma principais do pa\u00eds, inicia a sua 17\u00aa edi\u00e7\u00e3o em 12 de mar\u00e7o, com inspira\u00e7\u00f5es inovadoras refletidas nas 80 imagens. Desta vez, os organizadores do projeto contaram com uma consultoria regional para dar maior profundidade &hellip; <a href=\"https:\/\/zepaiva.com\/en\/ze-paiva-participa-da-colecao-pirellimasp\/\" class=\"more-link\">Continue reading <span class=\"screen-reader-text\">Z\u00e9 Paiva participa da Cole\u00e7\u00e3o PIRELLI\/MASP<\/span> <span class=\"meta-nav\">&rarr;<\/span><\/a><\/p>","protected":false},"author":1,"featured_media":0,"comment_status":"open","ping_status":"open","sticky":false,"template":"","format":"standard","meta":{"_jetpack_memberships_contains_paid_content":false,"footnotes":""},"categories":[7,9],"tags":[119,163,168,203,310,378,417],"class_list":["post-431","post","type-post","status-publish","format-standard","hentry","category-na-midia","category-premios-e-destaques","tag-colecao","tag-evento","tag-exposicao","tag-fotografia","tag-masp","tag-pirelli","tag-sao-paulo"],"jetpack_featured_media_url":"","jetpack_sharing_enabled":true,"_links":{"self":[{"href":"https:\/\/zepaiva.com\/en\/wp-json\/wp\/v2\/posts\/431","targetHints":{"allow":["GET"]}}],"collection":[{"href":"https:\/\/zepaiva.com\/en\/wp-json\/wp\/v2\/posts"}],"about":[{"href":"https:\/\/zepaiva.com\/en\/wp-json\/wp\/v2\/types\/post"}],"author":[{"embeddable":true,"href":"https:\/\/zepaiva.com\/en\/wp-json\/wp\/v2\/users\/1"}],"replies":[{"embeddable":true,"href":"https:\/\/zepaiva.com\/en\/wp-json\/wp\/v2\/comments?post=431"}],"version-history":[{"count":0,"href":"https:\/\/zepaiva.com\/en\/wp-json\/wp\/v2\/posts\/431\/revisions"}],"wp:attachment":[{"href":"https:\/\/zepaiva.com\/en\/wp-json\/wp\/v2\/media?parent=431"}],"wp:term":[{"taxonomy":"category","embeddable":true,"href":"https:\/\/zepaiva.com\/en\/wp-json\/wp\/v2\/categories?post=431"},{"taxonomy":"post_tag","embeddable":true,"href":"https:\/\/zepaiva.com\/en\/wp-json\/wp\/v2\/tags?post=431"}],"curies":[{"name":"wp","href":"https:\/\/api.w.org\/{rel}","templated":true}]}}