{"id":56,"date":"2009-07-11T11:45:54","date_gmt":"2009-07-11T14:45:54","guid":{"rendered":"http:\/\/zepaiva.wordpress.com\/?p=56"},"modified":"2009-07-11T11:45:54","modified_gmt":"2009-07-11T14:45:54","slug":"fotografe-melhor","status":"publish","type":"post","link":"https:\/\/zepaiva.com\/en\/fotografe-melhor\/","title":{"rendered":"Fotografe melhor"},"content":{"rendered":"<figure id=\"attachment_57\" aria-describedby=\"caption-attachment-57\" style=\"width: 450px\" class=\"wp-caption aligncenter\"><img fetchpriority=\"high\" decoding=\"async\" class=\"size-full wp-image-57\" title=\"fotografemelhor-1\" src=\"http:\/\/zepaiva.com\/wp-content\/uploads\/2009\/07\/fotografemelhor-1.jpg\" alt=\"P\u00e1gina de abertura da mat\u00e9ria.\" width=\"450\" height=\"307\" \/><figcaption id=\"caption-attachment-57\" class=\"wp-caption-text\">Por-do-sol visto do m\u00edtico Cerro do Jarau em Quara\u00ed RS - p\u00e1gina de abertura da mat\u00e9ria.<\/figcaption><\/figure>\n<p>T\u00e1 nas bancas a \u00faltima Fotografe melhor &#8211; T\u00e9cnica e Pr\u00e1tica &#8211; uma revista da <a href=\"http:\/\/www.europanet.com.br\" target=\"_blank\">Editora Europa<\/a>, com uma mat\u00e9ria de dez p\u00e1ginas sobre o meu trabalho para o livro Expedi\u00e7\u00e3o Natureza Ga\u00facha. O foco da mat\u00e9ria \u00e9 no fluxo de trabalho. Eles publicaram inclusive algumas telas do Adobe Photoshop Lightroom mostrando a forma como eu uso o software para editar as imagens. O texto, assinado pelo \u00c9rico Elias, foi baseado em duas horas de entrevista comigo. Ficou muito legal. Vale a pena dar uma conferida.<\/p>\n<figure id=\"attachment_58\" aria-describedby=\"caption-attachment-58\" style=\"width: 368px\" class=\"wp-caption aligncenter\"><img decoding=\"async\" class=\"size-full wp-image-58\" title=\"fotografemelhor-2\" src=\"http:\/\/zepaiva.com\/wp-content\/uploads\/2009\/07\/fotografemelhor-2.jpg\" alt=\"Capa da revista\" width=\"368\" height=\"500\" \/><figcaption id=\"caption-attachment-58\" class=\"wp-caption-text\">Capa da revista<\/figcaption><\/figure>","protected":false},"excerpt":{"rendered":"<p>T\u00e1 nas bancas a \u00faltima Fotografe melhor &#8211; T\u00e9cnica e Pr\u00e1tica &#8211; uma revista da Editora Europa, com uma mat\u00e9ria de dez p\u00e1ginas sobre o meu trabalho para o livro Expedi\u00e7\u00e3o Natureza Ga\u00facha. O foco da mat\u00e9ria \u00e9 no fluxo de trabalho. Eles publicaram inclusive algumas telas do Adobe Photoshop Lightroom mostrando a forma como &hellip; <a href=\"https:\/\/zepaiva.com\/en\/fotografe-melhor\/\" class=\"more-link\">Continue reading <span class=\"screen-reader-text\">Fotografe melhor<\/span> <span class=\"meta-nav\">&rarr;<\/span><\/a><\/p>","protected":false},"author":1,"featured_media":0,"comment_status":"open","ping_status":"open","sticky":false,"template":"","format":"standard","meta":{"_jetpack_memberships_contains_paid_content":false,"footnotes":""},"categories":[7],"tags":[167,203,221,320,333,398],"class_list":["post-56","post","type-post","status-publish","format-standard","hentry","category-na-midia","tag-expedicoes","tag-fotografia","tag-gaucha","tag-midia","tag-natureza","tag-revista"],"jetpack_featured_media_url":"","jetpack_sharing_enabled":true,"_links":{"self":[{"href":"https:\/\/zepaiva.com\/en\/wp-json\/wp\/v2\/posts\/56","targetHints":{"allow":["GET"]}}],"collection":[{"href":"https:\/\/zepaiva.com\/en\/wp-json\/wp\/v2\/posts"}],"about":[{"href":"https:\/\/zepaiva.com\/en\/wp-json\/wp\/v2\/types\/post"}],"author":[{"embeddable":true,"href":"https:\/\/zepaiva.com\/en\/wp-json\/wp\/v2\/users\/1"}],"replies":[{"embeddable":true,"href":"https:\/\/zepaiva.com\/en\/wp-json\/wp\/v2\/comments?post=56"}],"version-history":[{"count":0,"href":"https:\/\/zepaiva.com\/en\/wp-json\/wp\/v2\/posts\/56\/revisions"}],"wp:attachment":[{"href":"https:\/\/zepaiva.com\/en\/wp-json\/wp\/v2\/media?parent=56"}],"wp:term":[{"taxonomy":"category","embeddable":true,"href":"https:\/\/zepaiva.com\/en\/wp-json\/wp\/v2\/categories?post=56"},{"taxonomy":"post_tag","embeddable":true,"href":"https:\/\/zepaiva.com\/en\/wp-json\/wp\/v2\/tags?post=56"}],"curies":[{"name":"wp","href":"https:\/\/api.w.org\/{rel}","templated":true}]}}