{"id":613,"date":"2010-09-22T16:59:23","date_gmt":"2010-09-22T19:59:23","guid":{"rendered":"http:\/\/zepaiva.wordpress.com\/?p=613"},"modified":"2010-09-22T16:59:23","modified_gmt":"2010-09-22T19:59:23","slug":"sarau-de-fotografia-na-fnac-de-porto-alegre","status":"publish","type":"post","link":"https:\/\/zepaiva.com\/en\/sarau-de-fotografia-na-fnac-de-porto-alegre\/","title":{"rendered":"Sarau de fotografia na FNAC &#8211; as fotos"},"content":{"rendered":"<p>Foi dia 13 de setembro. Trata-se de um evento mensal da FNAC em parceria com a <a href=\"http:\/\/www.cameraviajante.com.br\/fotoambiental_ze_paiva.html\" target=\"_blank\">Escola de Fotografia C\u00e2mera Viajante<\/a>, de Porto Alegre. Neste Sarau fui convidado para falar do meu trabalho. Falei sobre os projetos Expedi\u00e7\u00e3o Natureza Santa Catarina e o Natureza Ga\u00facha, j\u00e1 lan\u00e7ados, e sobre o trabalho em curso no Tocantins. O p\u00fablico lotou o espa\u00e7o Blu-ray na FNAC, que ali\u00e1s estava sendo inaugurado. Na verdade faltou cadeiras para o p\u00fablico presente, ficou gente de p\u00e9 (sorry)! Em compensa\u00e7\u00e3o a FNAC teve a gentileza de oferecer um \u00f3timo espumante e frutas secas enquanto eu autografava o livro Natureza Ga\u00facha.<\/p>\n<p>Na ocasi\u00e3o tamb\u00e9m foi lan\u00e7ado oficialmente o meu pr\u00f3ximo workshop de fotografia ambiental (gostei do termo ambiental, no lugar de natureza, mais abrangente), que ser\u00e1 na C\u00e2mera Viajante, de 23 a 25 de outubro. S\u00e1bado ser\u00e1 aula te\u00f3rica na escola. A aula pr\u00e1tica, no domingo, ser\u00e1 no belo Parque Estadual de Itapu\u00e3, em Viam\u00e3o. Na segunda-feira teremos uma aula de avalia\u00e7\u00e3o.\u00a0 J\u00e1 restam poucas vagas, por incr\u00edvel que pare\u00e7a, assim que quem quiser se adiante antes que lote.<\/p>\n<p>Abaixo algumas fotos do evento:<\/p>\n<figure id=\"attachment_614\" aria-describedby=\"caption-attachment-614\" style=\"width: 600px\" class=\"wp-caption aligncenter\"><a href=\"http:\/\/zepaiva.com\/wp-content\/uploads\/2010\/09\/dsc3852.jpg\"><img fetchpriority=\"high\" decoding=\"async\" class=\"size-full wp-image-614\" title=\"_DSC3852\" src=\"http:\/\/zepaiva.com\/wp-content\/uploads\/2010\/09\/dsc3852.jpg\" alt=\"\" width=\"600\" height=\"341\" \/><\/a><figcaption id=\"caption-attachment-614\" class=\"wp-caption-text\">Sarau de fotografia - FNAC Porto Alegre em 13 de setembro de 2010 - foto de Jos\u00e9 Ot\u00e1vio Teixeira.<\/figcaption><\/figure>\n<p style=\"text-align:center;\">&nbsp;<\/p>\n<figure id=\"attachment_615\" aria-describedby=\"caption-attachment-615\" style=\"width: 600px\" class=\"wp-caption aligncenter\"><a href=\"http:\/\/zepaiva.com\/wp-content\/uploads\/2010\/09\/dsc3861.jpg\"><img decoding=\"async\" class=\"size-full wp-image-615\" title=\"_DSC3861\" src=\"http:\/\/zepaiva.com\/wp-content\/uploads\/2010\/09\/dsc3861.jpg\" alt=\"\" width=\"600\" height=\"361\" \/><\/a><figcaption id=\"caption-attachment-615\" class=\"wp-caption-text\">Z\u00e9 Paiva e Rog\u00e9rio do Amaral Ribeiro da C\u00e2mera Viajante, Sarau de fotografia - FNAC Porto Alegre em 13 de setembro de 2010 - foto de Jos\u00e9 Ot\u00e1vio Teixeira.<\/figcaption><\/figure>\n<figure id=\"attachment_616\" aria-describedby=\"caption-attachment-616\" style=\"width: 402px\" class=\"wp-caption aligncenter\"><a href=\"http:\/\/zepaiva.com\/wp-content\/uploads\/2010\/09\/dsc3895.jpg\"><img decoding=\"async\" class=\"size-full wp-image-616\" title=\"_DSC3895\" src=\"http:\/\/zepaiva.com\/wp-content\/uploads\/2010\/09\/dsc3895.jpg\" alt=\"\" width=\"402\" height=\"600\" \/><\/a><figcaption id=\"caption-attachment-616\" class=\"wp-caption-text\">Sess\u00e3o de aut\u00f3grafos, Sarau de fotografia - FNAC Porto Alegre em 13 de setembro de 2010 - foto de Jos\u00e9 Ot\u00e1vio Teixeira.<\/figcaption><\/figure>","protected":false},"excerpt":{"rendered":"<p>Foi dia 13 de setembro. Trata-se de um evento mensal da FNAC em parceria com a Escola de Fotografia C\u00e2mera Viajante, de Porto Alegre. Neste Sarau fui convidado para falar do meu trabalho. Falei sobre os projetos Expedi\u00e7\u00e3o Natureza Santa Catarina e o Natureza Ga\u00facha, j\u00e1 lan\u00e7ados, e sobre o trabalho em curso no Tocantins. &hellip; <a href=\"https:\/\/zepaiva.com\/en\/sarau-de-fotografia-na-fnac-de-porto-alegre\/\" class=\"more-link\">Continue reading <span class=\"screen-reader-text\">Sarau de fotografia na FNAC &#8211; as fotos<\/span> <span class=\"meta-nav\">&rarr;<\/span><\/a><\/p>","protected":false},"author":1,"featured_media":0,"comment_status":"open","ping_status":"open","sticky":false,"template":"","format":"standard","meta":{"_jetpack_memberships_contains_paid_content":false,"footnotes":""},"categories":[8],"tags":[96,156,163,167,198,203,221,284,291,333,349,384,408,468],"class_list":["post-613","post","type-post","status-publish","format-standard","hentry","category-palestras","tag-camera-viajante","tag-escola","tag-evento","tag-expedicoes","tag-foto","tag-fotografia","tag-gaucha","tag-lancamento","tag-livro","tag-natureza","tag-palestra","tag-porto-alegre","tag-rio-grande-do-sul","tag-workshop"],"jetpack_featured_media_url":"","jetpack_sharing_enabled":true,"_links":{"self":[{"href":"https:\/\/zepaiva.com\/en\/wp-json\/wp\/v2\/posts\/613","targetHints":{"allow":["GET"]}}],"collection":[{"href":"https:\/\/zepaiva.com\/en\/wp-json\/wp\/v2\/posts"}],"about":[{"href":"https:\/\/zepaiva.com\/en\/wp-json\/wp\/v2\/types\/post"}],"author":[{"embeddable":true,"href":"https:\/\/zepaiva.com\/en\/wp-json\/wp\/v2\/users\/1"}],"replies":[{"embeddable":true,"href":"https:\/\/zepaiva.com\/en\/wp-json\/wp\/v2\/comments?post=613"}],"version-history":[{"count":0,"href":"https:\/\/zepaiva.com\/en\/wp-json\/wp\/v2\/posts\/613\/revisions"}],"wp:attachment":[{"href":"https:\/\/zepaiva.com\/en\/wp-json\/wp\/v2\/media?parent=613"}],"wp:term":[{"taxonomy":"category","embeddable":true,"href":"https:\/\/zepaiva.com\/en\/wp-json\/wp\/v2\/categories?post=613"},{"taxonomy":"post_tag","embeddable":true,"href":"https:\/\/zepaiva.com\/en\/wp-json\/wp\/v2\/tags?post=613"}],"curies":[{"name":"wp","href":"https:\/\/api.w.org\/{rel}","templated":true}]}}