{"id":6723,"date":"2019-02-06T20:18:49","date_gmt":"2019-02-06T23:18:49","guid":{"rendered":"http:\/\/zepaiva.com\/?p=6723"},"modified":"2025-02-20T17:15:29","modified_gmt":"2025-02-20T17:15:29","slug":"expedicao-fotografica-jalapao-2019","status":"publish","type":"post","link":"https:\/\/zepaiva.com\/en\/expedicao-fotografica-jalapao-2019\/","title":{"rendered":"Expedi\u00e7\u00e3o Fotogr\u00e1fica Jalap\u00e3o 2019"},"content":{"rendered":"<p><img fetchpriority=\"high\" decoding=\"async\" class=\"alignnone size-full wp-image-8250\" src=\"https:\/\/zepaiva.com\/wp-content\/uploads\/2019\/02\/jalapao-desconto-06-1.jpg\" alt=\"jalapao - desconto-06\" width=\"1979\" height=\"2119\" \/><\/p>\n<h4>Explore um dos lugares mais belos do pa\u00eds!<\/h4>\n<p>Um roteiro pelo cerrado mais preservado do Brasil, feito especialmente para quem gosta de fotografar: cachoeiras de \u00e1gua turquesa, dunas alaranjadas, chapadas avermelhadas, fervedouros relaxantes, veredas verdejantes e de quebra o bel\u00edssimo artesanato de capim dourado em uma comunidade quilombola. Veja mais detalhes abaixo:<\/p>\n\n<p class=\"p1\">A expedi\u00e7\u00e3o fotogr\u00e1fica conta com a orienta\u00e7\u00e3o fotogr\u00e1fica do experiente e premiado fot\u00f3grafo Z\u00e9 Paiva que vai dar dicas sobre fotografias de paisagem, flora, macro e light painting, tudo na pr\u00e1tica.<\/p>\n<p><img decoding=\"async\" class=\"alignnone size-full wp-image-6829\" src=\"https:\/\/zepaiva.com\/wp-content\/uploads\/2019\/02\/ensinamentos-fotograficos-10.jpg\" alt=\"ensinamentos fotograficos-10\" width=\"908\" height=\"197\" \/><\/p>\n<p><strong>CONHE\u00c7A O JALAP\u00c3O!<\/strong><\/p>\n<p>O Jalap\u00e3o \u00e9 uma \u00e1rea de 34 mil quil\u00f4metros quadrados (maior que o estado de Alagoas) na regi\u00e3o leste do Tocantins que engloba cinco \u00e1reas de conserva\u00e7\u00e3o, entre elas um parque estadual. Um dos cerrados mais preservados do Brasil, tem uma natureza exuberante para quem sabe ver: cachoeiras cristalinas, dunas de at\u00e9 40 metros de altura, chapadas de at\u00e9 800 metros de altura e uma riqu\u00edssima flora que inclui o famoso capim dourado. Mesmo assim ainda \u00e9 um segredo para a maioria da popula\u00e7\u00e3o, pois o acesso \u00e9 bastante prec\u00e1rio, sendo necess\u00e1rio um ve\u00edculo 4&#215;4.<\/p>\n<p>A temperatura m\u00e9dia \u00e9 de 30\u00baC e as esta\u00e7\u00f5es se dividem em seca (de junho a outubro) e chuvosa (de novembro a maio). A densidade populacional \u00e9 de menos de um habitante por quil\u00f4metro quadrado, uma das menores do pa\u00eds.<\/p>\n<p>O Parque Estadual do Jalap\u00e3o foi criado em 2001 e tem quase 160 mil hectares espalhados pelos munic\u00edpios de Mateiros e S\u00e3o F\u00e9lix. A paisagem \u00e9 \u00e1rida mas cortada por uma teia de rios que forma diversos o\u00e1sis de vegeta\u00e7\u00e3o, como as veredas e matas de galeria. A fauna local \u00e9 constitu\u00edda por veados-campeiros, on\u00e7as, antas, raposas, tamandu\u00e1s, lobos-guar\u00e1s e outros animais.<\/p>\n<p>No interior do parque se encontra uma comunidade de quilombolas fugidos da Bahia chamada \u201cMumbuca\u201d. Este foi um dos primeiros lugares a iniciar o artesanato usando o capim dourado da regi\u00e3o.<\/p>\n<p><strong>ITINER\u00c1RIO DE VIAGEM &#8211; 14 a 19 \/JUNHO<\/strong><\/p>\n<p class=\"p1\"><span class=\"s1\"><strong>Sexta-feira \u2013 14 \/junho &#8211; Palmas<\/strong> <\/span><\/p>\n<p class=\"p1\"><span class=\"s1\">Chegada e pernoite no Hotel Araguaia. Dia livre.<\/span><\/p>\n<p class=\"p1\"><span class=\"s1\"><br \/>\n<strong>S\u00e1bado \u2013 15 \/junho &#8211; Palmas \/ Ponte Alta <\/strong><\/span><\/p>\n<p class=\"p1\"><span class=\"s1\">08h00 \u2013 Sa\u00edda de Palmas com destino a Taquaru\u00e7u. <\/span><\/p>\n<p class=\"p1\"><span class=\"s1\">08h40 \u2013 Chegada em Taquaru\u00e7u (Cachoeiras Roncadeira e Escorrega Macaco).<\/span><\/p>\n<p class=\"p1\"><span class=\"s1\">11h30 \u2013 Sa\u00edda de Taquaru\u00e7u com destino a Ponte Alta. <\/span><\/p>\n<p class=\"p1\"><span class=\"s1\">12h30 \u2013 Chegada em Ponte Alta. <\/span><\/p>\n<p class=\"p1\"><span class=\"s1\">12h40 \u2013 Almo\u00e7o. <\/span><\/p>\n<p class=\"p1\"><span class=\"s1\">13h20 \u2013 Sa\u00edda com destino ao C\u00e2nion Sussuapara. <\/span><\/p>\n<p class=\"p1\"><span class=\"s1\">15h40 \u2013 Sa\u00edda com destino ao Morro da Cruz e Morro da Pedra Furada, onde apreciaremos o p\u00f4r do sol.<\/span><\/p>\n<p class=\"p1\"><span class=\"s1\">20h00 \u2013 Jantar e pernoite.<\/span><\/p>\n<p class=\"p1\"><span class=\"s1\"><br \/>\n<strong>Domingo \u2013 16 \/junho &#8211; Ponte Alta \/ Mateiros <\/strong><\/span><\/p>\n<p class=\"p1\"><span class=\"s1\">08:00 \u2013 Sa\u00edda com destino ao Rio Novo com parada para fotos no Dedo de Deus.<\/span><\/p>\n<p>12h30 \u2013 Almo\u00e7o na Comunidade Rio Novo.<\/p>\n<p>14h00 \u2013 Banho na Prainha do rio Novo.<\/p>\n<p>15h30 \u2013 Sa\u00edda com destino as Dunas, onde apreciaremos o p\u00f4r do sol, considerado um<br \/>\ndos mais belos do Jalap\u00e3o.<\/p>\n<p>17h26 &#8211; Nasce a lua cheia.<\/p>\n<p>18h30 \u2013 Sa\u00edda das Dunas rumo a Mateiros.<\/p>\n<p>19h30 \u2013 Chegada em Mateiros.<\/p>\n<p>20h00 \u2013 Jantar e pernoite.<\/p>\n<p class=\"p1\"><strong><span class=\"s1\"><br \/>\nSegunda-feira \u2013 17 \/junho &#8211; Mateiros <\/span><\/strong><\/p>\n<p class=\"p1\"><span class=\"s1\">04h00 \u2013 Sa\u00edda de Mateiros rumo a Serra do Esp\u00edrito Santo. <\/span><\/p>\n<p class=\"p1\"><span class=\"s1\">05h00 \u2013 In\u00edcio da trilha (dificuldade moderada 6,5 km &#8211; aproximadamente 40 minutos de ascens\u00e3o, mais 40 minutos de caminhada no topo da serra) rumo ao mirante onde teremos uma vis\u00e3o privilegiada do Parque Estadual do Jalap\u00e3o e das Dunas. <\/span><\/p>\n<p class=\"p1\"><span class=\"s1\">11h00 \u2013 Sa\u00edda com destino a Mateiros. <\/span><\/p>\n<p class=\"p1\"><span class=\"s1\">12h00 \u2013 Almo\u00e7o. <\/span><\/p>\n<p class=\"p1\"><span class=\"s1\">14h00 \u2013 Sa\u00edda de Mateiros rumo ao Fervedouro dos Buritis. <\/span><\/p>\n<p class=\"p1\"><span class=\"s1\">16h00 \u2013 Sa\u00edda com destino a Cachoeira da Formiga (piscina natural com \u00e1gua cristalina, para muitos o melhor atrativo do Jalap\u00e3o). <\/span><\/p>\n<p class=\"p1\"><span class=\"s1\">20h00 \u2013 Jantar e pernoite.<\/span><\/p>\n<p class=\"p1\"><strong><span class=\"s1\"><br \/>\nTer\u00e7a-feira \u2013 18 \/junho &#8211; Mateiros \/ Palmas <\/span><\/strong><\/p>\n<p class=\"p1\"><span class=\"s1\">08h00 \u2013 Sa\u00edda de Mateiros com destino ao Povoado Mumbuca. <\/span><\/p>\n<p class=\"p1\"><span class=\"s1\">10h00 \u2013 Visita ao fervedouro do Cei\u00e7a. <\/span><\/p>\n<p class=\"p1\"><span class=\"s1\">12h00 \u2013 Almo\u00e7o no Fervedouro Bela Vista. <\/span><\/p>\n<p class=\"p1\"><span class=\"s1\">14h00 \u2013 Ap\u00f3s o almo\u00e7o, sa\u00edda com destino a Palmas passando pelo Morro da Catedral. <\/span><\/p>\n<p class=\"p1\"><span class=\"s1\">20h00 \u2013 Previs\u00e3o de chegada em Palmas.<\/span><\/p>\n<p class=\"p1\"><strong><span class=\"s1\">Quarta-feira\u2013 19 \/junho<\/span><\/strong><\/p>\n<p class=\"p1\"><span class=\"s1\">Dia livre &#8211; Fim da Expedi\u00e7\u00e3o Jalap\u00e3o (e in\u00edcio da Expedi\u00e7\u00e3o Araguaia).<\/span><\/p>\n<p class=\"p1\">* O itiner\u00e1rio acima est\u00e1 sujeito \u00e0s condi\u00e7\u00f5es clim\u00e1ticas.<br \/>\n** Fim dos nossos servi\u00e7os<\/p>\n<h3 class=\"p1\"><strong><span class=\"s1\">Expedi\u00e7\u00e3o Araguaia<\/span><\/strong><\/h3>\n<p class=\"p1\">A partir da edi\u00e7\u00e3o 2019, a Expedi\u00e7\u00e3o Jalap\u00e3o pode ser emendada na Expedi\u00e7\u00e3o Araguaia, que se passa na regi\u00e3o a oeste do Tocantins, na divisa com o estado do Par\u00e1. Caso tenha interesse em embarcar nessa dobradinha, confira os detalhes da <a href=\"http:\/\/zepaiva.com\/en\/expedicao-fotografica-araguaia-2019\/\" target=\"_blank\" rel=\"noopener noreferrer\">expedi\u00e7\u00e3o seguinte clicando aqui.<\/a><\/p>\n<h3><\/h3>\n<h3>O que est\u00e1 inclu\u00eddo:<\/h3>\n<ul>\n<li class=\"p1\"><span class=\"s1\">Acompanhamento e orienta\u00e7\u00e3o fotogr\u00e1fica durante a viagem com Z\u00e9 Paiva; <\/span><\/li>\n<li class=\"p1\"><span class=\"s1\">2 noites em Palmas no Hotel Araguaia\u00a0com caf\u00e9 da manh\u00e3 e 3 noites no Jalap\u00e3o nas pousadas \u00c1guas do Jalap\u00e3o em Ponte Alta e Santa Helena em Mateiros em quartos duplos com 2 camas separadas ou 1 cama de casal.<\/span><\/li>\n<li class=\"p1\"><span class=\"s1\">De 15 a 18 \/junho no Jalap\u00e3o:<br \/>\n<\/span><span class=\"s1\">&#8211; Guia de turismo especializado;<br \/>\n<\/span><span class=\"s1\">&#8211;\u00a0Transporte em carro 4&#215;4;<br \/>\n<\/span><span class=\"s1\">&#8211;\u00a0Hospedagem em quarto duplo;<br \/>\n<\/span><span class=\"s1\">&#8211;\u00a0Alimenta\u00e7\u00e3o (caf\u00e9 da manh\u00e3, almo\u00e7o e jantar);<br \/>\n<\/span><span class=\"s1\">&#8211;\u00a0Seguro viagem;<br \/>\n<\/span><span class=\"s1\">&#8211;\u00a0Taxa de visita\u00e7\u00e3o nos atrativos. <\/span><\/li>\n<li style=\"text-align:left;\"><strong>Livro Expedi\u00e7\u00e3o Natureza Tocantins autografado para os 6 primeiros inscritos!<\/strong><\/li>\n<\/ul>\n\n<h3><\/h3>\n<h3 style=\"text-align:left;\">O que n\u00e3o est\u00e1 inclu\u00eddo:<\/h3>\n<ul>\n<li style=\"line-height:28.8px;\">Passagens a\u00e9reas e transfer de chegada e partida de\/para aeroporto.<\/li>\n<li style=\"line-height:28.8px;\">Gorjetas, refei\u00e7\u00f5es em Palmas, bebidas e telefonemas;<\/li>\n<li>Equipamento fotogr\u00e1fico;<\/li>\n<li style=\"line-height:28.8px;\">Seguros e demais servi\u00e7os n\u00e3o mencionados.<\/li>\n<\/ul>\n<p>Confira todas as nossas formas de pagamento!<\/p>\n<h2><strong>DESCONTO de 5% para os 6 primeiros inscritos!<\/strong><strong>*<\/strong><\/h2>\n<p><strong>* Somente para pagamentos por dep\u00f3sito banc\u00e1rio.<\/strong><\/p>\n<p class=\"p1\"><span class=\"s1\"><strong>Hospedagem em quarto duplo:<\/strong><br \/>\n<\/span><\/p>\n<p>Op\u00e7\u00e3o 1 &#8211; Dep\u00f3sito em conta \u00e0 vista: R$ 3.936,00<\/p>\n<p>Op\u00e7\u00e3o 2 &#8211; Dep\u00f3sito em conta em 3 vezes sem juros:<\/p>\n<ul>\n<li>15% na inscri\u00e7\u00e3o (R$ 590,40)<\/li>\n<li>50% at\u00e9 01\/04 (R$ 1.968,00)<\/li>\n<li>35% at\u00e9 01\/05 (R$ 1.377,60)<\/li>\n<\/ul>\n<p>Op\u00e7\u00e3o 3 &#8211; Cart\u00e3o de cr\u00e9dito \u2013 paypal: 4 x de R$ 1.082,40<\/p>\n<p class=\"p1\"><span class=\"s1\"><strong>Hospedagem em quarto individual:<\/strong><\/span><\/p>\n<p>Op\u00e7\u00e3o 1 &#8211; Dep\u00f3sito em conta \u00e0 vista: R$ 4.385,00<\/p>\n<p>Op\u00e7\u00e3o 2 &#8211; Dep\u00f3sito em conta em 3 vezes sem juros:<\/p>\n<ul>\n<li>15% na inscri\u00e7\u00e3o (R$ 657,75)<\/li>\n<li>50% at\u00e9 01\/04 (2.192,50)<\/li>\n<li>35% at\u00e9 01\/05 (1.534,75)<\/li>\n<\/ul>\n<p>Op\u00e7\u00e3o 3 &#8211; Cart\u00e3o de cr\u00e9dito \u2013 paypal: 4 x de R$ 1.205,90<\/p>\n<p><strong>Prazo para inscri\u00e7\u00f5es: 01 \/maio<\/strong><\/p>\n<p>Para conferir nossa pol\u00edtica de cancelamento, <a href=\"https:\/\/zepaiva.com\/en\/agenda\/cancelamento\/\">clique aqui.<\/a><\/p>\n<p><strong>VAGAS LIMITADAS!<\/strong> Grupo m\u00e1ximo de 12 e m\u00ednimo de 7 pessoas.<br \/>\nSa\u00edda com grupo menor garantida mediante valor adicional \u2013 consulte-nos.<\/p>\n<p><a href=\"http:\/\/braziltrails.com\/pt-br\/registration\/\" target=\"_blank\" rel=\"noopener noreferrer\"><img decoding=\"async\" class=\"alignnone size-full wp-image-6726\" src=\"https:\/\/zepaiva.com\/wp-content\/uploads\/2019\/02\/clique-e-inscrevase-27.jpg\" alt=\"clique e inscrevase-27\" width=\"1206\" height=\"132\" \/><\/a><\/p>\n<p><a href=\"https:\/\/zepaiva.com\/wp-content\/uploads\/2018\/06\/equipe-31.jpg\"><img loading=\"lazy\" decoding=\"async\" class=\"wp-image-3913 alignleft\" src=\"https:\/\/zepaiva.com\/wp-content\/uploads\/2018\/06\/equipe-31.jpg?w=214\" alt=\"\" width=\"212\" height=\"297\" \/><\/a><\/p>\n<p><strong>Fot\u00f3grafo Z\u00e9 Paiva<\/strong><\/p>\n<p>Trocou a engenharia pela fotografia em 1984 e desde ent\u00e3o viaja pelos quatro cantos do mundo criando imagens. \u00c9 p\u00f3s graduado em fotografia pela UNIVALI. J\u00e1 ensinou fotografia na ESPM, UDESC e FURB. Autor dos livros Expedi\u00e7\u00e3o Natureza Catarina, Natureza Ga\u00facha e Natureza Tocantins. Suas fotos foram selecionadas para a cole\u00e7\u00e3o Pirelli MASP em 2009. Em 2012 recebeu o Pr\u00eamio Marc Ferrez da FUNARTE.<\/p>\n<h3><\/h3>\n<h3><\/h3>\n<h3><strong>Contato:<\/strong><\/h3>\n<p><strong>Renata Asprino<\/strong><br \/>\n<strong>E-mail:<\/strong> <a href=\"mailto:renata@braziltrails.com\" target=\"_blank\" rel=\"noopener noreferrer\">renata@braziltrails.com<\/a><br \/>\n<strong>Phone:<\/strong> 48 3232 5747<br \/>\n<strong>WhatsApp:<\/strong> 48 99127 4558<\/p>\n<h3><\/h3>\n<h3>Realiza\u00e7\u00e3o:<br \/>\n<a href=\"http:\/\/braziltrails.com\/\" target=\"_blank\" rel=\"noopener noreferrer\"><img loading=\"lazy\" decoding=\"async\" class=\"alignnone wp-image-3908 size-thumbnail\" src=\"https:\/\/zepaiva.com\/wp-content\/uploads\/2018\/06\/logos-28.jpg?w=150\" alt=\"\" width=\"150\" height=\"58\" \/><\/a>\u00a0 \u00a0 \u00a0 \u00a0\u00a0<a href=\"https:\/\/www.vistaimagens.com.br\/\" target=\"_blank\" rel=\"noopener noreferrer\"><img loading=\"lazy\" decoding=\"async\" class=\"alignnone wp-image-3909 size-thumbnail\" src=\"https:\/\/zepaiva.com\/wp-content\/uploads\/2018\/06\/logos-29.jpg?w=150\" alt=\"\" width=\"150\" height=\"100\" \/><\/a><\/h3>\n<hr \/>\n<p><strong>Ainda n\u00e3o se decidiu? Ent\u00e3o confira as fotos e depoimentos do pessoal que foi na \u00faltima edi\u00e7\u00e3o da expedi\u00e7\u00e3o <a href=\"https:\/\/zepaiva.com\/en\/jalapao-2018-veja-as-fotos-e-depoimentos-de-quem-foi\/\" target=\"_blank\" rel=\"noopener noreferrer\">clicando aqui.<\/a><\/strong><\/p>\n<p><strong>Mas n\u00e3o se esque\u00e7a de voltar para falar conosco!<\/strong><\/p>","protected":false},"excerpt":{"rendered":"<p>Explore um dos lugares mais belos do pa\u00eds! Um roteiro pelo cerrado mais preservado do Brasil, feito especialmente para quem gosta de fotografar: cachoeiras de \u00e1gua turquesa, dunas alaranjadas, chapadas avermelhadas, fervedouros relaxantes, veredas verdejantes e de quebra o bel\u00edssimo artesanato de capim dourado em uma comunidade quilombola. Veja mais detalhes abaixo: A expedi\u00e7\u00e3o fotogr\u00e1fica &hellip; <a href=\"https:\/\/zepaiva.com\/en\/expedicao-fotografica-jalapao-2019\/\" class=\"more-link\">Continue reading <span class=\"screen-reader-text\">Expedi\u00e7\u00e3o Fotogr\u00e1fica Jalap\u00e3o 2019<\/span> <span class=\"meta-nav\">&rarr;<\/span><\/a><\/p>","protected":false},"author":8,"featured_media":8250,"comment_status":"open","ping_status":"open","sticky":false,"template":"","format":"standard","meta":{"_jetpack_memberships_contains_paid_content":false,"footnotes":""},"categories":[4],"tags":[66,147,198,203,263,333,356,366,441,445,457,468],"class_list":["post-6723","post","type-post","status-publish","format-standard","has-post-thumbnail","hentry","category-expedicoes","tag-aventura","tag-ecoturismo","tag-foto","tag-fotografia","tag-jalapao","tag-natureza","tag-parque","tag-parques","tag-tocantins","tag-turismo","tag-viagem","tag-workshop"],"jetpack_featured_media_url":"","jetpack_sharing_enabled":true,"_links":{"self":[{"href":"https:\/\/zepaiva.com\/en\/wp-json\/wp\/v2\/posts\/6723","targetHints":{"allow":["GET"]}}],"collection":[{"href":"https:\/\/zepaiva.com\/en\/wp-json\/wp\/v2\/posts"}],"about":[{"href":"https:\/\/zepaiva.com\/en\/wp-json\/wp\/v2\/types\/post"}],"author":[{"embeddable":true,"href":"https:\/\/zepaiva.com\/en\/wp-json\/wp\/v2\/users\/8"}],"replies":[{"embeddable":true,"href":"https:\/\/zepaiva.com\/en\/wp-json\/wp\/v2\/comments?post=6723"}],"version-history":[{"count":2,"href":"https:\/\/zepaiva.com\/en\/wp-json\/wp\/v2\/posts\/6723\/revisions"}],"predecessor-version":[{"id":16365,"href":"https:\/\/zepaiva.com\/en\/wp-json\/wp\/v2\/posts\/6723\/revisions\/16365"}],"wp:featuredmedia":[{"embeddable":true,"href":"https:\/\/zepaiva.com\/en\/wp-json\/"}],"wp:attachment":[{"href":"https:\/\/zepaiva.com\/en\/wp-json\/wp\/v2\/media?parent=6723"}],"wp:term":[{"taxonomy":"category","embeddable":true,"href":"https:\/\/zepaiva.com\/en\/wp-json\/wp\/v2\/categories?post=6723"},{"taxonomy":"post_tag","embeddable":true,"href":"https:\/\/zepaiva.com\/en\/wp-json\/wp\/v2\/tags?post=6723"}],"curies":[{"name":"wp","href":"https:\/\/api.w.org\/{rel}","templated":true}]}}