{"id":6771,"date":"2019-02-06T20:27:00","date_gmt":"2019-02-06T23:27:00","guid":{"rendered":"http:\/\/zepaiva.com\/?p=6771"},"modified":"2025-02-20T17:15:14","modified_gmt":"2025-02-20T17:15:14","slug":"expedicao-fotografica-araguaia-2019","status":"publish","type":"post","link":"https:\/\/zepaiva.com\/en\/expedicao-fotografica-araguaia-2019\/","title":{"rendered":"Expedi\u00e7\u00e3o Fotogr\u00e1fica Araguaia 2019"},"content":{"rendered":"<p><img fetchpriority=\"high\" decoding=\"async\" class=\"alignnone size-full wp-image-8248\" src=\"https:\/\/zepaiva.com\/wp-content\/uploads\/2019\/02\/araguaia-13-desconto-13-1.jpg\" alt=\"araguaia-13 - desconto-13\" width=\"1979\" height=\"2118\" \/><\/p>\n<h4>Venha conhecer o lugar onde o Cerrado encontra a Amaz\u00f4nia!<\/h4>\n<p>Nesta expedi\u00e7\u00e3o iremos conhecer o Parque Estadual do Cant\u00e3o, a Lagoa da Confus\u00e3o e a Aldeia Ind\u00edgena Boto Velho, da etnia Java\u00e9s, que fica na Ilha do Bananal, entre outras atra\u00e7\u00f5es.<\/p>\n<p>O Parque do Cant\u00e3o est\u00e1 localizado no encontro dos rios Java\u00e9s e Coco. \u00c9 uma unidade de conserva\u00e7\u00e3o com cerca de 90 mil hectares de \u00e1rea, entrecortado por florestas amaz\u00f4nicas, vegeta\u00e7\u00e3o de cerrado e com mais de 800 lagos que na \u00e9poca da cheia se interligam.<\/p>\n<p>Na regi\u00e3o norte da ilha do Bananal localiza-se o Parque Nacional do Araguaia, cujo objetivo \u00e9 a preserva\u00e7\u00e3o ambiental aliado a conserva\u00e7\u00e3o cultural do Parque Ind\u00edgena do Araguaia onde est\u00e3o as aldeias ind\u00edgenas das etnias Caraj\u00e1s e Java\u00e9s. A Ilha do Bananal \u00e9 a maior ilha fluvial do mundo, com uma extens\u00e3o de 320 km e com aproximadamente 55 km de largura, formada pelos rios Araguaia e Java\u00e9s.<\/p>\n<p>A regi\u00e3o tem uma fauna riqu\u00edssima com diversas esp\u00e9cies de aves, mam\u00edferos e r\u00e9pteis: colhereiros, tuiui\u00fas, ciganas, jacar\u00e9s, ariranhas, tartarugas e veados, entre outros. O clima \u00e9 bem definido com apenas duas esta\u00e7\u00f5es: ver\u00e3o (esta\u00e7\u00e3o da seca) de junho a outubro, e inverno (esta\u00e7\u00e3o das chuvas) de novembro a maio.<\/p>\n\n<p class=\"p1\">A expedi\u00e7\u00e3o fotogr\u00e1fica conta com a orienta\u00e7\u00e3o fotogr\u00e1fica do experiente e premiado fot\u00f3grafo Z\u00e9 Paiva que vai dar dicas sobre fotografias de paisagem, fauna, flora, macro e light painting, tudo na pr\u00e1tica:<\/p>\n<p><img decoding=\"async\" class=\"alignnone size-full wp-image-6829\" src=\"https:\/\/zepaiva.com\/wp-content\/uploads\/2019\/02\/ensinamentos-fotograficos-10.jpg\" alt=\"ensinamentos fotograficos-10\" width=\"908\" height=\"197\" \/><\/p>\n<p><strong><br \/>\nITINER\u00c1RIO DE VIAGEM &#8211; 18 a 23 \/JUNHO<\/strong><\/p>\n<p><strong>Ter\u00e7a-feira &#8211; 18 \/junho &#8211; Palmas<\/strong><\/p>\n<p class=\"p1\">14h00 &#8211; A partir desse hor\u00e1rio check-in no Hotel Araguaia em Palmas TO. Tarde livre.<\/p>\n<p class=\"p1\">21h00 \u2013 Jantar livre e roda de conversa com Z\u00e9 Paiva<\/p>\n<p class=\"p1\"><strong>Quarta-feira &#8211; 19 \/junho &#8211; Palmas &#8211; Caseara<\/strong><\/p>\n<p class=\"p1\">7h00 &#8211; Caf\u00e9 da manh\u00e3.<\/p>\n<p>8h00 &#8211; Sa\u00edda de Palmas em dire\u00e7\u00e3o a Caseara.<\/p>\n<p>11h00 &#8211; Chegada ao Portal do Parque Estadual do Cant\u00e3o<\/p>\n<p>12h30 &#8211; Almo\u00e7o e orienta\u00e7\u00f5es da expedi\u00e7\u00e3o (etapa navega\u00e7\u00e3o).<\/p>\n<p>14h00 &#8211; Na parte da tarde partiremos\u00a0em barcos confort\u00e1veis e seguros rumo ao norte do imponente Rio Araguaia para lugares ainda in\u00f3spitos da regi\u00e3o, com possibilidade de avistamento de animais silvestres. Passaremos por lindas praias desertas com paradas para banhos e fotos.\u00a0Ao final do dia parada para apreciar o por do sol sentados em cadeiras confort\u00e1veis em uma praia deserta. Chegada na pousada \u00e0s margens do rio para jantar e pernoite.<\/p>\n<p><strong>Quinta-feira &#8211; 20 \/junho\u00a0<\/strong><strong>&#8211; Caseara<\/strong><\/p>\n<p>7h00 &#8211; Caf\u00e9 da manh\u00e3<\/p>\n<p>Ap\u00f3s o caf\u00e9 da manh\u00e3 seguiremos da pousada rumo ao interior do parque. Embarcados em lanchas voadeiras, entraremos o Parque do Cant\u00e3o at\u00e9 a boca de um lago. Dali partiremos para uma caminhada leve de 6 km (terreno plano) passando por uma antiga trilha dos ribeirinhos. No caminho poderemos contemplar alguns dos mais de 800\u00a0lagos existentes na regi\u00e3o.<\/p>\n<p>12h30 &#8211; Almo\u00e7o ou lanche refor\u00e7ado e descanso.<\/p>\n<p>14h30 &#8211; Na parte da tarde, retornaremos beirando as belas paisagens do parque pelo Rio Araguaia (face sul), parando para conhecer uma comunidade ribeirinha no estado do Par\u00e1. No caminho vamos observar a vida silvestre e faremos paradas para banhos de rio nas praias e ilhas desertas do Parque do Cant\u00e3o.<\/p>\n<p><strong>Sexta-feira &#8211; 21 \/junho &#8211; Caseara<\/strong><\/p>\n<p>5h30 &#8211; Neste dia sairemos bem cedinho para assistirmos a aurora. Ap\u00f3s o caf\u00e9 da manh\u00e3, em hor\u00e1rio a combinar iremos novamente para o interior do parque, por trilhas em meio a floresta de transi\u00e7\u00e3o. A tarde faremos saf\u00e1ri de barco por lagos e canais de liga\u00e7\u00e3o do interior do parque, visitando a sede do mesmo e conhecendo a transi\u00e7\u00e3o dos biomas cerrado e amaz\u00f4nia.<\/p>\n<p>19h00 &#8211; Retorno para a cidade, jantar e pernoite.<\/p>\n<p><strong>S\u00e1bado &#8211; 22 \/junho &#8211;\u00a0<\/strong><strong>Caseara &gt; Lagoa da Confus\u00e3o &#8211; TO<\/strong><\/p>\n<p>7h00 &#8211; Caf\u00e9 da manh\u00e3. Ap\u00f3s o caf\u00e9 sairemos rumo ao munic\u00edpio de Lagoa da Confus\u00e3o onde faremos um passeio de barco. Oportunidade de conhecer uma curiosa pedra de calc\u00e1rio no meio da referida lagoa.<\/p>\n<p>12h00 &#8211; Almo\u00e7o<\/p>\n<p>\u00c0 tarde partiremos para a regi\u00e3o da Ilha do Bananal as margens do Rio Java\u00e9s, a maior ilha fluvial do mundo. Atravessaremos o rio em dire\u00e7\u00e3o a Aldeia ind\u00edgena Boto Velho, da etnia Java\u00e9s.<\/p>\n<p>20h &#8211; Jantar e pernoite.<\/p>\n<p><strong>Domingo &#8211; 23 \/junho &#8211; Lagoa da Confus\u00e3o &gt; Palmas &#8211; TO<\/strong><\/p>\n<p>7h00 &#8211; Caf\u00e9 da manh\u00e3<\/p>\n<p>8h00 &#8211; Ap\u00f3s o caf\u00e9 da manh\u00e3, seguiremos para um novo saf\u00e1ri fotogr\u00e1fico em lavouras as margens do Rio Java\u00e9s para avistamento de fauna nativa. Ap\u00f3s o almo\u00e7o (previsto para 13h) check out e retorno para Palmas \u2013 TO.<\/p>\n<p>* O itiner\u00e1rio acima est\u00e1 sujeito \u00e0s condi\u00e7\u00f5es clim\u00e1ticas.<\/p>\n<p>** Fim dos nossos servi\u00e7os<\/p>\n<h3 class=\"p1\"><strong><span class=\"s1\">Expedi\u00e7\u00e3o Jalap\u00e3o<\/span><\/strong><\/h3>\n<p class=\"p1\">A partir da edi\u00e7\u00e3o 2019, a Expedi\u00e7\u00e3o Jalap\u00e3o pode ser emendada na Expedi\u00e7\u00e3o Araguaia, a primeira a leste e a segunda a oeste do deslumbrante estado do Tocantins. Caso tenha interesse em embarcar nessa dobradinha, confira os detalhes da <a href=\"http:\/\/zepaiva.com\/en\/expedicao-fotografica-jalapao-2019\/\" target=\"_blank\" rel=\"noopener noreferrer\">Expedi\u00e7\u00e3o Jalap\u00e3o clicando aqui.<\/a><\/p>\n\n<h3>O que est\u00e1 inclu\u00eddo:<\/h3>\n<ul>\n<li style=\"text-align:left;\">Acompanhamento e orienta\u00e7\u00e3o fotogr\u00e1fica durante a viagem com Z\u00e9 Paiva.<\/li>\n<li style=\"text-align:left;\">01 noite 18\/junho em Palmas no Hotel Araguaia com caf\u00e9 da manh\u00e3;<\/li>\n<\/ul>\n<p><strong>O que est\u00e1 inclu\u00eddo em 19, 20, 21, 22 e 23 \/junho: <\/strong><\/p>\n<ul>\n<li style=\"text-align:left;\">03 noites em pousada em Caseara (Pousada Sonho Meu), 01 noite em pousada na Lagoa da Confus\u00e3o (Pousada Praia Alta), em quartos duplos com 2 camas separadas ou 1 cama de casal;<\/li>\n<li style=\"text-align:left;\">Transporte rodovi\u00e1rio com motorista (Palmas x Caseara x Palmas \u2013 TO);<\/li>\n<li style=\"text-align:left;\">Saf\u00e1ri fotogr\u00e1fico (diurno e noturno);<\/li>\n<li style=\"text-align:left;\">Refei\u00e7\u00f5es em restaurantes da regi\u00e3o e ribeirinhos;<\/li>\n<li style=\"text-align:left;\">Visita em uma aldeia ind\u00edgena;<\/li>\n<li style=\"text-align:left;\">01 barco a motor 15 ou 25 hp + combust\u00edvel com piloto n\u00e1utico;<\/li>\n<li style=\"text-align:left;\">Equipamentos de seguran\u00e7a e observa\u00e7\u00e3o (coletes salva vidas e bancos de barco especiais, bin\u00f3culos de observa\u00e7\u00e3o e perneiras para caminhada);<\/li>\n<li style=\"text-align:left;\">Trekking (caminhada Amaz\u00f4nia &amp; Cerrado);<\/li>\n<li style=\"text-align:left;\">01 Guia de trilha profissional com experi\u00eancia local e esportiva;<\/li>\n<li style=\"text-align:left;\">Lanche de bordo e trilha (barrinhas de cereal, chocolates, biscoitos salgados e doces);<\/li>\n<li style=\"text-align:left;\">Caixa t\u00e9rmica equipada: (gelo, suco, frutas e \u00e1gua);<\/li>\n<li style=\"text-align:left;\">Seguro viagem e taxa parque.<\/li>\n<li style=\"text-align:left;\"><strong>Livro Expedi\u00e7\u00e3o Natureza Tocantins autografado para os 4 primeiros inscritos!<\/strong><\/li>\n<\/ul>\n<h3 style=\"text-align:left;\">O que n\u00e3o est\u00e1 inclu\u00eddo:<\/h3>\n<ul>\n<li style=\"line-height:28.8px;\">Passagens a\u00e9reas e transfer de chegada e partida de\/para aeroporto.<\/li>\n<li style=\"line-height:28.8px;\">Gorjetas, refei\u00e7\u00f5es, bebidas e telefonemas;<\/li>\n<li>Equipamento fotogr\u00e1fico;<\/li>\n<li>Refei\u00e7\u00f5es em Palmas, telefonemas, seguros em Palmas e demais servi\u00e7os n\u00e3o mencionados.<\/li>\n<\/ul>\n<h3><\/h3>\n<h2><strong>DESCONTO de 5% para os 6 primeiros inscritos!<\/strong><strong>*<\/strong><\/h2>\n<p><strong>* Somente para pagamentos por dep\u00f3sito banc\u00e1rio.<\/strong><\/p>\n<p><strong>VALORES POR PESSOA:<\/strong><\/p>\n<p><strong>Hospedagem quarto duplo:<\/strong><\/p>\n<p>Op\u00e7\u00e3o 1 &#8211; Dep\u00f3sito em conta \u00e0 vista: R$ 3.752,00<\/p>\n<p>Op\u00e7\u00e3o 2 &#8211; Dep\u00f3sito em conta em 3 vezes sem juros:<\/p>\n<ul>\n<li>15% na inscri\u00e7\u00e3o (R$ 562,80)<\/li>\n<li>50% at\u00e9 30\/04 (R$ 1.876,00)<\/li>\n<li>35% at\u00e9 30\/05 (R$ 1.313,20)<\/li>\n<\/ul>\n<p>Op\u00e7\u00e3o 3 &#8211; Cart\u00e3o de cr\u00e9dito: 4 x de R$ 1.032,00<\/p>\n<p><strong>Hospedagem quarto individual:<\/strong><\/p>\n<p>Op\u00e7\u00e3o 1 &#8211; Dep\u00f3sito em conta \u00e0 vista: R$ 4.600,00<\/p>\n<p>Op\u00e7\u00e3o 2 &#8211; Dep\u00f3sito em conta em 3 vezes sem juros:<\/p>\n<ul>\n<li>15% na inscri\u00e7\u00e3o (R$ 690,00)<\/li>\n<li>50% at\u00e9 30\/04 (R$ 2.300,00)<\/li>\n<li>35% at\u00e9 30\/05 (R$ 1.610,00)<\/li>\n<\/ul>\n<p>Op\u00e7\u00e3o 3 &#8211; Cart\u00e3o de cr\u00e9dito: 4 x de R$ 1.265,00<\/p>\n<p><strong>Prazo para inscri\u00e7\u00f5es: 10\/maio<\/strong><\/p>\n<p>Para conferir nossa pol\u00edtica de cancelamento, <a href=\"https:\/\/zepaiva.com\/en\/agenda\/cancelamento\/\">clique aqui.<\/a><\/p>\n<p><strong>VAGAS LIMITADAS!<\/strong> M\u00e1ximo de 12 e m\u00ednimo de 4 pessoas.<\/p>\n<p>Sa\u00edda com grupo menor garantida mediante valor adicional &#8211; consulte.<\/p>\n<p><a href=\"http:\/\/braziltrails.com\/pt-br\/registration\/\" target=\"_blank\" rel=\"noopener noreferrer\"><img decoding=\"async\" class=\"alignnone size-full wp-image-6726\" src=\"https:\/\/zepaiva.com\/wp-content\/uploads\/2019\/02\/clique-e-inscrevase-27.jpg\" alt=\"clique e inscrevase-27\" width=\"1206\" height=\"132\" \/><\/a><\/p>\n<p><a href=\"https:\/\/zepaiva.com\/wp-content\/uploads\/2018\/06\/equipe-31.jpg\"><img loading=\"lazy\" decoding=\"async\" class=\"wp-image-3913 alignleft\" src=\"https:\/\/zepaiva.com\/wp-content\/uploads\/2018\/06\/equipe-31.jpg?w=214\" alt=\"\" width=\"212\" height=\"297\" \/><\/a><\/p>\n<p><strong>Fot\u00f3grafo Z\u00e9 Paiva<\/strong><\/p>\n<p>Trocou a engenharia pela fotografia em 1984 e desde ent\u00e3o viaja pelos quatro cantos do mundo criando imagens. \u00c9 p\u00f3s graduado em fotografia pela UNIVALI. J\u00e1 ensinou fotografia na ESPM, UDESC e FURB. Autor dos livros Expedi\u00e7\u00e3o Natureza Catarina, Natureza Ga\u00facha e Natureza Tocantins. Suas fotos foram selecionadas para a cole\u00e7\u00e3o Pirelli MASP em 2009. Em 2012 recebeu o Pr\u00eamio Marc Ferrez da FUNARTE.<\/p>\n<h3><\/h3>\n<h3><\/h3>\n<h3>Contato:<\/h3>\n<p><strong>Renata Asprino<\/strong><br \/>\n<strong>E-mail:<\/strong> <a href=\"mailto:renata@braziltrails.com\" target=\"_blank\" rel=\"noopener noreferrer\">renata@braziltrails.com<\/a><br \/>\n<strong>Phone:<\/strong> 48 3232 5747<br \/>\n<strong>WhatsApp:<\/strong> 48 99127 4558<\/p>\n<h3><\/h3>\n<h3>Realiza\u00e7\u00e3o:<br \/>\n<a href=\"http:\/\/braziltrails.com\/\" target=\"_blank\" rel=\"noopener noreferrer\"><img loading=\"lazy\" decoding=\"async\" class=\"alignnone wp-image-3908 size-thumbnail\" src=\"https:\/\/zepaiva.com\/wp-content\/uploads\/2018\/06\/logos-28.jpg?w=150\" alt=\"\" width=\"150\" height=\"58\" \/><\/a>\u00a0 \u00a0 \u00a0 \u00a0\u00a0<a href=\"https:\/\/www.vistaimagens.com.br\/\" target=\"_blank\" rel=\"noopener noreferrer\"><img loading=\"lazy\" decoding=\"async\" class=\"alignnone wp-image-3909 size-thumbnail\" src=\"https:\/\/zepaiva.com\/wp-content\/uploads\/2018\/06\/logos-29.jpg?w=150\" alt=\"\" width=\"150\" height=\"100\" \/><\/a><\/h3>\n<hr \/>","protected":false},"excerpt":{"rendered":"<p>Venha conhecer o lugar onde o Cerrado encontra a Amaz\u00f4nia! Nesta expedi\u00e7\u00e3o iremos conhecer o Parque Estadual do Cant\u00e3o, a Lagoa da Confus\u00e3o e a Aldeia Ind\u00edgena Boto Velho, da etnia Java\u00e9s, que fica na Ilha do Bananal, entre outras atra\u00e7\u00f5es. O Parque do Cant\u00e3o est\u00e1 localizado no encontro dos rios Java\u00e9s e Coco. \u00c9 &hellip; <a href=\"https:\/\/zepaiva.com\/en\/expedicao-fotografica-araguaia-2019\/\" class=\"more-link\">Continue reading <span class=\"screen-reader-text\">Expedi\u00e7\u00e3o Fotogr\u00e1fica Araguaia 2019<\/span> <span class=\"meta-nav\">&rarr;<\/span><\/a><\/p>","protected":false},"author":1,"featured_media":8248,"comment_status":"open","ping_status":"open","sticky":false,"template":"","format":"standard","meta":{"_jetpack_memberships_contains_paid_content":false,"footnotes":""},"categories":[4],"tags":[43,66,104,107,147,198,203,279,333,356,358,366,445,457,468],"class_list":["post-6771","post","type-post","status-publish","format-standard","has-post-thumbnail","hentry","category-expedicoes","tag-araguaia","tag-aventura","tag-cantao","tag-caseara","tag-ecoturismo","tag-foto","tag-fotografia","tag-lagoa-da-confusao","tag-natureza","tag-parque","tag-parque-estadual-do-cantao","tag-parques","tag-turismo","tag-viagem","tag-workshop"],"jetpack_featured_media_url":"","jetpack_sharing_enabled":true,"_links":{"self":[{"href":"https:\/\/zepaiva.com\/en\/wp-json\/wp\/v2\/posts\/6771","targetHints":{"allow":["GET"]}}],"collection":[{"href":"https:\/\/zepaiva.com\/en\/wp-json\/wp\/v2\/posts"}],"about":[{"href":"https:\/\/zepaiva.com\/en\/wp-json\/wp\/v2\/types\/post"}],"author":[{"embeddable":true,"href":"https:\/\/zepaiva.com\/en\/wp-json\/wp\/v2\/users\/1"}],"replies":[{"embeddable":true,"href":"https:\/\/zepaiva.com\/en\/wp-json\/wp\/v2\/comments?post=6771"}],"version-history":[{"count":1,"href":"https:\/\/zepaiva.com\/en\/wp-json\/wp\/v2\/posts\/6771\/revisions"}],"predecessor-version":[{"id":16362,"href":"https:\/\/zepaiva.com\/en\/wp-json\/wp\/v2\/posts\/6771\/revisions\/16362"}],"wp:featuredmedia":[{"embeddable":true,"href":"https:\/\/zepaiva.com\/en\/wp-json\/"}],"wp:attachment":[{"href":"https:\/\/zepaiva.com\/en\/wp-json\/wp\/v2\/media?parent=6771"}],"wp:term":[{"taxonomy":"category","embeddable":true,"href":"https:\/\/zepaiva.com\/en\/wp-json\/wp\/v2\/categories?post=6771"},{"taxonomy":"post_tag","embeddable":true,"href":"https:\/\/zepaiva.com\/en\/wp-json\/wp\/v2\/tags?post=6771"}],"curies":[{"name":"wp","href":"https:\/\/api.w.org\/{rel}","templated":true}]}}