{"id":9012,"date":"2019-05-08T17:30:25","date_gmt":"2019-05-08T20:30:25","guid":{"rendered":"http:\/\/zepaiva.com\/?p=9012"},"modified":"2019-05-08T17:30:25","modified_gmt":"2019-05-08T20:30:25","slug":"veja-como-foi-a-expedicao-floripa-2019","status":"publish","type":"post","link":"https:\/\/zepaiva.com\/en\/veja-como-foi-a-expedicao-floripa-2019\/","title":{"rendered":"Veja como foi a Expedi\u00e7\u00e3o Floripa 2019"},"content":{"rendered":"<p>Entre os dias 1\u00ba a 4 de maio Z\u00e9 Paiva conduziu a 4\u00aa edi\u00e7\u00e3o da Expedi\u00e7\u00e3o Fotogr\u00e1fica Floripa. Foram 4 dias de fortes emo\u00e7\u00f5es! Muitas fotografias entre trilhas, risadas e a saborosa culin\u00e1ria local!<\/p>\n<p>No primeiro dia, depois de uma roda de conversa onde todos come\u00e7aram a se conhecer, tivemos uma aula onde Z\u00e9 Paiva falou sobre luz, composi\u00e7\u00e3o, planejamento e mostrou um pouco do que far\u00edamos nos pr\u00f3ximos dias.<\/p>\n\n<p>No segundo dia estavam todos de p\u00e9 \u00e0s 5h30 para fotografar a alvorada. O grupo desceu por uma trilha at\u00e9 a ponta norte da Praia Mole, onde h\u00e1 um promont\u00f3rio rochoso. L\u00e1 foram brindados com um crep\u00fasculo repleto de cores. Depois de um refor\u00e7ado desjejum a van levou-os at\u00e9 o centrinho da Lagoa da Concei\u00e7\u00e3o, onde pegaram o barco para a Costa da Lagoa. Este \u00e9 um bairro muito pitoresco, onde s\u00f3 se chega por trilha ou barco.<\/p>\n<p>No ponto 8 a turma desceu para fotografar um engenho de farinha secular, heran\u00e7a do imigrantes a\u00e7orianos misturada com a cultura ind\u00edgena da mandioca. Dali seguiram pela trilha, passando por muitos barcos, c\u00f3rregos, florestas at\u00e9 o casar\u00e3o da Dona Loquinha, de 1790. Um pouco adiante chegaram \u00e0 Praia Seca, onde al\u00e9m de embarca\u00e7\u00f5es de pesca e de passeio viram canoas de um pau s\u00f3 feitas de garapuvu (\u00e1rvore s\u00edmbolo de Floripa). Depois de um almo\u00e7o com frutos do mar fresquinhos os expedicion\u00e1rios voltaram de barco. No final de tarde foram ao Parque do Rio Vermelho, fotografar nos trapiches \u00e0s margens da lagoa.<\/p>\n\n<p>Na sexta-feira depois do caf\u00e9 da manh\u00e3 o grupo foi fazer a trilha da Praia da Galheta, uma praia que est\u00e1 protegida como Monumento Natural Municipal e por isso n\u00e3o tem constru\u00e7\u00f5es. O acesso \u00e9 feito somente por trilha. Caminharam um pouco pela praia e depois pegaram outra trilha que sobe at\u00e9 o Mirante da Boa Vista. A subida \u00e9 \u00edngreme mas vale a pena pois a vista l\u00e1 de cima \u00e9 fant\u00e1stica. Pode-se ver a Praia da Galheta, Mole, Joaquina, Lagoa da Concei\u00e7\u00e3o, Costa, Barra e o Parque do Rio Vermelho. Depois da trilha um peixe fresco com camar\u00e3o e cervejinha na beira do canal foi a pedida para recuperar as energias. Final de tarde foi a vez do bel\u00edssimo Parque Municipal das Dunas da Lagoa da Concei\u00e7\u00e3o. Ap\u00f3s o crep\u00fasculo, uma aula de <em>light painting<\/em>, t\u00e9cnica na qual se ilumina o assunto com uma lanterna.<\/p>\n<p>No quarto e \u00faltimo dia a turma madrugou para contemplar (e fotografar, claro) a aurora na pista de voo livre da Praia Mole, que fica na trilha para a Ponta do Gravat\u00e1. Valeu a pena, pois o astro rei deu novamente um show de luzes e cores. Depois seguiram at\u00e9 a ponta, passando por uma pequena praia e chegando ao cost\u00e3o. O Oceano Atl\u00e2ntico deu um show de for\u00e7a e energia enquanto os expedicion\u00e1rios fotografavam.<\/p>\n<p>No final de 4 dias estavam todos cansados fisicamente mas nutridos pela energia da natureza e pela oportunidade de fotografar tantos lugares incr\u00edveis.<\/p>","protected":false},"excerpt":{"rendered":"<p>Entre os dias 1\u00ba a 4 de maio Z\u00e9 Paiva conduziu a 4\u00aa edi\u00e7\u00e3o da Expedi\u00e7\u00e3o Fotogr\u00e1fica Floripa. Foram 4 dias de fortes emo\u00e7\u00f5es! Muitas fotografias entre trilhas, risadas e a saborosa culin\u00e1ria local! No primeiro dia, depois de uma roda de conversa onde todos come\u00e7aram a se conhecer, tivemos uma aula onde Z\u00e9 Paiva &hellip; <a href=\"https:\/\/zepaiva.com\/en\/veja-como-foi-a-expedicao-floripa-2019\/\" class=\"more-link\">Continue reading <span class=\"screen-reader-text\">Veja como foi a Expedi\u00e7\u00e3o Floripa 2019<\/span> <span class=\"meta-nav\">&rarr;<\/span><\/a><\/p>","protected":false},"author":1,"featured_media":0,"comment_status":"open","ping_status":"open","sticky":false,"template":"","format":"standard","meta":{"_jetpack_memberships_contains_paid_content":false,"footnotes":""},"categories":[4],"tags":[66,147,190,191,198,203,219,228,277,278,321,333,356,413,443,445,457],"class_list":["post-9012","post","type-post","status-publish","format-standard","hentry","category-expedicoes","tag-aventura","tag-ecoturismo","tag-florianopolis","tag-floripa","tag-foto","tag-fotografia","tag-galheta","tag-gravata","tag-lagoa","tag-lagoa-da-conceicao","tag-mirante","tag-natureza","tag-parque","tag-santa-catarina","tag-trilha","tag-turismo","tag-viagem"],"jetpack_featured_media_url":"","jetpack_sharing_enabled":true,"_links":{"self":[{"href":"https:\/\/zepaiva.com\/en\/wp-json\/wp\/v2\/posts\/9012","targetHints":{"allow":["GET"]}}],"collection":[{"href":"https:\/\/zepaiva.com\/en\/wp-json\/wp\/v2\/posts"}],"about":[{"href":"https:\/\/zepaiva.com\/en\/wp-json\/wp\/v2\/types\/post"}],"author":[{"embeddable":true,"href":"https:\/\/zepaiva.com\/en\/wp-json\/wp\/v2\/users\/1"}],"replies":[{"embeddable":true,"href":"https:\/\/zepaiva.com\/en\/wp-json\/wp\/v2\/comments?post=9012"}],"version-history":[{"count":0,"href":"https:\/\/zepaiva.com\/en\/wp-json\/wp\/v2\/posts\/9012\/revisions"}],"wp:attachment":[{"href":"https:\/\/zepaiva.com\/en\/wp-json\/wp\/v2\/media?parent=9012"}],"wp:term":[{"taxonomy":"category","embeddable":true,"href":"https:\/\/zepaiva.com\/en\/wp-json\/wp\/v2\/categories?post=9012"},{"taxonomy":"post_tag","embeddable":true,"href":"https:\/\/zepaiva.com\/en\/wp-json\/wp\/v2\/tags?post=9012"}],"curies":[{"name":"wp","href":"https:\/\/api.w.org\/{rel}","templated":true}]}}