{"id":9199,"date":"2019-06-03T22:15:01","date_gmt":"2019-06-04T01:15:01","guid":{"rendered":"http:\/\/zepaiva.com\/?p=9199"},"modified":"2025-02-26T13:22:06","modified_gmt":"2025-02-26T13:22:06","slug":"o-somsilencio-vai-a-blumenau","status":"publish","type":"post","link":"https:\/\/zepaiva.com\/en\/o-somsilencio-vai-a-blumenau\/","title":{"rendered":"O Somsil\u00eancio vai a Blumenau"},"content":{"rendered":"<p>&#8220;O Somsil\u00eancio da Imagem&#8221;, exposi\u00e7\u00e3o fotogr\u00e1fica de Z\u00e9 Paiva, que foi exibida pela primeira vez na galeria de arte da Assembl\u00e9ia Legislativa de Santa Catarina em novembro de 2018, ter\u00e1 nova temporada. Dessa vez ser\u00e1 no Museu de Arte de Blumenau, que fica no pr\u00e9dio hist\u00f3rico da Funda\u00e7\u00e3o Cultural de Blumenau. A abertura ser\u00e1 especial, pois simultaneamente estar\u00e3o sendo inauguradas diversas exposi\u00e7\u00f5es que acontecer\u00e3o nos diferentes espa\u00e7os do Museu.<\/p>\n<figure id=\"attachment_9209\" aria-describedby=\"caption-attachment-9209\" style=\"width: 736px\" class=\"wp-caption alignnone\"><img fetchpriority=\"high\" decoding=\"async\" class=\"size-large wp-image-9209\" src=\"https:\/\/zepaiva.com\/wp-content\/uploads\/2019\/06\/vista15d00994-1.jpg?w=736\" alt=\"\" width=\"736\" height=\"510\" \/><figcaption id=\"caption-attachment-9209\" class=\"wp-caption-text\">Funda\u00e7\u00e3o Cultural de Blumenau, antigo pr\u00e9dio Sede da Col\u00f4nia de Blumenau (1875), Centro Hist\u00f3rico.<\/figcaption><\/figure>\n<p>Para quem ainda n\u00e3o conheceu, este ensaio \u00e9 composto por fotografias contemplativas feitas em diversos lugares do mundo. A fotografia contemplativa \u00e9 aquela em que o autor fotografa os lugares numa atitude meditativa em que busca sair dos condicionamentos usuais do olhar, desvinculando-se assim das regras e padr\u00f5es usuais.<\/p>\n<p>Na exposi\u00e7\u00e3o as imagens foram costuradas com haikais de Matsuo Bash\u00f4, poeta japon\u00eas do s\u00e9culo XVII, considerado um dos maiores escritores daquele pa\u00eds. Os haikais s\u00e3o poemas curtos de 3 linhas, nos quais a primeira tem 5 s\u00edlabas, a segunda 7 e a terceira 5 novamente.<\/p>\n<p>Veja abaixo algumas das imagens que ser\u00e3o exibidas. As fotografias estar\u00e3o a venda. Para adquiri-las entre em contato.<\/p>\n\n<p>ONDE:<\/p>\n<p>Sala Roy Kellermann &#8211; Museu de Arte de Blumenau &#8211; Funda\u00e7\u00e3o Cultural de Blumenau, Rua XV de Novembro, 161 &#8211; Centro, Blumenau &#8211; SC<\/p>\n<p>QUANDO:<\/p>\n<p>Conversa com os artistas: 4 de julho \u00e0s 19 horas.<\/p>\n<p>Abertura das exposi\u00e7\u00f5es: 4 de julho \u00e0s 20 horas.<\/p>\n<p>Visita\u00e7\u00e3o: De 5 de Julho a 25 de Agosto de 2019 &#8211; de ter\u00e7a-feira a domingo, das 10 \u00e0s 16 horas.<\/p>\n<p>CONTATO:<\/p>\n<p>Visitas mediadas podem ser marcadas pelo telefone (47) 3381 6176.<\/p>\n<p>Classifica\u00e7\u00e3o indicativa de idade: Livre.<\/p>\n<p>Entrada franca.<\/p>","protected":false},"excerpt":{"rendered":"<p>&#8220;O Somsil\u00eancio da Imagem&#8221;, exposi\u00e7\u00e3o fotogr\u00e1fica de Z\u00e9 Paiva, que foi exibida pela primeira vez na galeria de arte da Assembl\u00e9ia Legislativa de Santa Catarina em novembro de 2018, ter\u00e1 nova temporada. Dessa vez ser\u00e1 no Museu de Arte de Blumenau, que fica no pr\u00e9dio hist\u00f3rico da Funda\u00e7\u00e3o Cultural de Blumenau. A abertura ser\u00e1 especial, &hellip; <a href=\"https:\/\/zepaiva.com\/en\/o-somsilencio-vai-a-blumenau\/\" class=\"more-link\">Continue reading <span class=\"screen-reader-text\">O Somsil\u00eancio vai a Blumenau<\/span> <span class=\"meta-nav\">&rarr;<\/span><\/a><\/p>","protected":false},"author":1,"featured_media":16796,"comment_status":"open","ping_status":"open","sticky":false,"template":"","format":"standard","meta":{"_jetpack_memberships_contains_paid_content":false,"footnotes":""},"categories":[5],"tags":[79,125,168,198,203,214,327,413],"class_list":["post-9199","post","type-post","status-publish","format-standard","has-post-thumbnail","hentry","category-exposicoes","tag-blumenau","tag-contemplativa","tag-exposicao","tag-foto","tag-fotografia","tag-fundacao-cultural-de-blumenau","tag-museu-de-arte-de-blumenau","tag-santa-catarina"],"jetpack_featured_media_url":"https:\/\/zepaiva.com\/wp-content\/uploads\/2019\/06\/vista15d00994-1.webp","jetpack_sharing_enabled":true,"_links":{"self":[{"href":"https:\/\/zepaiva.com\/en\/wp-json\/wp\/v2\/posts\/9199","targetHints":{"allow":["GET"]}}],"collection":[{"href":"https:\/\/zepaiva.com\/en\/wp-json\/wp\/v2\/posts"}],"about":[{"href":"https:\/\/zepaiva.com\/en\/wp-json\/wp\/v2\/types\/post"}],"author":[{"embeddable":true,"href":"https:\/\/zepaiva.com\/en\/wp-json\/wp\/v2\/users\/1"}],"replies":[{"embeddable":true,"href":"https:\/\/zepaiva.com\/en\/wp-json\/wp\/v2\/comments?post=9199"}],"version-history":[{"count":1,"href":"https:\/\/zepaiva.com\/en\/wp-json\/wp\/v2\/posts\/9199\/revisions"}],"predecessor-version":[{"id":16794,"href":"https:\/\/zepaiva.com\/en\/wp-json\/wp\/v2\/posts\/9199\/revisions\/16794"}],"wp:featuredmedia":[{"embeddable":true,"href":"https:\/\/zepaiva.com\/en\/wp-json\/wp\/v2\/media\/16796"}],"wp:attachment":[{"href":"https:\/\/zepaiva.com\/en\/wp-json\/wp\/v2\/media?parent=9199"}],"wp:term":[{"taxonomy":"category","embeddable":true,"href":"https:\/\/zepaiva.com\/en\/wp-json\/wp\/v2\/categories?post=9199"},{"taxonomy":"post_tag","embeddable":true,"href":"https:\/\/zepaiva.com\/en\/wp-json\/wp\/v2\/tags?post=9199"}],"curies":[{"name":"wp","href":"https:\/\/api.w.org\/{rel}","templated":true}]}}