{"id":9264,"date":"2019-08-06T11:31:39","date_gmt":"2019-08-06T14:31:39","guid":{"rendered":"http:\/\/zepaiva.com\/?p=9264"},"modified":"2025-02-20T17:14:04","modified_gmt":"2025-02-20T17:14:04","slug":"expedicao-fotografica-araguaia-no-coracao-do-brasil","status":"publish","type":"post","link":"https:\/\/zepaiva.com\/en\/expedicao-fotografica-araguaia-no-coracao-do-brasil\/","title":{"rendered":"Expedi\u00e7\u00e3o Fotogr\u00e1fica Araguaia &#8211; no cora\u00e7\u00e3o do Brasil"},"content":{"rendered":"<p>Veja aqui o olhar de Z\u00e9 Paiva na primeira Expedi\u00e7\u00e3o Fotogr\u00e1fica Araguaia, que aconteceu de 19 a 23 de junho de 2019.<\/p>\n\n<p>A maior parte do Tocantins \u00e9 bioma Cerrado, assim como no destino mais conhecido deste estado, o Parque Estadual do Jalap\u00e3o (<a href=\"http:\/\/zepaiva.com\/en\/jalapao-2018-veja-as-fotos-e-depoimentos-de-quem-foi\/\" target=\"_blank\" rel=\"noopener\">veja aqui como foi a Expedi\u00e7\u00e3o Jalap\u00e3o 2018<\/a>). A regi\u00e3o oeste do Tocantins, por\u00e9m, \u00e9 uma transi\u00e7\u00e3o entre os biomas Cerrado, Amaz\u00f4nia e Pantanal. Isso torna esse lugar muito rico e interessante. No Parque Estadual do Cant\u00e3o, por exemplo, em uma mesma trilha de poucas horas pode-se ver dois biomas diferentes.<\/p>\n\n<p>Al\u00e9m da natureza, ainda temos os ribeirinhos, o povo que vive em contato \u00edntimo com a teia de rios e lagos da regi\u00e3o. Al\u00e9m de render \u00f3timos retratos \u00e9 muito interessante ver-se outra est\u00e9tica e assim contemplar a enorme diversidade cultural que temos no Brasil.<\/p>","protected":false},"excerpt":{"rendered":"<p>Veja aqui o olhar de Z\u00e9 Paiva na primeira Expedi\u00e7\u00e3o Fotogr\u00e1fica Araguaia, que aconteceu de 19 a 23 de junho de 2019. A maior parte do Tocantins \u00e9 bioma Cerrado, assim como no destino mais conhecido deste estado, o Parque Estadual do Jalap\u00e3o (veja aqui como foi a Expedi\u00e7\u00e3o Jalap\u00e3o 2018). A regi\u00e3o oeste do &hellip; <a href=\"https:\/\/zepaiva.com\/en\/expedicao-fotografica-araguaia-no-coracao-do-brasil\/\" class=\"more-link\">Continue reading <span class=\"screen-reader-text\">Expedi\u00e7\u00e3o Fotogr\u00e1fica Araguaia &#8211; no cora\u00e7\u00e3o do Brasil<\/span> <span class=\"meta-nav\">&rarr;<\/span><\/a><\/p>","protected":false},"author":1,"featured_media":9275,"comment_status":"open","ping_status":"open","sticky":false,"template":"","format":"standard","meta":{"_jetpack_memberships_contains_paid_content":false,"footnotes":""},"categories":[4],"tags":[43,66,104,147,198,203,333,356,358,366,441,445,457],"class_list":["post-9264","post","type-post","status-publish","format-standard","has-post-thumbnail","hentry","category-expedicoes","tag-araguaia","tag-aventura","tag-cantao","tag-ecoturismo","tag-foto","tag-fotografia","tag-natureza","tag-parque","tag-parque-estadual-do-cantao","tag-parques","tag-tocantins","tag-turismo","tag-viagem"],"jetpack_featured_media_url":"","jetpack_sharing_enabled":true,"_links":{"self":[{"href":"https:\/\/zepaiva.com\/en\/wp-json\/wp\/v2\/posts\/9264","targetHints":{"allow":["GET"]}}],"collection":[{"href":"https:\/\/zepaiva.com\/en\/wp-json\/wp\/v2\/posts"}],"about":[{"href":"https:\/\/zepaiva.com\/en\/wp-json\/wp\/v2\/types\/post"}],"author":[{"embeddable":true,"href":"https:\/\/zepaiva.com\/en\/wp-json\/wp\/v2\/users\/1"}],"replies":[{"embeddable":true,"href":"https:\/\/zepaiva.com\/en\/wp-json\/wp\/v2\/comments?post=9264"}],"version-history":[{"count":1,"href":"https:\/\/zepaiva.com\/en\/wp-json\/wp\/v2\/posts\/9264\/revisions"}],"predecessor-version":[{"id":16359,"href":"https:\/\/zepaiva.com\/en\/wp-json\/wp\/v2\/posts\/9264\/revisions\/16359"}],"wp:featuredmedia":[{"embeddable":true,"href":"https:\/\/zepaiva.com\/en\/wp-json\/"}],"wp:attachment":[{"href":"https:\/\/zepaiva.com\/en\/wp-json\/wp\/v2\/media?parent=9264"}],"wp:term":[{"taxonomy":"category","embeddable":true,"href":"https:\/\/zepaiva.com\/en\/wp-json\/wp\/v2\/categories?post=9264"},{"taxonomy":"post_tag","embeddable":true,"href":"https:\/\/zepaiva.com\/en\/wp-json\/wp\/v2\/tags?post=9264"}],"curies":[{"name":"wp","href":"https:\/\/api.w.org\/{rel}","templated":true}]}}