{"id":9283,"date":"2019-08-06T16:14:16","date_gmt":"2019-08-06T19:14:16","guid":{"rendered":"http:\/\/zepaiva.com\/?p=9283"},"modified":"2025-02-20T17:13:58","modified_gmt":"2025-02-20T17:13:58","slug":"vernissage-do-somsilencio-em-blumenau","status":"publish","type":"post","link":"https:\/\/zepaiva.com\/en\/vernissage-do-somsilencio-em-blumenau\/","title":{"rendered":"Vernissage do Somsil\u00eancio em Blumenau"},"content":{"rendered":"<p>Mesmo com o intenso frio da noite de 4 de julho o p\u00fablico compareceu em peso \u00e0 abertura da 3\u00aa temporada de exposi\u00e7\u00f5es do MAB &#8211; Museu de Arte de Blumenau. Sete exposi\u00e7\u00f5es abriram simultaneamente em v\u00e1rios espa\u00e7os do MAB. Al\u00e9m disso houve lan\u00e7amentos de livros, recital de poesias e apresenta\u00e7\u00e3o da Banda Municipal de Blumenau. Veja abaixo algumas imagens da noite de abertura (fotos de S\u00e9rgio Antonello &#8211; assessor de comunica\u00e7\u00e3o do MAB).<\/p>\n\n<p>A exposi\u00e7\u00e3o &#8220;O Somsil\u00eancio da Imagem&#8221;, de Z\u00e9 Paiva, estreou ano passado na galeria de arte da Assembleia Legislativa de Santa Catarina. Selecionada para a 3\u00aa temporada de exposi\u00e7\u00f5es do MAB, foi montada agora na Sala Roy Kellermann, onde ficar\u00e1 em exibi\u00e7\u00e3o at\u00e9 25 de agosto.<\/p>\n<p>As fotografias foram impressas em canvas da Canson com pigmentos minerais seguindo padr\u00f5es museol\u00f3gicos de conserva\u00e7\u00e3o.<\/p>\n<p>As obras encontram-se a venda. <a href=\"http:\/\/zepaiva.com\/en\/contato\/\" target=\"_blank\" rel=\"noopener\">Mais informa\u00e7\u00f5es entre em contato clicando aqui.<\/a><\/p>\n<p><a href=\"http:\/\/zepaiva.com\/en\/somsilencio-da-assembleia\/\" target=\"_blank\" rel=\"noopener\">Ou clique aqui para saber mais sobre o Somsil\u00eancio da Imagem.<\/a><\/p>\n\n<p><b>SERVI\u00c7O<\/b><\/p>\n<p>3\u00aa Temporada de Exposi\u00e7\u00f5es do MAB<br \/>\nVisitas at\u00e9 25 de agosto, de ter\u00e7a-feira a domingo, das 10h \u00e0s 16h<br \/>\nEntrada gratuita<\/p>\n<p><strong>Exposi\u00e7\u00f5es<\/strong><\/p>\n<p>\u201cReminisc\u00eancias\u201d, de Jairo Valdati<br \/>\n\u201cO Somsilencio da imagem\u201d, de Z\u00e9 Paiva<br \/>\n\u201cEntre Cores e Linhas\u201d, de Miriam Puerta<br \/>\n\u201cRaiz, veia, afluente\u201d, de Jussara Marangoni<br \/>\n\u201cPartes\u201d, de Ricardo Kugler<br \/>\n\u201cNaturezas poss\u00edveis&#8230; poss\u00edveis naturezas\u201d, da Bluap<br \/>\n\u201cBauhaus 1919 \u2013 Catarinas 2019\u201d, das Catarinas<\/p>","protected":false},"excerpt":{"rendered":"<p>Mesmo com o intenso frio da noite de 4 de julho o p\u00fablico compareceu em peso \u00e0 abertura da 3\u00aa temporada de exposi\u00e7\u00f5es do MAB &#8211; Museu de Arte de Blumenau. Sete exposi\u00e7\u00f5es abriram simultaneamente em v\u00e1rios espa\u00e7os do MAB. Al\u00e9m disso houve lan\u00e7amentos de livros, recital de poesias e apresenta\u00e7\u00e3o da Banda Municipal de &hellip; <a href=\"https:\/\/zepaiva.com\/en\/vernissage-do-somsilencio-em-blumenau\/\" class=\"more-link\">Continue reading <span class=\"screen-reader-text\">Vernissage do Somsil\u00eancio em Blumenau<\/span> <span class=\"meta-nav\">&rarr;<\/span><\/a><\/p>","protected":false},"author":1,"featured_media":0,"comment_status":"open","ping_status":"open","sticky":false,"template":"","format":"standard","meta":{"_jetpack_memberships_contains_paid_content":false,"footnotes":""},"categories":[5],"tags":[79,168,198,203,208,284,326,327,413],"class_list":["post-9283","post","type-post","status-publish","format-standard","hentry","category-exposicoes","tag-blumenau","tag-exposicao","tag-foto","tag-fotografia","tag-fotografia-fine-art","tag-lancamento","tag-museu","tag-museu-de-arte-de-blumenau","tag-santa-catarina"],"jetpack_featured_media_url":"","jetpack_sharing_enabled":true,"_links":{"self":[{"href":"https:\/\/zepaiva.com\/en\/wp-json\/wp\/v2\/posts\/9283","targetHints":{"allow":["GET"]}}],"collection":[{"href":"https:\/\/zepaiva.com\/en\/wp-json\/wp\/v2\/posts"}],"about":[{"href":"https:\/\/zepaiva.com\/en\/wp-json\/wp\/v2\/types\/post"}],"author":[{"embeddable":true,"href":"https:\/\/zepaiva.com\/en\/wp-json\/wp\/v2\/users\/1"}],"replies":[{"embeddable":true,"href":"https:\/\/zepaiva.com\/en\/wp-json\/wp\/v2\/comments?post=9283"}],"version-history":[{"count":1,"href":"https:\/\/zepaiva.com\/en\/wp-json\/wp\/v2\/posts\/9283\/revisions"}],"predecessor-version":[{"id":16358,"href":"https:\/\/zepaiva.com\/en\/wp-json\/wp\/v2\/posts\/9283\/revisions\/16358"}],"wp:attachment":[{"href":"https:\/\/zepaiva.com\/en\/wp-json\/wp\/v2\/media?parent=9283"}],"wp:term":[{"taxonomy":"category","embeddable":true,"href":"https:\/\/zepaiva.com\/en\/wp-json\/wp\/v2\/categories?post=9283"},{"taxonomy":"post_tag","embeddable":true,"href":"https:\/\/zepaiva.com\/en\/wp-json\/wp\/v2\/tags?post=9283"}],"curies":[{"name":"wp","href":"https:\/\/api.w.org\/{rel}","templated":true}]}}