{"id":9336,"date":"2019-09-04T17:32:54","date_gmt":"2019-09-04T20:32:54","guid":{"rendered":"http:\/\/zepaiva.com\/?p=9336"},"modified":"2019-09-04T17:32:54","modified_gmt":"2019-09-04T20:32:54","slug":"exposicao-do-pantanal-no-sesc-bc","status":"publish","type":"post","link":"https:\/\/zepaiva.com\/en\/exposicao-do-pantanal-no-sesc-bc\/","title":{"rendered":"Exposi\u00e7\u00e3o do Pantanal no SESC BC"},"content":{"rendered":"<p>Do dia 3 at\u00e9 17 de setembro estar\u00e3o em exposi\u00e7\u00e3o no SESC de Balne\u00e1rio Cambori\u00fa, em Santa Catarina, algumas das melhores fotos feitas na Expedi\u00e7\u00e3o Fotogr\u00e1fica Pantanal, que aconteceu no final de fevereiro e foi liderada pelo fot\u00f3grafo Z\u00e9 Paiva. O grupo de 16 pessoas ficou no <a href=\"https:\/\/www.sescpantanal.com.br\/hotel.aspx?s=8#!p1_0\" target=\"_blank\" rel=\"noopener noreferrer\">Hotel SESC Porto Cercado<\/a>, \u00e0s margens do Rio Cuiab\u00e1, e a partir de l\u00e1 fez v\u00e1rios passeios pelo Pantanal de Pocon\u00e9, Mato Grosso. Depois de Balne\u00e1rio a exposi\u00e7\u00e3o vai circular por outras cidades catarinenses. Confira abaixo as datas. Se quiser saber mais detalhes <a href=\"https:\/\/www.sesc-sc.com.br\/site\/lazer\/exposicao-expedicao-fotografica-pantanal-estara-no-sesc-balneario-camboriu\" target=\"_blank\" rel=\"noopener\">clique aqui para acessar o site do SESC SC.\u00a0<\/a><\/p>\n<div id='gallery-1' class='gallery galleryid-9336 gallery-columns-3 gallery-size-thumbnail'><figure class='gallery-item'>\n\t\t\t<div class='gallery-icon landscape'>\n\t\t\t\t<a href='https:\/\/zepaiva.com\/en\/pocone-mato-grosso-foto-de-ze-paiva-vista-imagens-19\/'><img decoding=\"async\" width=\"150\" height=\"150\" src=\"https:\/\/zepaiva.com\/wp-content\/uploads\/2019\/09\/vista15d01688-1-150x150.jpg\" class=\"attachment-thumbnail size-thumbnail\" alt=\"\" aria-describedby=\"gallery-1-9344\" srcset=\"https:\/\/zepaiva.com\/wp-content\/uploads\/2019\/09\/vista15d01688-1-150x150.jpg 150w, https:\/\/zepaiva.com\/wp-content\/uploads\/2019\/09\/vista15d01688-1-100x100.jpg 100w\" sizes=\"(max-width: 150px) 100vw, 150px\" \/><\/a>\n\t\t\t<\/div>\n\t\t\t\t<figcaption class='wp-caption-text gallery-caption' id='gallery-1-9344'>\n\t\t\t\tPocon\u00e9, Mato Grosso &#8211; foto de Ze Paiva &#8211; Vista Imagens\n\t\t\t\t<\/figcaption><\/figure><figure class='gallery-item'>\n\t\t\t<div class='gallery-icon portrait'>\n\t\t\t\t<a href='https:\/\/zepaiva.com\/en\/whatsapp-image-2019-09-02-at-18-59-16-2\/'><img decoding=\"async\" width=\"150\" height=\"150\" src=\"https:\/\/zepaiva.com\/wp-content\/uploads\/2019\/09\/whatsapp-image-2019-09-02-at-18.59.16-2-1-150x150.jpeg\" class=\"attachment-thumbnail size-thumbnail\" alt=\"\" srcset=\"https:\/\/zepaiva.com\/wp-content\/uploads\/2019\/09\/whatsapp-image-2019-09-02-at-18.59.16-2-1-150x150.jpeg 150w, https:\/\/zepaiva.com\/wp-content\/uploads\/2019\/09\/whatsapp-image-2019-09-02-at-18.59.16-2-1-100x100.jpeg 100w\" sizes=\"(max-width: 150px) 100vw, 150px\" \/><\/a>\n\t\t\t<\/div><\/figure><figure class='gallery-item'>\n\t\t\t<div class='gallery-icon portrait'>\n\t\t\t\t<a href='https:\/\/zepaiva.com\/en\/whatsapp-image-2019-09-02-at-18-59-16-1\/'><img decoding=\"async\" width=\"150\" height=\"150\" src=\"https:\/\/zepaiva.com\/wp-content\/uploads\/2019\/09\/whatsapp-image-2019-09-02-at-18.59.16-1-1-150x150.jpeg\" class=\"attachment-thumbnail size-thumbnail\" alt=\"\" srcset=\"https:\/\/zepaiva.com\/wp-content\/uploads\/2019\/09\/whatsapp-image-2019-09-02-at-18.59.16-1-1-150x150.jpeg 150w, https:\/\/zepaiva.com\/wp-content\/uploads\/2019\/09\/whatsapp-image-2019-09-02-at-18.59.16-1-1-100x100.jpeg 100w\" sizes=\"(max-width: 150px) 100vw, 150px\" \/><\/a>\n\t\t\t<\/div><\/figure><figure class='gallery-item'>\n\t\t\t<div class='gallery-icon portrait'>\n\t\t\t\t<a href='https:\/\/zepaiva.com\/en\/whatsapp-image-2019-09-02-at-18-59-16\/'><img loading=\"lazy\" decoding=\"async\" width=\"150\" height=\"150\" src=\"https:\/\/zepaiva.com\/wp-content\/uploads\/2019\/09\/whatsapp-image-2019-09-02-at-18.59.16-3-150x150.jpeg\" class=\"attachment-thumbnail size-thumbnail\" alt=\"\" srcset=\"https:\/\/zepaiva.com\/wp-content\/uploads\/2019\/09\/whatsapp-image-2019-09-02-at-18.59.16-3-150x150.jpeg 150w, https:\/\/zepaiva.com\/wp-content\/uploads\/2019\/09\/whatsapp-image-2019-09-02-at-18.59.16-3-100x100.jpeg 100w\" sizes=\"(max-width: 150px) 100vw, 150px\" \/><\/a>\n\t\t\t<\/div><\/figure>\n\t\t<\/div>\n\n<p>SERVI\u00c7O:<\/p>\n<p>SESC Balne\u00e1rio Cambori\u00fa: 03 a 17\/09<br \/>\nSESC Itaja\u00ed: 30\/09 a 10\/10<br \/>\nHotel SESC Blumenau: 16 a 28\/10<br \/>\nSESC Joinville: 4 a 15\/11<br \/>\nSESC Jaragu\u00e1 do Sul: 19 a 30\/11<br \/>\nSESC Prainha (Florian\u00f3polis): 04 a 15\/12<br \/>\nSESC Cacup\u00e9 (Florian\u00f3polis): 16\/12 a 03\/01<\/p>","protected":false},"excerpt":{"rendered":"<p>Do dia 3 at\u00e9 17 de setembro estar\u00e3o em exposi\u00e7\u00e3o no SESC de Balne\u00e1rio Cambori\u00fa, em Santa Catarina, algumas das melhores fotos feitas na Expedi\u00e7\u00e3o Fotogr\u00e1fica Pantanal, que aconteceu no final de fevereiro e foi liderada pelo fot\u00f3grafo Z\u00e9 Paiva. O grupo de 16 pessoas ficou no Hotel SESC Porto Cercado, \u00e0s margens do Rio &hellip; <a href=\"https:\/\/zepaiva.com\/en\/exposicao-do-pantanal-no-sesc-bc\/\" class=\"more-link\">Continue reading <span class=\"screen-reader-text\">Exposi\u00e7\u00e3o do Pantanal no SESC BC<\/span> <span class=\"meta-nav\">&rarr;<\/span><\/a><\/p>","protected":false},"author":1,"featured_media":9344,"comment_status":"open","ping_status":"open","sticky":false,"template":"","format":"standard","meta":{"_jetpack_memberships_contains_paid_content":false,"footnotes":""},"categories":[5],"tags":[167,168,198,203,236,313,333,353,381,428,445,457],"class_list":["post-9336","post","type-post","status-publish","format-standard","has-post-thumbnail","hentry","category-exposicoes","tag-expedicoes","tag-exposicao","tag-foto","tag-fotografia","tag-hotel-porto-cercado","tag-mato-grosso","tag-natureza","tag-pantanal","tag-pocone","tag-sesc","tag-turismo","tag-viagem"],"jetpack_featured_media_url":"https:\/\/zepaiva.com\/wp-content\/uploads\/2019\/09\/vista15d01688-1.jpg","jetpack_sharing_enabled":true,"_links":{"self":[{"href":"https:\/\/zepaiva.com\/en\/wp-json\/wp\/v2\/posts\/9336","targetHints":{"allow":["GET"]}}],"collection":[{"href":"https:\/\/zepaiva.com\/en\/wp-json\/wp\/v2\/posts"}],"about":[{"href":"https:\/\/zepaiva.com\/en\/wp-json\/wp\/v2\/types\/post"}],"author":[{"embeddable":true,"href":"https:\/\/zepaiva.com\/en\/wp-json\/wp\/v2\/users\/1"}],"replies":[{"embeddable":true,"href":"https:\/\/zepaiva.com\/en\/wp-json\/wp\/v2\/comments?post=9336"}],"version-history":[{"count":0,"href":"https:\/\/zepaiva.com\/en\/wp-json\/wp\/v2\/posts\/9336\/revisions"}],"wp:featuredmedia":[{"embeddable":true,"href":"https:\/\/zepaiva.com\/en\/wp-json\/wp\/v2\/media\/9344"}],"wp:attachment":[{"href":"https:\/\/zepaiva.com\/en\/wp-json\/wp\/v2\/media?parent=9336"}],"wp:term":[{"taxonomy":"category","embeddable":true,"href":"https:\/\/zepaiva.com\/en\/wp-json\/wp\/v2\/categories?post=9336"},{"taxonomy":"post_tag","embeddable":true,"href":"https:\/\/zepaiva.com\/en\/wp-json\/wp\/v2\/tags?post=9336"}],"curies":[{"name":"wp","href":"https:\/\/api.w.org\/{rel}","templated":true}]}}