{"id":9417,"date":"2019-10-01T19:47:16","date_gmt":"2019-10-01T22:47:16","guid":{"rendered":"http:\/\/zepaiva.com\/?p=9417"},"modified":"2019-10-01T19:47:16","modified_gmt":"2019-10-01T22:47:16","slug":"wei-wei-andujar-e-darwin","status":"publish","type":"post","link":"https:\/\/zepaiva.com\/en\/wei-wei-andujar-e-darwin\/","title":{"rendered":"Wei Wei, Andujar e Darwin"},"content":{"rendered":"<p>Ai Weiwei, Claudia Andujar e Charles Darwin; o que esses\u00a0 tr\u00eas tem h\u00e1 ver? Neste momento no Rio de Janeiro tem tr\u00eas exposi\u00e7\u00f5es incr\u00edveis sobre eles.<\/p>\n<p>Weiwei \u00e9 um artista chin\u00eas contempor\u00e2neo, considerado um dos mais importantes da atualidade. Seu trabalho est\u00e1 exposto no Pa\u00e7o Imperial e no <a href=\"http:\/\/culturabancodobrasil.com.br\/portal\/ai-wei-wei-raiz\/\" target=\"_blank\" rel=\"noopener\">CCBB Centro Cultural Banco <\/a>do Brasil. Ele mescla instala\u00e7\u00f5es com textos, v\u00eddeos e objetos. Considero um artista engajado, pois apesar de ele dizer que: os artistas n\u00e3o precisam se tornar mais pol\u00edticos; os artistas precisam se tornar mais humanos; sua obra fala de refugiados, de preconceito e outros temas atuais. Vejam aqui outras frases e algumas imagens do seu trabalho:<\/p>\n<p>&#8220;A arte n\u00e3o \u00e9 um fim mas um come\u00e7o.&#8221;<\/p>\n<p>&#8220;Os seres humanos n\u00e3o dominam o universo. S\u00e3o passageiros tempor\u00e1rios.&#8221;<\/p>\n<p>&#8220;O mundo \u00e9 uma esfera. N\u00e3o h\u00e1 Oriente nem Ocidente.&#8221;<\/p>\n<p>&#8220;Um refugiado pode ser qualquer um. Pode ser voc\u00ea ou eu. A chamada crise de refugiados \u00e9 uma crise humana.&#8221;<\/p>\n<p>&#8220;A criatividade faz parte da natureza humana. S\u00f3 pode ser desaprendida.&#8221;<\/p>\n<div id='gallery-1' class='gallery galleryid-9417 gallery-columns-3 gallery-size-thumbnail'><figure class='gallery-item'>\n\t\t\t<div class='gallery-icon landscape'>\n\t\t\t\t<a href='https:\/\/zepaiva.com\/en\/img_9239\/'><img decoding=\"async\" width=\"150\" height=\"150\" src=\"https:\/\/zepaiva.com\/wp-content\/uploads\/2019\/10\/img_9239-1-150x150.jpg\" class=\"attachment-thumbnail size-thumbnail\" alt=\"\" aria-describedby=\"gallery-1-9421\" srcset=\"https:\/\/zepaiva.com\/wp-content\/uploads\/2019\/10\/img_9239-1-150x150.jpg 150w, https:\/\/zepaiva.com\/wp-content\/uploads\/2019\/10\/img_9239-1-100x100.jpg 100w\" sizes=\"(max-width: 150px) 100vw, 150px\" \/><\/a>\n\t\t\t<\/div>\n\t\t\t\t<figcaption class='wp-caption-text gallery-caption' id='gallery-1-9421'>\n\t\t\t\tA l\u00edngua nunca \u00e9 neutra.\n\t\t\t\t<\/figcaption><\/figure>\n\t\t<\/div>\n\n<p>Claudia Andujar \u00e9 uma fot\u00f3grafa nascida na Su\u00ed\u00e7a em 1931 que mora no Brasil desde 1955. A <a href=\"https:\/\/ims.com.br\/exposicao\/claudia-andujar-a-luta-yanomami-ims-rio\/\" target=\"_blank\" rel=\"noopener\">exposi\u00e7\u00e3o &#8220;A Luta Yanomami&#8221;<\/a> reune cerca de 200 fotografias de um acervo de mais de 40 mil feitas em mais de 30 anos de trabalho dedicados a esta etnia ind\u00edgena da Amaz\u00f4nia. A exposi\u00e7\u00e3o mostra tamb\u00e9m uma nova vers\u00e3o da instala\u00e7\u00e3o <em>Genoc\u00eddio dos Yanomami: morte do Brasil<\/em>\u00a0(1989\/ 2018), manifesto audiovisual que apresenta uma retrospectiva do trabalho de Andujar, incluindo fotos tiradas entre 1972 e 1984. A mostra tamb\u00e9m exibe uma linha do tempo da carreira de Andujar que revela sua faceta ativista.<\/p>\n\n<p>Para finalizar fui visitar a exposi\u00e7\u00e3o <a href=\"http:\/\/jbrj.gov.br\/node\/1136\" target=\"_blank\" rel=\"noopener\">&#8220;Darwin, origens &amp; evolu\u00e7\u00e3o&#8221; <\/a>no Museu do Meio Ambiente, que fica no Jardim Bot\u00e2nico. A mostra tem uma proposta bem interativa, super bacana! Al\u00e9m de mostrar algumas descobertas do Darwin mostra tamb\u00e9m v\u00e1rios cientistas que colaboraram ou que foram influenciados por ele, como por exemplo Fritz M\u00fcller, o alem\u00e3o que viveu em Blumenau, Santa Catarina, apelidado por Darwin de &#8220;Pr\u00edncipe dos Observadores.&#8221;<\/p>\n\n<p><strong>SERVI\u00c7O:<\/strong><\/p>\n<p><strong>AI WEIWEI \u2013 RAIZ &#8211; 21\/08 \u00e0 04\/11<\/strong><\/p>\n<p>Local: Centro Cultural Banco do Brasil Rio de Janeiro<\/p>\n<p>Rua Primeiro de Mar\u00e7o, 66 &#8211; Centro &#8211; Rio de Janeiro\/RJ<br \/>\n(21) 3808-2020<br \/>\nFuncionamento: de quarta a segunda, das 9h \u00e0s 21 horas<\/p>\n<p>ENTRADA FRANCA<\/p>\n<p><strong>A LUTA YANOMAMI &#8211; CLAUDIA ANDUJAR &#8211; 20\/07 \u00e0 10\/11<\/strong><\/p>\n<p>Local: <a href=\"https:\/\/ims.com.br\/unidade\/rio-de-janeiro\/\">IMS Rio<\/a><br \/>\nRua Marqu\u00eas de S\u00e3o Vicente, 476<br \/>\nG\u00e1vea &#8211; Rio de Janeiro\/RJ<\/p>\n<p>Funcionamento: Ter\u00e7as a domingos e feriados (exceto segundas), das 11h \u00e0s 20h.<\/p>\n<p>ENTRADA FRANCA<\/p>\n<p><strong>DARWIN: ORIGENS &amp; EVOLU\u00c7\u00c3O &#8211; 30\/08 \u00e0 30\/10<\/strong><br \/>\nOnde:Museu do Meio Ambiente \u2013 Rua Jardim Bot\u00e2nico, 1008 &#8211; Rio de Janeiro\/RJ<br \/>\nFuncionamento: De ter\u00e7a a domingo das 10h \u00e0s 18h (entrada at\u00e9 as 17h)<br \/>\nENTRADA FRANCA<br \/>\nLivre para todos os p\u00fablicos.<\/p>","protected":false},"excerpt":{"rendered":"<p>Ai Weiwei, Claudia Andujar e Charles Darwin; o que esses\u00a0 tr\u00eas tem h\u00e1 ver? Neste momento no Rio de Janeiro tem tr\u00eas exposi\u00e7\u00f5es incr\u00edveis sobre eles. Weiwei \u00e9 um artista chin\u00eas contempor\u00e2neo, considerado um dos mais importantes da atualidade. Seu trabalho est\u00e1 exposto no Pa\u00e7o Imperial e no CCBB Centro Cultural Banco do Brasil. Ele &hellip; <a href=\"https:\/\/zepaiva.com\/en\/wei-wei-andujar-e-darwin\/\" class=\"more-link\">Continue reading <span class=\"screen-reader-text\">Wei Wei, Andujar e Darwin<\/span> <span class=\"meta-nav\">&rarr;<\/span><\/a><\/p>","protected":false},"author":1,"featured_media":9435,"comment_status":"open","ping_status":"open","sticky":false,"template":"","format":"standard","meta":{"_jetpack_memberships_contains_paid_content":false,"footnotes":""},"categories":[5],"tags":[26,35,111,168,203,250,264,333,405],"class_list":["post-9417","post","type-post","status-publish","format-standard","has-post-thumbnail","hentry","category-exposicoes","tag-ai-weiwei","tag-andujar","tag-ccbb","tag-exposicao","tag-fotografia","tag-ims","tag-jardim-botanico","tag-natureza","tag-rio-de-janeiro"],"jetpack_featured_media_url":"","jetpack_sharing_enabled":true,"_links":{"self":[{"href":"https:\/\/zepaiva.com\/en\/wp-json\/wp\/v2\/posts\/9417","targetHints":{"allow":["GET"]}}],"collection":[{"href":"https:\/\/zepaiva.com\/en\/wp-json\/wp\/v2\/posts"}],"about":[{"href":"https:\/\/zepaiva.com\/en\/wp-json\/wp\/v2\/types\/post"}],"author":[{"embeddable":true,"href":"https:\/\/zepaiva.com\/en\/wp-json\/wp\/v2\/users\/1"}],"replies":[{"embeddable":true,"href":"https:\/\/zepaiva.com\/en\/wp-json\/wp\/v2\/comments?post=9417"}],"version-history":[{"count":0,"href":"https:\/\/zepaiva.com\/en\/wp-json\/wp\/v2\/posts\/9417\/revisions"}],"wp:featuredmedia":[{"embeddable":true,"href":"https:\/\/zepaiva.com\/en\/wp-json\/"}],"wp:attachment":[{"href":"https:\/\/zepaiva.com\/en\/wp-json\/wp\/v2\/media?parent=9417"}],"wp:term":[{"taxonomy":"category","embeddable":true,"href":"https:\/\/zepaiva.com\/en\/wp-json\/wp\/v2\/categories?post=9417"},{"taxonomy":"post_tag","embeddable":true,"href":"https:\/\/zepaiva.com\/en\/wp-json\/wp\/v2\/tags?post=9417"}],"curies":[{"name":"wp","href":"https:\/\/api.w.org\/{rel}","templated":true}]}}