{"id":9449,"date":"2019-11-04T15:29:10","date_gmt":"2019-11-04T18:29:10","guid":{"rendered":"http:\/\/zepaiva.com\/?p=9449"},"modified":"2025-02-20T17:13:44","modified_gmt":"2025-02-20T17:13:44","slug":"expedicao-fotografica-santuario-das-aves-2020","status":"publish","type":"post","link":"https:\/\/zepaiva.com\/en\/expedicao-fotografica-santuario-das-aves-2020\/","title":{"rendered":"Expedi\u00e7\u00e3o Fotogr\u00e1fica Santu\u00e1rio das Aves 2021"},"content":{"rendered":"<figure class=\"wp-block-image size-large\"><img decoding=\"async\" src=\"https:\/\/zepaiva.com\/wp-content\/uploads\/2021\/09\/santuario-das-aves-2021-ultima-vaga.jpg?w=972\" alt=\"\" class=\"wp-image-10861\" \/><\/figure>\n\n\n<h4><strong>Uma aventura fotogr\u00e1fica em meio a revoadas de aves e paisagens inesquec\u00edveis!<\/strong><\/h4>\n<p class=\"p1\"><span class=\"s1\">Nossa expedi\u00e7\u00e3o acontecer\u00e1 na plan\u00edcie costeira situada entre a Lagoa dos Patos e o Oceano Atl\u00e2ntico, nos munic\u00edpios de Mostardas, Tavares e S\u00e3o Jos\u00e9 do Norte, entre dunas, banhados, lagoas, praias, florestas de restinga e antigos far\u00f3is, acompanhados de muitas aves.<\/span><\/p>\n<p><span class=\"s1\">Uma das grandes atra\u00e7\u00f5es da regi\u00e3o \u00e9 o Parque Nacional da Lagoa do Peixe, que abriga a lagoa hom\u00f4nima em seus 360 km\u00b2<\/span><span class=\"s1\"> . Este parque foi criado em 1986 e \u00e9 reconhecido como uma das \u00e1reas mais importantes da Am\u00e9rica Latina para as aves migrat\u00f3rias.<\/span><\/p>\n\n<p class=\"p1\"><span class=\"s1\">Por sua baixa profundidade (entre 10 e 60cm) e pela alta concentra\u00e7\u00e3o de moluscos, algas, caranguejos, siris, peixes e camar\u00f5es, a Lagoa do Peixe \u00e9 como um grande restaurante a c\u00e9u aberto para as aves. <\/span><\/p>\n<p class=\"p1\"><span class=\"s1\">Ela tem cerca de 35 quil\u00f4metros de extens\u00e3o e perto de 1,5 quil\u00f4metros de largura, estendendo-se paralela a praia oce\u00e2nica, entre cord\u00f5es de dunas e restinga nativa. Comunica-se com o oceano por uma barra que chega a ter 2 metros de profundidade.<\/span><\/p>\n<div id='gallery-2' class='gallery galleryid-9449 gallery-columns-3 gallery-size-thumbnail'><figure class='gallery-item'>\n\t\t\t<div class='gallery-icon portrait'>\n\t\t\t\t<a href='https:\/\/zepaiva.com\/en\/vista17d01973\/'><img decoding=\"async\" width=\"150\" height=\"150\" src=\"https:\/\/zepaiva.com\/wp-content\/uploads\/2018\/09\/vista17d01973-1-150x150.jpg\" class=\"attachment-thumbnail size-thumbnail\" alt=\"\" aria-describedby=\"gallery-2-4146\" srcset=\"https:\/\/zepaiva.com\/wp-content\/uploads\/2018\/09\/vista17d01973-1-150x150.jpg 150w, https:\/\/zepaiva.com\/wp-content\/uploads\/2018\/09\/vista17d01973-1-100x100.jpg 100w\" sizes=\"(max-width: 150px) 100vw, 150px\" \/><\/a>\n\t\t\t<\/div>\n\t\t\t\t<figcaption class='wp-caption-text gallery-caption' id='gallery-2-4146'>\n\t\t\t\tDunas do Talhamar &#8211; Tavares, Rio Grande do Sul &#8211; foto de Z\u00e9 Paiva &#8211; Vista Imagens\n\t\t\t\t<\/figcaption><\/figure><figure class='gallery-item'>\n\t\t\t<div class='gallery-icon landscape'>\n\t\t\t\t<a href='https:\/\/zepaiva.com\/en\/praia-do-lagamar-tavares-rio-grande-do-sul-foto-de-ze-paiva-vista-imagens-3\/'><img decoding=\"async\" width=\"150\" height=\"150\" src=\"https:\/\/zepaiva.com\/wp-content\/uploads\/2018\/09\/vista17d00916-1-150x150.jpg\" class=\"attachment-thumbnail size-thumbnail\" alt=\"\" aria-describedby=\"gallery-2-4145\" srcset=\"https:\/\/zepaiva.com\/wp-content\/uploads\/2018\/09\/vista17d00916-1-150x150.jpg 150w, https:\/\/zepaiva.com\/wp-content\/uploads\/2018\/09\/vista17d00916-1-100x100.jpg 100w\" sizes=\"(max-width: 150px) 100vw, 150px\" \/><\/a>\n\t\t\t<\/div>\n\t\t\t\t<figcaption class='wp-caption-text gallery-caption' id='gallery-2-4145'>\n\t\t\t\tRu\u00ednas na Praia do Lagamar &#8211; Tavares, Rio Grande do Sul &#8211; foto de Z\u00e9 Paiva &#8211; Vista Imagens\n\t\t\t\t<\/figcaption><\/figure>\n\t\t<\/div>\n\n<p class=\"p1\"><span class=\"s1\">J\u00e1 foram registradas 182 esp\u00e9cies de aves na lagoa, sendo 26 visitantes do hemisf\u00e9rio norte e 5 do hemisf\u00e9rio sul, entre elas o bel\u00edssimo flamingo, que vem do Chile e Argentina, e o ma\u00e7arico-do-papo-vermelho, que percorre milhares de quil\u00f4metros vindo da Am\u00e9rica do Norte.<\/span><\/p>\n<p>Outra atra\u00e7\u00e3o importante \u00e9 a Lagoa dos Patos, com suas praias, dunas, sambaquis e far\u00f3is centen\u00e1rios. A Lagoa dos Patos \u00e9 uma enorme laguna (a maior da Am\u00e9rica do Sul) de \u00e1gua salobra, pois comunica-se com o mar atrav\u00e9s da Barra de Rio Grande, e tem cerca de 265 quil\u00f4metros de extens\u00e3o e 60 de largura, com profundidade m\u00e1xima de 7 metros.<\/p>\n\n<p>Tamb\u00e9m iremos visitar o Ref\u00fagio de Vida Silvestre do Molhes de S\u00e3o Jos\u00e9 do Norte, que juntamente com o da Ilha dos Lobos em Torres RS, s\u00e3o os dois \u00fanicos locais de avistamento de le\u00f5es e lobos marinhos em mais de 8 mil quil\u00f4metros de litoral brasileiro. Os le\u00f5es-marinhos, que podem chegar a mais de 100 indiv\u00edduos em algumas \u00e9pocas do ano, pesam cerca de 350 quilos e podem chegar a quase 3 metros de comprimento.<\/p>\n<h3>Roteiro<\/h3>\n<p class=\"p1\"><b>1\u00ba dia &#8211; Sexta<\/b><b>-feira \u2013 8 de outubro<br \/><\/b><\/p>\n<p class=\"p1\">Chegada na cidade de Tavares RS e check in no Hotel Parque da Lagoa. Dia Livre.<\/p>\n<p class=\"p1\">18h &#8211; Roda de conversa e aula inaugural com o fot\u00f3grafo Z\u00e9 Paiva.<\/p>\n<p class=\"p1\">21h &#8211; Jantar.<\/p>\n<p class=\"p1\"><b>2\u00ba dia &#8211; S\u00e1bado <\/b><b>\u2013 9 de outubro<br \/><\/b><\/p>\n<p class=\"p1\">Ap\u00f3s caf\u00e9 da manh\u00e3 sa\u00edda para Lagoa do Peixe parte norte, Trilha do Talha-mar, dunas, praia oce\u00e2nica, Barra da Lagoa e Farol Mostardas. Almo\u00e7o em propriedade rural.<\/p>\n<p class=\"p1\">\u00c0 tarde parte sul da Lagoa do Peixe e Lagoa dos Patos, onde vamos andar pelas margens com paradas para contempla\u00e7\u00e3o, passando por Sambaquis e pelo Farol Cap\u00e3o da Marca. Final da tarde, ap\u00f3s o p\u00f4r-do-sol, retorno ao Hotel.<\/p>\n<p class=\"p1\">Jantar e roda de conversa.<\/p>\n<p class=\"p1\"><b>3\u00ba dia &#8211; Domingo<\/b><b> \u2013 10 de outubro<br \/><\/b><\/p>\n<p class=\"p1\">Ap\u00f3s caf\u00e9 da manh\u00e3 vamos pegar a estrada e, passando pela Vila do Bojuru, Praia do Barranco (vila de Pescadores) chegaremos \u00e0 cidade hist\u00f3rica de S\u00e3o Jos\u00e9 do Norte. Ap\u00f3s almo\u00e7o na praia de S\u00e3o Jos\u00e9 teremos visita\u00e7\u00e3o aos molhes da barra e avistagem de le\u00f5es marinhos no Ref\u00fagio de Vida Silvestre. Posteriormente visitaremos o Farol da Barra e retornaremos pela praia passando pela Barra do Estreito.<\/p>\n<p class=\"p1\">Jantar e roda de conversa.<\/p>\n<p class=\"p1\"><b>4\u00ba dia &#8211; Segunda-feira <\/b><b>\u2013 11 de outubro<br \/><\/b><\/p>\n<p class=\"p1\">Pela manh\u00e3 iremos visitar o Farol Cristov\u00e3o Pereira. Andaremos bons trechos nas margens da Lagoa dos Patos e estradas de areia. No retorno, iremos para o Balne\u00e1rio Mostardense, onde ser\u00e1 o nosso almo\u00e7o. \u00c0 tarde, faremos um pequeno tour na cidade de Mostardas, incluindo visita ao centro hist\u00f3rico onde \u00e9 produzido artesanato de miniaturas de aves e l\u00e3 de ovelha. No final de tarde iremos \u00e0s dunas de areia fotografar o p\u00f4r-do-sol e fazer uma pr\u00e1tica de fotografia noturna e light-painting.<\/p>\n<p class=\"p1\">Jantar e roda de conversa.<\/p>\n<p class=\"p1\"><b>5\u00ba dia &#8211;\u00a0 Ter\u00e7a-feira<\/b><b> \u2013 12 de outubro<br \/><\/b><\/p>\n<p class=\"p1\">Caf\u00e9 da manh\u00e3 e check-out. Fim dos nossos servi\u00e7os.<\/p>\n<h3>O que est\u00e1 inclu\u00eddo:<\/h3>\n<ul>\n<li>Orienta\u00e7\u00e3o fotogr\u00e1fica de Z\u00e9 Paiva.<\/li>\n<li>Guia especializado.<\/li>\n<li>Transporte para todos os tours em ve\u00edculos 4&#215;4.<\/li>\n<li>Hospedagem com caf\u00e9 da manh\u00e3 no <a href=\"http:\/\/www.hotelparquedalagoa.com.br\/web\/\" target=\"_blank\" rel=\"noopener\">Hotel Parque da Lagoa<\/a>.<\/li>\n<li>7 refei\u00e7\u00f5es (4 jantares e 3 almo\u00e7os).<\/li>\n<li><strong>Livro Expedi\u00e7\u00e3o Natureza Tocantins autografado para todos os inscritos!<\/strong><\/li>\n<\/ul>\n<h3>O que n\u00e3o est\u00e1 inclu\u00eddo:<\/h3>\n<ul>\n<li>Passagens a\u00e9reas e transfer de chegada e partida em Tavares.<\/li>\n<li>Gorjetas, bebidas e telefonemas.<\/li>\n<li>Seguros e demais servi\u00e7os n\u00e3o mencionados.<\/li>\n<\/ul>\n<figure id=\"attachment_4154\" aria-describedby=\"caption-attachment-4154\" style=\"width: 960px\" class=\"wp-caption alignnone\"><img fetchpriority=\"high\" decoding=\"async\" class=\"alignnone size-full wp-image-4154\" src=\"https:\/\/zepaiva.com\/wp-content\/uploads\/2018\/09\/pordosol.jpg\" alt=\"Um dos deslumbrantes pores de sol na Lagoa dos Patos.\" width=\"960\" height=\"437\" \/><figcaption id=\"caption-attachment-4154\" class=\"wp-caption-text\">Um dos deslumbrantes pores do sol na Lagoa dos Patos.<\/figcaption><\/figure>\n<h3>Inscri\u00e7\u00f5es:<\/h3>\n<h6 class=\"xmsonormal\"><strong>Pagamento por dep\u00f3sito banc\u00e1rio<\/strong><\/h6>\n<p class=\"xmsonormal\"><b>Total por pessoa em quarto duplo:<\/b>\u00a0R$ 2.626,00 \u00e0 vista em at\u00e9 7 dias ap\u00f3s a data da reserva ou at\u00e9 31\/08\/2021, o que ocorrer primeiro;<br \/><b>Ou:<\/b>\u00a0R$ 2.784,00 parcelado. A \u00faltima parcela deve der depositada at\u00e9 31\/08\/2021.<\/p>\n<p class=\"xmsonormal\"><b>Total por pessoa em quarto individual:<\/b>\u00a0R$ 2.837,00 \u00e0 vista em at\u00e9 7 dias ap\u00f3s a data da reserva ou at\u00e9 31\/08\/2021, o que ocorrer primeiro;<br \/><b>Ou:<\/b>\u00a0R$ 3.007,00 parcelado. A \u00faltima parcela deve der depositada at\u00e9 31\/08\/2021.<\/p>\n<h6 class=\"xmsonormal\">Pagamento com cart\u00e3o de cr\u00e9dito via paypal:<\/h6>\n<p class=\"xmsonormal\"><b>Total por pessoa em quarto duplo:<\/b>\u00a04 x R$ 722,00<\/p>\n<p class=\"xmsonormal\"><b>Total por pessoa em quarto individual:<\/b>\u00a04 x R$ 780,00<\/p>\n<p>\u00a0<\/p>\n<p class=\"xmsonormal\"><b>&gt; <\/b><strong>Prazo para inscri\u00e7\u00f5es: 30 de setembro de 2021.<\/strong><\/p>\n<h4><strong>\u00daLTIMA VAGA!<br \/><\/strong><\/h4>\n<p><strong>VAGAS LIMITADAS!<\/strong> Grupo m\u00e1ximo de 12 e m\u00ednimo de 6 pessoas.<br \/>Sa\u00edda com grupo menor garantida mediante valor adicional &#8211; consulte-nos!<\/p>\n<p><strong>Veja aqui como foram as outras expedi\u00e7\u00f5es em <a href=\"https:\/\/zepaiva.com\/en\/making-of-expedicao-santuario-das-aves\/\" target=\"_blank\" rel=\"noopener\">017<\/a> e <a href=\"http:\/\/zepaiva.com\/en\/making-of-da-expedicao-santuario-das-aves\/\" target=\"_blank\" rel=\"noopener\">018<\/a>.<\/strong><\/p>\n<p><a href=\"http:\/\/braziltrails.com\/pt-br\/registration\/\" target=\"_blank\" rel=\"noopener\"><img loading=\"lazy\" decoding=\"async\" class=\"alignnone size-full wp-image-4153\" src=\"https:\/\/zepaiva.com\/wp-content\/uploads\/2018\/09\/clique-aqui-reserva-novo-281.jpg\" alt=\"clique aqui - reserva NOVO-28\" width=\"772\" height=\"85\" \/><\/a><\/p>\n<p><a href=\"https:\/\/zepaiva.com\/wp-content\/uploads\/2018\/06\/equipe-31.jpg\"><img loading=\"lazy\" decoding=\"async\" class=\"wp-image-3913 alignleft\" src=\"https:\/\/zepaiva.com\/wp-content\/uploads\/2018\/06\/equipe-31.jpg?w=214\" alt=\"\" width=\"212\" height=\"297\" \/><\/a><strong>Fot\u00f3grafo Z\u00e9 Paiva<\/strong><\/p>\n<p>Trocou a engenharia pela fotografia em 1984 e desde ent\u00e3o viaja pelos quatro cantos do mundo criando imagens. \u00c9 p\u00f3s graduado em fotografia pela UNIVALI. J\u00e1 ensinou fotografia na ESPM, UDESC e FURB. Autor dos livros Expedi\u00e7\u00e3o Natureza Catarina, Natureza Ga\u00facha e Natureza Tocantins. Suas fotos foram selecionadas para a cole\u00e7\u00e3o Pirelli MASP em 2009. Em 2012 recebeu o Pr\u00eamio Marc Ferrez da FUNARTE.<\/p>\n<p>\u00a0<\/p>\n<h3>Contato:<\/h3>\n<p><strong>Renata Asprino<\/strong><br \/><strong>E-mail:<\/strong> <a href=\"mailto:renata@braziltrails.com\" target=\"_blank\" rel=\"noopener\">renata@braziltrails.com<\/a><br \/><strong>Phone:<\/strong> 48 3232 5747<br \/><strong>WhatsApp:<\/strong> <a href=\"http:\/\/api.whatsapp.com\/send?1=pt_BR&amp;phone=5548991274558\" target=\"_blank\" rel=\"noopener\">48 99127 4558<\/a>\u00a0\u00a0<img loading=\"lazy\" decoding=\"async\" class=\"alignnone wp-image-9470\" src=\"https:\/\/zepaiva.com\/wp-content\/uploads\/2019\/11\/whatsapp-2.png\" alt=\"whatsapp\" width=\"19\" height=\"19\" \/><\/p>\n<h3>Realiza\u00e7\u00e3o:<br \/><a href=\"http:\/\/braziltrails.com\/\" target=\"_blank\" rel=\"noopener\"><img loading=\"lazy\" decoding=\"async\" class=\"alignnone wp-image-3908 size-thumbnail\" src=\"https:\/\/zepaiva.com\/wp-content\/uploads\/2018\/06\/logos-28.jpg?w=150\" alt=\"\" width=\"150\" height=\"58\" \/><\/a>\u00a0 \u00a0 \u00a0 \u00a0\u00a0<a href=\"https:\/\/www.vistaimagens.com.br\/\" target=\"_blank\" rel=\"noopener\"><img loading=\"lazy\" decoding=\"async\" class=\"alignnone wp-image-3909 size-thumbnail\" src=\"https:\/\/zepaiva.com\/wp-content\/uploads\/2018\/06\/logos-29.jpg?w=150\" alt=\"\" width=\"150\" height=\"100\" \/><\/a><\/h3>\n<hr \/>\n<h3><a href=\"http:\/\/zepaiva.com\/en\/agenda\/cancelamento\/\" target=\"_blank\" rel=\"noopener\">Pol\u00edtica de cancelamentos: Veja aqui.<\/a><\/h3>\n\n\n<p><\/p>","protected":false},"excerpt":{"rendered":"<p>Uma aventura fotogr\u00e1fica em meio a revoadas de aves e paisagens inesquec\u00edveis! Nossa expedi\u00e7\u00e3o acontecer\u00e1 na plan\u00edcie costeira situada entre a Lagoa dos Patos e o Oceano Atl\u00e2ntico, nos munic\u00edpios de Mostardas, Tavares e S\u00e3o Jos\u00e9 do Norte, entre dunas, banhados, lagoas, praias, florestas de restinga e antigos far\u00f3is, acompanhados de muitas aves. Uma das &hellip; <a href=\"https:\/\/zepaiva.com\/en\/expedicao-fotografica-santuario-das-aves-2020\/\" class=\"more-link\">Continue reading <span class=\"screen-reader-text\">Expedi\u00e7\u00e3o Fotogr\u00e1fica Santu\u00e1rio das Aves 2021<\/span> <span class=\"meta-nav\">&rarr;<\/span><\/a><\/p>","protected":false},"author":1,"featured_media":9808,"comment_status":"open","ping_status":"open","sticky":false,"template":"","format":"standard","meta":{"_jetpack_memberships_contains_paid_content":false,"footnotes":""},"categories":[4],"tags":[66,67,68,147,198,203,221,333,356,361,366,369,408,435,445,457,468],"class_list":["post-9449","post","type-post","status-publish","format-standard","has-post-thumbnail","hentry","category-expedicoes","tag-aventura","tag-aves","tag-avifauna","tag-ecoturismo","tag-foto","tag-fotografia","tag-gaucha","tag-natureza","tag-parque","tag-parque-nacional-da-lagoa-do-peixe","tag-parques","tag-passaros","tag-rio-grande-do-sul","tag-tavares","tag-turismo","tag-viagem","tag-workshop"],"jetpack_featured_media_url":"","jetpack_sharing_enabled":true,"_links":{"self":[{"href":"https:\/\/zepaiva.com\/en\/wp-json\/wp\/v2\/posts\/9449","targetHints":{"allow":["GET"]}}],"collection":[{"href":"https:\/\/zepaiva.com\/en\/wp-json\/wp\/v2\/posts"}],"about":[{"href":"https:\/\/zepaiva.com\/en\/wp-json\/wp\/v2\/types\/post"}],"author":[{"embeddable":true,"href":"https:\/\/zepaiva.com\/en\/wp-json\/wp\/v2\/users\/1"}],"replies":[{"embeddable":true,"href":"https:\/\/zepaiva.com\/en\/wp-json\/wp\/v2\/comments?post=9449"}],"version-history":[{"count":2,"href":"https:\/\/zepaiva.com\/en\/wp-json\/wp\/v2\/posts\/9449\/revisions"}],"predecessor-version":[{"id":16355,"href":"https:\/\/zepaiva.com\/en\/wp-json\/wp\/v2\/posts\/9449\/revisions\/16355"}],"wp:featuredmedia":[{"embeddable":true,"href":"https:\/\/zepaiva.com\/en\/wp-json\/"}],"wp:attachment":[{"href":"https:\/\/zepaiva.com\/en\/wp-json\/wp\/v2\/media?parent=9449"}],"wp:term":[{"taxonomy":"category","embeddable":true,"href":"https:\/\/zepaiva.com\/en\/wp-json\/wp\/v2\/categories?post=9449"},{"taxonomy":"post_tag","embeddable":true,"href":"https:\/\/zepaiva.com\/en\/wp-json\/wp\/v2\/tags?post=9449"}],"curies":[{"name":"wp","href":"https:\/\/api.w.org\/{rel}","templated":true}]}}