{"id":9624,"date":"2020-02-26T19:53:01","date_gmt":"2020-02-26T22:53:01","guid":{"rendered":"http:\/\/zepaiva.com\/?p=9624"},"modified":"2025-02-20T17:28:36","modified_gmt":"2025-02-20T17:28:36","slug":"fotografia-fine-art","status":"publish","type":"post","link":"https:\/\/zepaiva.com\/en\/fotografia-fine-art\/","title":{"rendered":"Fotografia fine art"},"content":{"rendered":"<figure id=\"attachment_9631\" aria-describedby=\"caption-attachment-9631\" style=\"width: 736px\" class=\"wp-caption alignleft\"><img fetchpriority=\"high\" decoding=\"async\" class=\"wp-image-9631 size-large\" src=\"https:\/\/zepaiva.com\/wp-content\/uploads\/2020\/02\/whatsapp-image-2020-02-21-at-12.20.54.jpg?w=736\" alt=\"\" width=\"736\" height=\"736\" \/><figcaption id=\"caption-attachment-9631\" class=\"wp-caption-text\">Loja da Florense M\u00f3veis em Florian\u00f3polis SC<\/figcaption><\/figure>\n<p>Fotografia <em>fine art photographs<\/em> ainda \u00e9 um termo pouco conhecido de boa parte do p\u00fablico que aprecia arte no Brasil mas que aos poucos est\u00e1 criando o seu mercado. Um dos pioneiros deste tipo de fotografia foi Alfred Stieglitz, que juntamente com outro grande fot\u00f3grafo americano chamado Edward Steichen, fundou a primeira galeria de fotografia nos Estados Unidos, a <a href=\"http:\/\/enciclopedia.itaucultural.org.br\/termo3818\/photo-secession\" target=\"_blank\" rel=\"noopener\">291<\/a>, em Nova Iorque. Criada em 1905 com o nome de <em>Little Galleries of the Photo-Secession<\/em>, mudou o nome para <strong>291<\/strong>\u00a0em 1908 e durou at\u00e9 1917. O objetivo principal deles era elevar a fotografia ao n\u00edvel da arte, pois na \u00e9poca n\u00e3o era considerada assim.<\/p>\n<p>Edward Steichen foi depois diretor no <a href=\"https:\/\/www.moma.org\/\" target=\"_blank\" rel=\"noopener\">MoMA<\/a>, o Museu de Arte Moderna, em Nova Iorque, onde, em 1955, organizou a primeira grande exposi\u00e7\u00e3o de fotografia desta casa: <em>The Family of Man<\/em>. Depois disso v\u00e1rios fot\u00f3grafos americanos tiveram sucesso vendendo seu trabalho como arte, entre eles os conhecidos Ansel Adams e Edward Weston. Por este motivo hoje em dia os Estados Unidos tem uma cultura em torno da fotografia fine art, como galerias especializadas, exposi\u00e7\u00f5es em museus e consequentemente todo um mercado em torno disso.<\/p>\n<p>No Brasil ainda \u00e9 muito recente a valoriza\u00e7\u00e3o da fotografia como<em> fine art.<\/em> J\u00e1 existem algumas galerias especializadas em S\u00e3o Paulo e outras capitais, e outras galerias que vendem fotografias entre outras obras de arte. Mas afinal o que seria fotografia <em>fine art photographs<\/em>? Basicamente \u00e9 a fotografia tratada como obra de arte. Para isso deve ter um conte\u00fado autoral, ou seja, n\u00e3o ter um objetivo puramente comercial ou informativo (o que \u00e9 um pouco vago e poderia ser assunto para outro artigo). Al\u00e9m disso normalmente as fotografias <em>fine art photographs<\/em> s\u00e3o impressas e emolduradas seguindo padr\u00f5es museol\u00f3gicos para possam durar mais de 100 anos. Na maioria das vezes s\u00e3o impressas em papel 100% algod\u00e3o com Ph neutro e pigmentos minerais. Al\u00e9m disso as obras s\u00e3o assinadas e ganham um certificado de autenticidade que atesta quem \u00e9 o autor, o impressor, a data e outras informa\u00e7\u00f5es.<\/p>\n<p>H\u00e1 alguns anos j\u00e1 venho me dedicando a este mercado e hoje em dia vendo obras para decorar ambientes residenciais e comerciais. Recentemente tive a alegria de ter duas obras vendidas (uma delas da s\u00e9rie <a href=\"https:\/\/zepaiva.com\/en\/o-somsilencio-vai-a-blumenau\/\" target=\"_blank\" rel=\"noopener\">O Somsil\u00eancio da Imagem<\/a>) para o novo showroom da <a href=\"http:\/\/www.florense.com.br\/pt\" target=\"_blank\" rel=\"noopener\">Florense<\/a> em Florian\u00f3polis. A loja foi toda redesenhada pelo renomado designer <a href=\"https:\/\/www.instagram.com\/aldiflosi\/?hl=pt-br\" target=\"_blank\" rel=\"noopener\">Aldi Flosi<\/a> e ganhou ares de instala\u00e7\u00e3o de arte, tamanha a qualidade do projeto conceitual. Em 2019 tamb\u00e9m tive tr\u00eas obras adquiridas pela <a href=\"https:\/\/ceof.com.br\/\" target=\"_blank\" rel=\"noopener\">CEOF<\/a> &#8211; cl\u00ednica de oncologia em Florian\u00f3polis &#8211; atrav\u00e9s da galeria <a href=\"http:\/\/www.helenafretta.com.br\/\" target=\"_blank\" rel=\"noopener\">Helena Fretta<\/a>. Esse \u00e9 outro espa\u00e7o que parece uma galeria, pois o propriet\u00e1rio \u00e9 um dos maiores colecionadores de arte de Santa Catarina e exp\u00f5e no local muitas de suas obras.<\/p>","protected":false},"excerpt":{"rendered":"<p>Fotografia fine art ainda \u00e9 um termo pouco conhecido de boa parte do p\u00fablico que aprecia arte no Brasil mas que aos poucos est\u00e1 criando o seu mercado. Um dos pioneiros deste tipo de fotografia foi Alfred Stieglitz, que juntamente com outro grande fot\u00f3grafo americano chamado Edward Steichen, fundou a primeira galeria de fotografia nos &hellip; <a href=\"https:\/\/zepaiva.com\/en\/fotografia-fine-art\/\" class=\"more-link\">Continue reading <span class=\"screen-reader-text\">Fotografia fine art<\/span> <span class=\"meta-nav\">&rarr;<\/span><\/a><\/p>","protected":false},"author":1,"featured_media":9631,"comment_status":"open","ping_status":"open","sticky":false,"template":"","format":"standard","meta":{"_jetpack_memberships_contains_paid_content":false,"footnotes":""},"categories":[5],"tags":[52,135,168,186,190,198,203,208,333,413],"class_list":["post-9624","post","type-post","status-publish","format-standard","has-post-thumbnail","hentry","category-exposicoes","tag-arquitetura-de-interiores","tag-decoracao","tag-exposicao","tag-fine-art","tag-florianopolis","tag-foto","tag-fotografia","tag-fotografia-fine-art","tag-natureza","tag-santa-catarina"],"jetpack_featured_media_url":"","jetpack_sharing_enabled":true,"_links":{"self":[{"href":"https:\/\/zepaiva.com\/en\/wp-json\/wp\/v2\/posts\/9624","targetHints":{"allow":["GET"]}}],"collection":[{"href":"https:\/\/zepaiva.com\/en\/wp-json\/wp\/v2\/posts"}],"about":[{"href":"https:\/\/zepaiva.com\/en\/wp-json\/wp\/v2\/types\/post"}],"author":[{"embeddable":true,"href":"https:\/\/zepaiva.com\/en\/wp-json\/wp\/v2\/users\/1"}],"replies":[{"embeddable":true,"href":"https:\/\/zepaiva.com\/en\/wp-json\/wp\/v2\/comments?post=9624"}],"version-history":[{"count":1,"href":"https:\/\/zepaiva.com\/en\/wp-json\/wp\/v2\/posts\/9624\/revisions"}],"predecessor-version":[{"id":16396,"href":"https:\/\/zepaiva.com\/en\/wp-json\/wp\/v2\/posts\/9624\/revisions\/16396"}],"wp:featuredmedia":[{"embeddable":true,"href":"https:\/\/zepaiva.com\/en\/wp-json\/"}],"wp:attachment":[{"href":"https:\/\/zepaiva.com\/en\/wp-json\/wp\/v2\/media?parent=9624"}],"wp:term":[{"taxonomy":"category","embeddable":true,"href":"https:\/\/zepaiva.com\/en\/wp-json\/wp\/v2\/categories?post=9624"},{"taxonomy":"post_tag","embeddable":true,"href":"https:\/\/zepaiva.com\/en\/wp-json\/wp\/v2\/tags?post=9624"}],"curies":[{"name":"wp","href":"https:\/\/api.w.org\/{rel}","templated":true}]}}